{"id":37679,"date":"2025-09-11T12:00:00","date_gmt":"2025-09-11T16:00:00","guid":{"rendered":"https:\/\/www.fbdm-mcaf.ca\/?p=37679"},"modified":"2025-09-11T12:04:37","modified_gmt":"2025-09-11T16:04:37","slug":"2025-bedelys-independent-submissions-now-open","status":"publish","type":"post","link":"https:\/\/www.fbdm-mcaf.ca\/en\/univers-bd\/babillard\/annonces-en\/2025-bedelys-independent-submissions-now-open\/","title":{"rendered":"2025 B\u00e9d\u00e9lys Independent Submissions Now Open"},"content":{"rendered":"\n<p>Every year, the B\u00e9d\u00e9lys Awards celebrate the best self-published comic books in Quebec, in both French and English. This is an opportunity to honor independent comics: unique and bold works that reflect the creativity of local literature.<\/p>\n\n\n\n<p>This is why the Montreal Comic Arts Festival believes in the importance of presenting these artists in its programming and highlighting their work through the B\u00e9d\u00e9lys awards.<\/p>\n\n\n\n<h3 class=\"wp-block-heading\"><strong>B\u00e9d\u00e9lys Independent<\/strong><\/h3>\n\n\n\n<p>The B\u00e9d\u00e9lys Independent Awards (Francophone and Anglophone) recognize the best self-published comics in Quebec. Each of these prizes comes with<\/p>\n\n\n\n<ul class=\"wp-block-list\">\n<li>a $1,000 grant<\/li>\n\n\n\n<li>a shared table at the next Festival<\/li>\n<\/ul>\n\n\n\n<h4 class=\"wp-block-heading\"><strong>Selection Criteria<\/strong><\/h4>\n\n\n\n<ul class=\"wp-block-list\">\n<li>Francophone or Anglophone self-published comics in 2025<\/li>\n\n\n\n<li>Quebec resident artist<\/li>\n\n\n\n<li>A print version must exist, webcomics that are not published in print will not be eligible<\/li>\n\n\n\n<li>No artwork generated in whole or in parts by Artificial Intelligence (AI) is accepted<\/li>\n<\/ul>\n\n\n\n<p>A jury composed of readers who work in the book industry will evaluate the comics received based on the artistic quality, writing and originality of the work.<\/p>\n\n\n\n<h2 class=\"wp-block-heading\"><strong>Submit Your Application<\/strong><\/h2>\n\n\n\n<p>To participate, you must <strong>fill out <\/strong><a href=\"https:\/\/form.zonefestival.com\/?k=fbdm_x1ls\" target=\"_blank\" rel=\"noreferrer noopener\"><strong>the online form<\/strong><\/a><strong> and submit your work in two copies<\/strong>.\u00a0<\/p>\n\n\n\n<p>You can send or leave an envelope with the name of the B\u00e9d\u00e9lys Awards at one of the following addresses:<\/p>\n\n\n\n<p><strong>By mail, to MCAF\u2019s office<\/strong> &#8211; 4452 Saint-Denis St, #402, Montreal, H2J 2L1<\/p>\n\n\n\n<p><strong>In person, at one of our partner bookstores:<\/strong><\/p>\n\n\n\n<ul class=\"wp-block-list\">\n<li><strong>Crossover Comics <\/strong>&#8211; 3560 Notre-Dame St West, Montreal, H4C 1P4<\/li>\n\n\n\n<li><strong>Drawn &amp; Quarterly Bookstore<\/strong> &#8211; 176 Bernard St West, Montreal, H2T 2K2<\/li>\n\n\n\n<li><strong>L&#8217;Eugu\u00e9lionne, Feminist Bookstore<\/strong> &#8211; 1426 Beaudry St, Montreal, H2L 3E5<\/li>\n\n\n\n<li><strong>n&#8217;\u00e9tait-ce pas l&#8217;\u00e9t\u00e9 Bookstore<\/strong> &#8211; 6792 Saint-Laurent Bd, Montreal, H2S 3C7<\/li>\n\n\n\n<li><strong>Plan\u00e8te BD Bookstore<\/strong> &#8211; 4077 Saint-Denis St, Montreal, H2W 2M7<\/li>\n<\/ul>\n\n\n\n<h4 class=\"wp-block-heading\"><strong>You have until Sunday, January 4, 2026 at 11:59pm to participate.<\/strong><\/h4>\n\n\n\n<p>If you have any questions, please write to <strong><a href=\"mailto:bedelys@fbdm-mcaf.ca\">bedelys@fbdm-mcaf.ca<\/a><\/strong>.<\/p>\n\n\n\n<p>We look forward to reading you!<\/p>\n","protected":false},"excerpt":{"rendered":"<p class=\"post-excerpt\">\n<p>Every year, the B\u00e9d\u00e9lys Awards celebrate the best self-published comic books in Quebec, in both French and English. This is an opportunity to honor independent comics: unique and bold works that reflect the creativity of local literature.<\/p>\n<p>This is why the Montreal Comic Arts Festival believes in the importance of presenting these artists in its programming and highlighting their work through the B\u00e9d\u00e9lys awards.<\/p>\n<p>&#8230;<\/p>\n<p><a class=\"post-learn-more\" href=\"https:\/\/www.fbdm-mcaf.ca\/en\/univers-bd\/babillard\/annonces-en\/2025-bedelys-independent-submissions-now-open\/\">Read more<span>&nbsp;><\/span><\/a><\/p><\/p>\n","protected":false},"author":18,"featured_media":37677,"comment_status":"closed","ping_status":"closed","sticky":false,"template":"","format":"standard","meta":{"_acf_changed":false,"_price":"","_stock":"","_tribe_ticket_header":"","_tribe_default_ticket_provider":"","_tribe_ticket_capacity":"0","_ticket_start_date":"","_ticket_end_date":"","_tribe_ticket_show_description":"","_tribe_ticket_show_not_going":false,"_tribe_ticket_use_global_stock":"","_tribe_ticket_global_stock_level":"","_global_stock_mode":"","_global_stock_cap":"","_tribe_rsvp_for_event":"","_tribe_ticket_going_count":"","_tribe_ticket_not_going_count":"","_tribe_tickets_list":"[]","_tribe_ticket_has_attendee_info_fields":false,"footnotes":""},"categories":[124,83],"tags":[],"class_list":["post-37679","post","type-post","status-publish","format-standard","has-post-thumbnail","hentry","category-annonces-en","category-news"],"acf":[],"yoast_head":"<!-- This site is optimized with the Yoast SEO plugin v27.5 - https:\/\/yoast.com\/product\/yoast-seo-wordpress\/ -->\n<title>2025 B\u00e9d\u00e9lys Independent Submissions Now Open &#8226; MCAF<\/title>\n<meta name=\"robots\" content=\"index, follow, max-snippet:-1, max-image-preview:large, max-video-preview:-1\" \/>\n<link rel=\"canonical\" href=\"https:\/\/www.fbdm-mcaf.ca\/en\/univers-bd\/babillard\/annonces-en\/2025-bedelys-independent-submissions-now-open\/\" \/>\n<meta property=\"og:locale\" content=\"en_US\" \/>\n<meta property=\"og:type\" content=\"article\" \/>\n<meta property=\"og:title\" content=\"2025 B\u00e9d\u00e9lys Independent Submissions Now Open &#8226; MCAF\" \/>\n<meta property=\"og:description\" content=\"Every year, the B\u00e9d\u00e9lys Awards celebrate the best self-published comic books in Quebec, in both French and English. This is an opportunity to honor independent comics: unique and bold works that reflect the creativity of local literature.  This is why the Montreal Comic Arts Festival believes in the importance of presenting these artists in its programming and highlighting their work through the B\u00e9d\u00e9lys awards....Read more&nbsp;&gt;\" \/>\n<meta property=\"og:url\" content=\"https:\/\/www.fbdm-mcaf.ca\/en\/univers-bd\/babillard\/annonces-en\/2025-bedelys-independent-submissions-now-open\/\" \/>\n<meta property=\"og:site_name\" content=\"MCAF\" \/>\n<meta property=\"article:publisher\" content=\"https:\/\/www.facebook.com\/FestivalBDMontreal\/\" \/>\n<meta property=\"article:published_time\" content=\"2025-09-11T16:00:00+00:00\" \/>\n<meta property=\"article:modified_time\" content=\"2025-09-11T16:04:37+00:00\" \/>\n<meta property=\"og:image\" content=\"https:\/\/www.fbdm-mcaf.ca\/wp-content\/uploads\/Bandeau_Site_internet_Bedelys.jpg\" \/>\n\t<meta property=\"og:image:width\" content=\"1200\" \/>\n\t<meta property=\"og:image:height\" content=\"400\" \/>\n\t<meta property=\"og:image:type\" content=\"image\/jpeg\" \/>\n<meta name=\"author\" content=\"Marc-Antoine L\u00e9vesque\" \/>\n<meta name=\"twitter:card\" content=\"summary_large_image\" \/>\n<meta name=\"twitter:creator\" content=\"@fbdm_mtl\" \/>\n<meta name=\"twitter:site\" content=\"@fbdm_mtl\" \/>\n<meta name=\"twitter:label1\" content=\"Written by\" \/>\n\t<meta name=\"twitter:data1\" content=\"Marc-Antoine L\u00e9vesque\" \/>\n\t<meta name=\"twitter:label2\" content=\"Est. reading time\" \/>\n\t<meta name=\"twitter:data2\" content=\"2 minutes\" \/>\n<script type=\"application\/ld+json\" class=\"yoast-schema-graph\">{\"@context\":\"https:\\\/\\\/schema.org\",\"@graph\":[{\"@type\":\"Article\",\"@id\":\"https:\\\/\\\/www.fbdm-mcaf.ca\\\/en\\\/univers-bd\\\/babillard\\\/annonces-en\\\/2025-bedelys-independent-submissions-now-open\\\/#article\",\"isPartOf\":{\"@id\":\"https:\\\/\\\/www.fbdm-mcaf.ca\\\/en\\\/univers-bd\\\/babillard\\\/annonces-en\\\/2025-bedelys-independent-submissions-now-open\\\/\"},\"author\":{\"name\":\"Marc-Antoine L\u00e9vesque\",\"@id\":\"https:\\\/\\\/www.fbdm-mcaf.ca\\\/en\\\/#\\\/schema\\\/person\\\/23ffdaf0b973906b2da1709fe424a3a9\"},\"headline\":\"2025 B\u00e9d\u00e9lys Independent Submissions Now Open\",\"datePublished\":\"2025-09-11T16:00:00+00:00\",\"dateModified\":\"2025-09-11T16:04:37+00:00\",\"mainEntityOfPage\":{\"@id\":\"https:\\\/\\\/www.fbdm-mcaf.ca\\\/en\\\/univers-bd\\\/babillard\\\/annonces-en\\\/2025-bedelys-independent-submissions-now-open\\\/\"},\"wordCount\":324,\"image\":{\"@id\":\"https:\\\/\\\/www.fbdm-mcaf.ca\\\/en\\\/univers-bd\\\/babillard\\\/annonces-en\\\/2025-bedelys-independent-submissions-now-open\\\/#primaryimage\"},\"thumbnailUrl\":\"https:\\\/\\\/www.fbdm-mcaf.ca\\\/wp-content\\\/uploads\\\/Bandeau_Site_internet_Bedelys.jpg\",\"articleSection\":[\"Annonces\",\"News\"],\"inLanguage\":\"en-US\"},{\"@type\":\"WebPage\",\"@id\":\"https:\\\/\\\/www.fbdm-mcaf.ca\\\/en\\\/univers-bd\\\/babillard\\\/annonces-en\\\/2025-bedelys-independent-submissions-now-open\\\/\",\"url\":\"https:\\\/\\\/www.fbdm-mcaf.ca\\\/en\\\/univers-bd\\\/babillard\\\/annonces-en\\\/2025-bedelys-independent-submissions-now-open\\\/\",\"name\":\"2025 B\u00e9d\u00e9lys Independent Submissions Now Open &#8226; MCAF\",\"isPartOf\":{\"@id\":\"https:\\\/\\\/www.fbdm-mcaf.ca\\\/en\\\/#website\"},\"primaryImageOfPage\":{\"@id\":\"https:\\\/\\\/www.fbdm-mcaf.ca\\\/en\\\/univers-bd\\\/babillard\\\/annonces-en\\\/2025-bedelys-independent-submissions-now-open\\\/#primaryimage\"},\"image\":{\"@id\":\"https:\\\/\\\/www.fbdm-mcaf.ca\\\/en\\\/univers-bd\\\/babillard\\\/annonces-en\\\/2025-bedelys-independent-submissions-now-open\\\/#primaryimage\"},\"thumbnailUrl\":\"https:\\\/\\\/www.fbdm-mcaf.ca\\\/wp-content\\\/uploads\\\/Bandeau_Site_internet_Bedelys.jpg\",\"datePublished\":\"2025-09-11T16:00:00+00:00\",\"dateModified\":\"2025-09-11T16:04:37+00:00\",\"author\":{\"@id\":\"https:\\\/\\\/www.fbdm-mcaf.ca\\\/en\\\/#\\\/schema\\\/person\\\/23ffdaf0b973906b2da1709fe424a3a9\"},\"breadcrumb\":{\"@id\":\"https:\\\/\\\/www.fbdm-mcaf.ca\\\/en\\\/univers-bd\\\/babillard\\\/annonces-en\\\/2025-bedelys-independent-submissions-now-open\\\/#breadcrumb\"},\"inLanguage\":\"en-US\",\"potentialAction\":[{\"@type\":\"ReadAction\",\"target\":[\"https:\\\/\\\/www.fbdm-mcaf.ca\\\/en\\\/univers-bd\\\/babillard\\\/annonces-en\\\/2025-bedelys-independent-submissions-now-open\\\/\"]}]},{\"@type\":\"ImageObject\",\"inLanguage\":\"en-US\",\"@id\":\"https:\\\/\\\/www.fbdm-mcaf.ca\\\/en\\\/univers-bd\\\/babillard\\\/annonces-en\\\/2025-bedelys-independent-submissions-now-open\\\/#primaryimage\",\"url\":\"https:\\\/\\\/www.fbdm-mcaf.ca\\\/wp-content\\\/uploads\\\/Bandeau_Site_internet_Bedelys.jpg\",\"contentUrl\":\"https:\\\/\\\/www.fbdm-mcaf.ca\\\/wp-content\\\/uploads\\\/Bandeau_Site_internet_Bedelys.jpg\",\"width\":1200,\"height\":400},{\"@type\":\"BreadcrumbList\",\"@id\":\"https:\\\/\\\/www.fbdm-mcaf.ca\\\/en\\\/univers-bd\\\/babillard\\\/annonces-en\\\/2025-bedelys-independent-submissions-now-open\\\/#breadcrumb\",\"itemListElement\":[{\"@type\":\"ListItem\",\"position\":1,\"name\":\"Home\",\"item\":\"https:\\\/\\\/www.fbdm-mcaf.ca\\\/en\\\/\"},{\"@type\":\"ListItem\",\"position\":2,\"name\":\"2025 B\u00e9d\u00e9lys Independent Submissions Now Open\"}]},{\"@type\":\"WebSite\",\"@id\":\"https:\\\/\\\/www.fbdm-mcaf.ca\\\/en\\\/#website\",\"url\":\"https:\\\/\\\/www.fbdm-mcaf.ca\\\/en\\\/\",\"name\":\"MCAF\",\"description\":\"Montreal Comic Arts Festival\",\"potentialAction\":[{\"@type\":\"SearchAction\",\"target\":{\"@type\":\"EntryPoint\",\"urlTemplate\":\"https:\\\/\\\/www.fbdm-mcaf.ca\\\/en\\\/?s={search_term_string}\"},\"query-input\":{\"@type\":\"PropertyValueSpecification\",\"valueRequired\":true,\"valueName\":\"search_term_string\"}}],\"inLanguage\":\"en-US\"},{\"@type\":\"Person\",\"@id\":\"https:\\\/\\\/www.fbdm-mcaf.ca\\\/en\\\/#\\\/schema\\\/person\\\/23ffdaf0b973906b2da1709fe424a3a9\",\"name\":\"Marc-Antoine L\u00e9vesque\",\"image\":{\"@type\":\"ImageObject\",\"inLanguage\":\"en-US\",\"@id\":\"https:\\\/\\\/secure.gravatar.com\\\/avatar\\\/853d7ccc3db018bad9f276cb5cabad606157874f41ace41a7ba31b39d66c64a5?s=96&d=mm&r=g\",\"url\":\"https:\\\/\\\/secure.gravatar.com\\\/avatar\\\/853d7ccc3db018bad9f276cb5cabad606157874f41ace41a7ba31b39d66c64a5?s=96&d=mm&r=g\",\"contentUrl\":\"https:\\\/\\\/secure.gravatar.com\\\/avatar\\\/853d7ccc3db018bad9f276cb5cabad606157874f41ace41a7ba31b39d66c64a5?s=96&d=mm&r=g\",\"caption\":\"Marc-Antoine L\u00e9vesque\"}}]}<\/script>\n<!-- \/ Yoast SEO plugin. -->","yoast_head_json":{"title":"2025 B\u00e9d\u00e9lys Independent Submissions Now Open &#8226; MCAF","robots":{"index":"index","follow":"follow","max-snippet":"max-snippet:-1","max-image-preview":"max-image-preview:large","max-video-preview":"max-video-preview:-1"},"canonical":"https:\/\/www.fbdm-mcaf.ca\/en\/univers-bd\/babillard\/annonces-en\/2025-bedelys-independent-submissions-now-open\/","og_locale":"en_US","og_type":"article","og_title":"2025 B\u00e9d\u00e9lys Independent Submissions Now Open &#8226; MCAF","og_description":"Every year, the B\u00e9d\u00e9lys Awards celebrate the best self-published comic books in Quebec, in both French and English. This is an opportunity to honor independent comics: unique and bold works that reflect the creativity of local literature.  This is why the Montreal Comic Arts Festival believes in the importance of presenting these artists in its programming and highlighting their work through the B\u00e9d\u00e9lys awards....Read more&nbsp;>","og_url":"https:\/\/www.fbdm-mcaf.ca\/en\/univers-bd\/babillard\/annonces-en\/2025-bedelys-independent-submissions-now-open\/","og_site_name":"MCAF","article_publisher":"https:\/\/www.facebook.com\/FestivalBDMontreal\/","article_published_time":"2025-09-11T16:00:00+00:00","article_modified_time":"2025-09-11T16:04:37+00:00","og_image":[{"width":1200,"height":400,"url":"https:\/\/www.fbdm-mcaf.ca\/wp-content\/uploads\/Bandeau_Site_internet_Bedelys.jpg","type":"image\/jpeg"}],"author":"Marc-Antoine L\u00e9vesque","twitter_card":"summary_large_image","twitter_creator":"@fbdm_mtl","twitter_site":"@fbdm_mtl","twitter_misc":{"Written by":"Marc-Antoine L\u00e9vesque","Est. reading time":"2 minutes"},"schema":{"@context":"https:\/\/schema.org","@graph":[{"@type":"Article","@id":"https:\/\/www.fbdm-mcaf.ca\/en\/univers-bd\/babillard\/annonces-en\/2025-bedelys-independent-submissions-now-open\/#article","isPartOf":{"@id":"https:\/\/www.fbdm-mcaf.ca\/en\/univers-bd\/babillard\/annonces-en\/2025-bedelys-independent-submissions-now-open\/"},"author":{"name":"Marc-Antoine L\u00e9vesque","@id":"https:\/\/www.fbdm-mcaf.ca\/en\/#\/schema\/person\/23ffdaf0b973906b2da1709fe424a3a9"},"headline":"2025 B\u00e9d\u00e9lys Independent Submissions Now Open","datePublished":"2025-09-11T16:00:00+00:00","dateModified":"2025-09-11T16:04:37+00:00","mainEntityOfPage":{"@id":"https:\/\/www.fbdm-mcaf.ca\/en\/univers-bd\/babillard\/annonces-en\/2025-bedelys-independent-submissions-now-open\/"},"wordCount":324,"image":{"@id":"https:\/\/www.fbdm-mcaf.ca\/en\/univers-bd\/babillard\/annonces-en\/2025-bedelys-independent-submissions-now-open\/#primaryimage"},"thumbnailUrl":"https:\/\/www.fbdm-mcaf.ca\/wp-content\/uploads\/Bandeau_Site_internet_Bedelys.jpg","articleSection":["Annonces","News"],"inLanguage":"en-US"},{"@type":"WebPage","@id":"https:\/\/www.fbdm-mcaf.ca\/en\/univers-bd\/babillard\/annonces-en\/2025-bedelys-independent-submissions-now-open\/","url":"https:\/\/www.fbdm-mcaf.ca\/en\/univers-bd\/babillard\/annonces-en\/2025-bedelys-independent-submissions-now-open\/","name":"2025 B\u00e9d\u00e9lys Independent Submissions Now Open &#8226; MCAF","isPartOf":{"@id":"https:\/\/www.fbdm-mcaf.ca\/en\/#website"},"primaryImageOfPage":{"@id":"https:\/\/www.fbdm-mcaf.ca\/en\/univers-bd\/babillard\/annonces-en\/2025-bedelys-independent-submissions-now-open\/#primaryimage"},"image":{"@id":"https:\/\/www.fbdm-mcaf.ca\/en\/univers-bd\/babillard\/annonces-en\/2025-bedelys-independent-submissions-now-open\/#primaryimage"},"thumbnailUrl":"https:\/\/www.fbdm-mcaf.ca\/wp-content\/uploads\/Bandeau_Site_internet_Bedelys.jpg","datePublished":"2025-09-11T16:00:00+00:00","dateModified":"2025-09-11T16:04:37+00:00","author":{"@id":"https:\/\/www.fbdm-mcaf.ca\/en\/#\/schema\/person\/23ffdaf0b973906b2da1709fe424a3a9"},"breadcrumb":{"@id":"https:\/\/www.fbdm-mcaf.ca\/en\/univers-bd\/babillard\/annonces-en\/2025-bedelys-independent-submissions-now-open\/#breadcrumb"},"inLanguage":"en-US","potentialAction":[{"@type":"ReadAction","target":["https:\/\/www.fbdm-mcaf.ca\/en\/univers-bd\/babillard\/annonces-en\/2025-bedelys-independent-submissions-now-open\/"]}]},{"@type":"ImageObject","inLanguage":"en-US","@id":"https:\/\/www.fbdm-mcaf.ca\/en\/univers-bd\/babillard\/annonces-en\/2025-bedelys-independent-submissions-now-open\/#primaryimage","url":"https:\/\/www.fbdm-mcaf.ca\/wp-content\/uploads\/Bandeau_Site_internet_Bedelys.jpg","contentUrl":"https:\/\/www.fbdm-mcaf.ca\/wp-content\/uploads\/Bandeau_Site_internet_Bedelys.jpg","width":1200,"height":400},{"@type":"BreadcrumbList","@id":"https:\/\/www.fbdm-mcaf.ca\/en\/univers-bd\/babillard\/annonces-en\/2025-bedelys-independent-submissions-now-open\/#breadcrumb","itemListElement":[{"@type":"ListItem","position":1,"name":"Home","item":"https:\/\/www.fbdm-mcaf.ca\/en\/"},{"@type":"ListItem","position":2,"name":"2025 B\u00e9d\u00e9lys Independent Submissions Now Open"}]},{"@type":"WebSite","@id":"https:\/\/www.fbdm-mcaf.ca\/en\/#website","url":"https:\/\/www.fbdm-mcaf.ca\/en\/","name":"MCAF","description":"Montreal Comic Arts Festival","potentialAction":[{"@type":"SearchAction","target":{"@type":"EntryPoint","urlTemplate":"https:\/\/www.fbdm-mcaf.ca\/en\/?s={search_term_string}"},"query-input":{"@type":"PropertyValueSpecification","valueRequired":true,"valueName":"search_term_string"}}],"inLanguage":"en-US"},{"@type":"Person","@id":"https:\/\/www.fbdm-mcaf.ca\/en\/#\/schema\/person\/23ffdaf0b973906b2da1709fe424a3a9","name":"Marc-Antoine L\u00e9vesque","image":{"@type":"ImageObject","inLanguage":"en-US","@id":"https:\/\/secure.gravatar.com\/avatar\/853d7ccc3db018bad9f276cb5cabad606157874f41ace41a7ba31b39d66c64a5?s=96&d=mm&r=g","url":"https:\/\/secure.gravatar.com\/avatar\/853d7ccc3db018bad9f276cb5cabad606157874f41ace41a7ba31b39d66c64a5?s=96&d=mm&r=g","contentUrl":"https:\/\/secure.gravatar.com\/avatar\/853d7ccc3db018bad9f276cb5cabad606157874f41ace41a7ba31b39d66c64a5?s=96&d=mm&r=g","caption":"Marc-Antoine L\u00e9vesque"}}]}},"_links":{"self":[{"href":"https:\/\/www.fbdm-mcaf.ca\/en\/wp-json\/wp\/v2\/posts\/37679","targetHints":{"allow":["GET"]}}],"collection":[{"href":"https:\/\/www.fbdm-mcaf.ca\/en\/wp-json\/wp\/v2\/posts"}],"about":[{"href":"https:\/\/www.fbdm-mcaf.ca\/en\/wp-json\/wp\/v2\/types\/post"}],"author":[{"embeddable":true,"href":"https:\/\/www.fbdm-mcaf.ca\/en\/wp-json\/wp\/v2\/users\/18"}],"replies":[{"embeddable":true,"href":"https:\/\/www.fbdm-mcaf.ca\/en\/wp-json\/wp\/v2\/comments?post=37679"}],"version-history":[{"count":5,"href":"https:\/\/www.fbdm-mcaf.ca\/en\/wp-json\/wp\/v2\/posts\/37679\/revisions"}],"predecessor-version":[{"id":37726,"href":"https:\/\/www.fbdm-mcaf.ca\/en\/wp-json\/wp\/v2\/posts\/37679\/revisions\/37726"}],"wp:featuredmedia":[{"embeddable":true,"href":"https:\/\/www.fbdm-mcaf.ca\/en\/wp-json\/wp\/v2\/media\/37677"}],"wp:attachment":[{"href":"https:\/\/www.fbdm-mcaf.ca\/en\/wp-json\/wp\/v2\/media?parent=37679"}],"wp:term":[{"taxonomy":"category","embeddable":true,"href":"https:\/\/www.fbdm-mcaf.ca\/en\/wp-json\/wp\/v2\/categories?post=37679"},{"taxonomy":"post_tag","embeddable":true,"href":"https:\/\/www.fbdm-mcaf.ca\/en\/wp-json\/wp\/v2\/tags?post=37679"}],"curies":[{"name":"wp","href":"https:\/\/api.w.org\/{rel}","templated":true}]}}