{"id":37437,"date":"2025-05-29T16:17:03","date_gmt":"2025-05-29T20:17:03","guid":{"rendered":"https:\/\/www.fbdm-mcaf.ca\/?p=37437"},"modified":"2025-05-30T16:19:44","modified_gmt":"2025-05-30T20:19:44","slug":"bilan-du-festival-bd-de-montreal-2025-une-14e-edition-riche-en-echanges-et-foisonnante-de-talents","status":"publish","type":"post","link":"https:\/\/www.fbdm-mcaf.ca\/en\/univers-bd\/babillard\/press-releases\/bilan-du-festival-bd-de-montreal-2025-une-14e-edition-riche-en-echanges-et-foisonnante-de-talents\/","title":{"rendered":"Return on the Montreal Comic Arts Festival 2025: a 14th edition rich in exchanges and talent"},"content":{"rendered":"\n<p>Sunday, the <strong>Montreal Comic Arts Festival (MCAF)<\/strong> closed its 14th edition, presented in collaboration with SDC Rue Saint-Denis and T\u00e9l\u00e9-Qu\u00e9bec, on a very enthusiastic note. Despite cold, rainy weather, <strong>90,000 people<\/strong> flocked to Saint-Denis Street. From May 23 to 25, over <strong>330 artists<\/strong> and <strong>175 exhibitors<\/strong> from Quebec, Canada and abroad participated in this great celebration of comic arts.<\/p>\n\n\n\n<p>\u201cIt&#8217;s really touching to see all the people who came to MCAF. Even on Saturday, despite the intermittent rain, the street was packed and good spirits prevailed among the exhibitors and artists. We know that the comic arts community and publishers are eagerly awaiting our Festival, and this year we felt the public&#8217;s reciprocal enthusiasm,\u201d says M\u00e9lanie La Roche, Executive Director of MCAF. She adds: <\/p>\n\n\n\n<blockquote class=\"wp-block-quote is-layout-flow wp-block-quote-is-layout-flow\">\n<p>Authors generally work alone, often putting in hundreds of hours. It&#8217;s important for MCAF to give them this time to shine, and to meet their audiences and peers. &#8211; M\u00e9lanie La Roche, Executive Director of MCAF<\/p>\n<\/blockquote>\n\n\n\n<div class=\"wp-block-columns is-layout-flex wp-container-core-columns-is-layout-9d6595d7 wp-block-columns-is-layout-flex\">\n<div class=\"wp-block-column is-layout-flow wp-block-column-is-layout-flow\" style=\"flex-basis:100%\"><\/div>\n\n\n\n<div class=\"wp-block-column is-layout-flow wp-block-column-is-layout-flow\" style=\"flex-basis:100%\"><\/div>\n<\/div>\n\n\n<div class=\"wp-block-image\">\n<figure class=\"aligncenter size-full\"><img loading=\"lazy\" decoding=\"async\" width=\"1000\" height=\"667\" src=\"https:\/\/www.fbdm-mcaf.ca\/wp-content\/uploads\/WEB_FBDM_SAMEDI_24-05-25_172.jpg\" alt=\"\" class=\"wp-image-37397\" srcset=\"https:\/\/www.fbdm-mcaf.ca\/wp-content\/uploads\/WEB_FBDM_SAMEDI_24-05-25_172.jpg 1000w, https:\/\/www.fbdm-mcaf.ca\/wp-content\/uploads\/WEB_FBDM_SAMEDI_24-05-25_172-300x200.jpg 300w, https:\/\/www.fbdm-mcaf.ca\/wp-content\/uploads\/WEB_FBDM_SAMEDI_24-05-25_172-768x512.jpg 768w, https:\/\/www.fbdm-mcaf.ca\/wp-content\/uploads\/WEB_FBDM_SAMEDI_24-05-25_172-710x474.jpg 710w, https:\/\/www.fbdm-mcaf.ca\/wp-content\/uploads\/WEB_FBDM_SAMEDI_24-05-25_172-250x167.jpg 250w, https:\/\/www.fbdm-mcaf.ca\/wp-content\/uploads\/WEB_FBDM_SAMEDI_24-05-25_172-550x367.jpg 550w, https:\/\/www.fbdm-mcaf.ca\/wp-content\/uploads\/WEB_FBDM_SAMEDI_24-05-25_172-800x534.jpg 800w, https:\/\/www.fbdm-mcaf.ca\/wp-content\/uploads\/WEB_FBDM_SAMEDI_24-05-25_172-270x180.jpg 270w, https:\/\/www.fbdm-mcaf.ca\/wp-content\/uploads\/WEB_FBDM_SAMEDI_24-05-25_172-450x300.jpg 450w, https:\/\/www.fbdm-mcaf.ca\/wp-content\/uploads\/WEB_FBDM_SAMEDI_24-05-25_172-750x500.jpg 750w\" sizes=\"auto, (max-width: 1000px) 100vw, 1000px\" \/><figcaption class=\"wp-element-caption\">14th Montreal Comic Arts Festival \u00a9 S\u00e9bastien Lavall\u00e9e<\/figcaption><\/figure>\n<\/div>\n\n\n<h3 class=\"wp-block-heading\"><strong><strong>Celebrating Swiss Comics<\/strong><\/strong><\/h3>\n\n\n\n<p>Thanks to a partnership with Comics Network Switzerland, the Swiss Arts Council Pro Helvetia, Presence Switzerland, and the Swiss Consulate General in Montreal, a large Swiss delegation took part in the Festival. Alexandre Grandjean, co-president of Comics Network Switzerland, was particularly impressed by the curiosity and warm welcome of the public. From Friday onwards, despite the cold and rain, a large number of people came to meet them. Whether as part of the Festival&#8217;s activities, at signing sessions, in discussions with the publishing houses present at the Swiss kiosk, or through the <em>Swiss Comics on Display <\/em>exhibition, comic books fans were able to discover the scenes of the Swiss 9th art.<\/p>\n\n\n<div class=\"wp-block-image\">\n<figure class=\"aligncenter size-full\"><img loading=\"lazy\" decoding=\"async\" width=\"1000\" height=\"667\" src=\"https:\/\/www.fbdm-mcaf.ca\/wp-content\/uploads\/WEB_FBDM_SAMEDI_24-05-25_049.jpg\" alt=\"\" class=\"wp-image-37401\" srcset=\"https:\/\/www.fbdm-mcaf.ca\/wp-content\/uploads\/WEB_FBDM_SAMEDI_24-05-25_049.jpg 1000w, https:\/\/www.fbdm-mcaf.ca\/wp-content\/uploads\/WEB_FBDM_SAMEDI_24-05-25_049-300x200.jpg 300w, https:\/\/www.fbdm-mcaf.ca\/wp-content\/uploads\/WEB_FBDM_SAMEDI_24-05-25_049-768x512.jpg 768w, https:\/\/www.fbdm-mcaf.ca\/wp-content\/uploads\/WEB_FBDM_SAMEDI_24-05-25_049-710x474.jpg 710w, https:\/\/www.fbdm-mcaf.ca\/wp-content\/uploads\/WEB_FBDM_SAMEDI_24-05-25_049-250x167.jpg 250w, https:\/\/www.fbdm-mcaf.ca\/wp-content\/uploads\/WEB_FBDM_SAMEDI_24-05-25_049-550x367.jpg 550w, https:\/\/www.fbdm-mcaf.ca\/wp-content\/uploads\/WEB_FBDM_SAMEDI_24-05-25_049-800x534.jpg 800w, https:\/\/www.fbdm-mcaf.ca\/wp-content\/uploads\/WEB_FBDM_SAMEDI_24-05-25_049-270x180.jpg 270w, https:\/\/www.fbdm-mcaf.ca\/wp-content\/uploads\/WEB_FBDM_SAMEDI_24-05-25_049-450x300.jpg 450w, https:\/\/www.fbdm-mcaf.ca\/wp-content\/uploads\/WEB_FBDM_SAMEDI_24-05-25_049-750x500.jpg 750w\" sizes=\"auto, (max-width: 1000px) 100vw, 1000px\" \/><figcaption class=\"wp-element-caption\">Lika N\u00fcssli and Krel at the Swiss booth \u00a9 S\u00e9bastien Lavall\u00e9e<\/figcaption><\/figure>\n<\/div>\n\n\n<h3 class=\"wp-block-heading\"><strong><strong>A captivating program<\/strong><\/strong><\/h3>\n\n\n\n<p>MCAF offered some sixty activities under the theme \u201cBack to the Future\u201d.&nbsp;<\/p>\n\n\n\n<p><strong>Alex A.<\/strong>, who also designed the year&#8217;s poster, attracted a record 450 people to his drawn interview at <em>La Fab \u00e0 dessin<\/em>. The team had to be creative to accommodate so many curious youngsters. Parcours Ludiques&#8217; Jon Le Bon puzzle trail was also very popular with families.&nbsp;&nbsp;T<strong>\u00e9l\u00e9-Qu\u00e9bec<\/strong>&#8216;s <strong><em>La Fab \u00e0 dessin<\/em><\/strong> provided an opportunity to plunge into the world of several artists, as in the drawn conversation between Joshua Barkman and Isabelle Melancon, or the drawn interview with Catherin, winner of the B\u00e9d\u00e9lys Qu\u00e9bec Award.<\/p>\n\n\n<div class=\"wp-block-image\">\n<figure class=\"aligncenter size-full\"><img loading=\"lazy\" decoding=\"async\" width=\"1000\" height=\"667\" src=\"https:\/\/www.fbdm-mcaf.ca\/wp-content\/uploads\/WEB_FBDM_DIMANCHE_25-05-25_222.jpg\" alt=\"\" class=\"wp-image-37403\" srcset=\"https:\/\/www.fbdm-mcaf.ca\/wp-content\/uploads\/WEB_FBDM_DIMANCHE_25-05-25_222.jpg 1000w, https:\/\/www.fbdm-mcaf.ca\/wp-content\/uploads\/WEB_FBDM_DIMANCHE_25-05-25_222-300x200.jpg 300w, https:\/\/www.fbdm-mcaf.ca\/wp-content\/uploads\/WEB_FBDM_DIMANCHE_25-05-25_222-768x512.jpg 768w, https:\/\/www.fbdm-mcaf.ca\/wp-content\/uploads\/WEB_FBDM_DIMANCHE_25-05-25_222-710x474.jpg 710w, https:\/\/www.fbdm-mcaf.ca\/wp-content\/uploads\/WEB_FBDM_DIMANCHE_25-05-25_222-250x167.jpg 250w, https:\/\/www.fbdm-mcaf.ca\/wp-content\/uploads\/WEB_FBDM_DIMANCHE_25-05-25_222-550x367.jpg 550w, https:\/\/www.fbdm-mcaf.ca\/wp-content\/uploads\/WEB_FBDM_DIMANCHE_25-05-25_222-800x534.jpg 800w, https:\/\/www.fbdm-mcaf.ca\/wp-content\/uploads\/WEB_FBDM_DIMANCHE_25-05-25_222-270x180.jpg 270w, https:\/\/www.fbdm-mcaf.ca\/wp-content\/uploads\/WEB_FBDM_DIMANCHE_25-05-25_222-450x300.jpg 450w, https:\/\/www.fbdm-mcaf.ca\/wp-content\/uploads\/WEB_FBDM_DIMANCHE_25-05-25_222-750x500.jpg 750w\" sizes=\"auto, (max-width: 1000px) 100vw, 1000px\" \/><figcaption class=\"wp-element-caption\">Drawn conversation between Joshua Barkman and Isabelle Melancon \u00a9 S\u00e9bastien Lavall\u00e9e<\/figcaption><\/figure>\n<\/div>\n\n\n<p><strong>Panels <\/strong>presented by <strong>La Presse<\/strong> included such memorable encounters as <strong><em>How to Kill a City: Housing Crisis and Comics<\/em><\/strong> with Eleanor Hannon, Rick Trembles and Shaghayegh Moazzami, and <strong><em>Looking Back, Moving Forward: Coming-of-Age in Comics<\/em><\/strong> with Cassandra Calin, D. Boyd and Ned Wenlock.&nbsp;<\/p>\n\n\n\n<p>Among the new features, <strong>T\u00e9l\u00e9-Qu\u00e9bec<\/strong>&#8216;s <strong>Creation Space<\/strong> gave the public the chance to color and draw freely. The resulting works could be deposited in a time capsule to be unveiled at the Festival in 2035!<\/p>\n\n\n\n<p>What&#8217;s more, the live drawing activities, workshops and exhibitions attracted a varied audience of festival-goers thanks to their diversity and accessibility.&nbsp;<\/p>\n\n\n\n<p>Despite the weather, not a single activity was cancelled.<\/p>\n\n\n<div class=\"wp-block-image\">\n<figure class=\"aligncenter size-full\"><img loading=\"lazy\" decoding=\"async\" width=\"1000\" height=\"667\" src=\"https:\/\/www.fbdm-mcaf.ca\/wp-content\/uploads\/WEB_FBDM_SAMEDI_24-05-25_057.jpg\" alt=\"\" class=\"wp-image-37405\" srcset=\"https:\/\/www.fbdm-mcaf.ca\/wp-content\/uploads\/WEB_FBDM_SAMEDI_24-05-25_057.jpg 1000w, https:\/\/www.fbdm-mcaf.ca\/wp-content\/uploads\/WEB_FBDM_SAMEDI_24-05-25_057-300x200.jpg 300w, https:\/\/www.fbdm-mcaf.ca\/wp-content\/uploads\/WEB_FBDM_SAMEDI_24-05-25_057-768x512.jpg 768w, https:\/\/www.fbdm-mcaf.ca\/wp-content\/uploads\/WEB_FBDM_SAMEDI_24-05-25_057-710x474.jpg 710w, https:\/\/www.fbdm-mcaf.ca\/wp-content\/uploads\/WEB_FBDM_SAMEDI_24-05-25_057-250x167.jpg 250w, https:\/\/www.fbdm-mcaf.ca\/wp-content\/uploads\/WEB_FBDM_SAMEDI_24-05-25_057-550x367.jpg 550w, https:\/\/www.fbdm-mcaf.ca\/wp-content\/uploads\/WEB_FBDM_SAMEDI_24-05-25_057-800x534.jpg 800w, https:\/\/www.fbdm-mcaf.ca\/wp-content\/uploads\/WEB_FBDM_SAMEDI_24-05-25_057-270x180.jpg 270w, https:\/\/www.fbdm-mcaf.ca\/wp-content\/uploads\/WEB_FBDM_SAMEDI_24-05-25_057-450x300.jpg 450w, https:\/\/www.fbdm-mcaf.ca\/wp-content\/uploads\/WEB_FBDM_SAMEDI_24-05-25_057-750x500.jpg 750w\" sizes=\"auto, (max-width: 1000px) 100vw, 1000px\" \/><figcaption class=\"wp-element-caption\">15 years of Pow Pow in comics \u00a9 S\u00e9bastien Lavall\u00e9e<\/figcaption><\/figure>\n<\/div>\n\n\n<h3 class=\"wp-block-heading\"><strong><strong>Professional days<\/strong><\/strong><\/h3>\n\n\n\n<p>The addition of a second professional day encouraged a greater number of discussions between members of the comic book industry. The presence of the Swiss delegation enriched exchanges between professionals. Artists were able to take part in a panel on on artist remuneration, as well as a master class on inking with Denis Rodier, presented by Copibec. The evening concluded with the opening of the Festival and the presentation of the B\u00e9d\u00e9lys Awards.<\/p>\n\n\n\n<p>This year, one of MCAF&#8217;s proudest achievements was the many memorable encounters made possible by the Festival&#8217;s programming and team, which facilitated informal exchanges between comic artists and exhibitors.<\/p>\n\n\n<div class=\"wp-block-image\">\n<figure class=\"aligncenter size-full\"><img loading=\"lazy\" decoding=\"async\" width=\"1000\" height=\"667\" src=\"https:\/\/www.fbdm-mcaf.ca\/wp-content\/uploads\/FBDM-3232.jpg\" alt=\"\" class=\"wp-image-37399\" srcset=\"https:\/\/www.fbdm-mcaf.ca\/wp-content\/uploads\/FBDM-3232.jpg 1000w, https:\/\/www.fbdm-mcaf.ca\/wp-content\/uploads\/FBDM-3232-300x200.jpg 300w, https:\/\/www.fbdm-mcaf.ca\/wp-content\/uploads\/FBDM-3232-768x512.jpg 768w, https:\/\/www.fbdm-mcaf.ca\/wp-content\/uploads\/FBDM-3232-710x474.jpg 710w, https:\/\/www.fbdm-mcaf.ca\/wp-content\/uploads\/FBDM-3232-250x167.jpg 250w, https:\/\/www.fbdm-mcaf.ca\/wp-content\/uploads\/FBDM-3232-550x367.jpg 550w, https:\/\/www.fbdm-mcaf.ca\/wp-content\/uploads\/FBDM-3232-800x534.jpg 800w, https:\/\/www.fbdm-mcaf.ca\/wp-content\/uploads\/FBDM-3232-270x180.jpg 270w, https:\/\/www.fbdm-mcaf.ca\/wp-content\/uploads\/FBDM-3232-450x300.jpg 450w, https:\/\/www.fbdm-mcaf.ca\/wp-content\/uploads\/FBDM-3232-750x500.jpg 750w\" sizes=\"auto, (max-width: 1000px) 100vw, 1000px\" \/><figcaption class=\"wp-element-caption\">Marina L\u00e9on and Sophie Escabasse \u00a9 Camille Gladu-Drouin<\/figcaption><\/figure>\n<\/div>\n\n\n<h3 class=\"wp-block-heading\"><strong><strong>Winners of the 26th B\u00e9d\u00e9lys Awards<\/strong><\/strong><\/h3>\n\n\n\n<p>More than 260 people gathered at Club Soda on Thursday, May 22 to attend the opening night, where the best comics published or edited in 2024 were honored. For these 26th B\u00e9d\u00e9lys Awards, presented in collaboration with SODEC, a total of $5,000 in grants was offered by <strong>T\u00e9l\u00e9-Qu\u00e9bec, the Plan\u00e8te BD<\/strong> <strong>bookstore<\/strong> and <strong>MCAF<\/strong>.<\/p>\n\n\n\n<p>The winners are:&nbsp;<\/p>\n\n\n\n<ul class=\"wp-block-list\">\n<li><strong>B\u00e9d\u00e9lys Qu\u00e9bec<\/strong>&nbsp;: <em>Momm <\/em>by Catherin (Pow Pow)<\/li>\n\n\n\n<li><strong>B\u00e9d\u00e9lys jeunesse Qu\u00e9bec<\/strong>&nbsp;: <em>La biblioth\u00e8que enchant\u00e9e&nbsp;T.1&nbsp;: Le livre aspirateur<\/em> by Jocelyn Boisvert and Enzo (\u00c9ditions Michel Quintin)<\/li>\n\n\n\n<li><strong>B\u00e9d\u00e9lys ind\u00e9pendant francophone<\/strong>&nbsp;: <em>Je ne suis pas un accident<\/em> by Lucile Bernard<\/li>\n\n\n\n<li><strong>B\u00e9d\u00e9lys ind\u00e9pendant anglophone<\/strong>&nbsp;: <em>I,THE PEOPLE<\/em> by Natacha Novem<\/li>\n\n\n\n<li><strong>B\u00e9d\u00e9lys jeunesse<\/strong>&nbsp;: <em>Quand la nuit tombe \u2014 Lisou<\/em> by Marion Achard and Toni Galm\u00e9s (Delcourt)<\/li>\n\n\n\n<li><strong>B\u00e9d\u00e9lys \u00e9tranger<\/strong>&nbsp;: <em>Imp\u00e9n\u00e9trable<\/em> by Alix Garin (Le Lombard)<\/li>\n<\/ul>\n\n\n\n<p>To learn more about <a href=\"https:\/\/www.fbdm-mcaf.ca\/en\/univers-bd\/babillard\/bedelys-en\/winners-of-the-26th-bedelys-awards-and-opening-of-the-14th-montreal-comic-arts-festival\/\" target=\"_blank\" rel=\"noreferrer noopener\">the 26th B\u00e9d\u00e9lys Awards<\/a>.<\/p>\n\n\n<div class=\"wp-block-image\">\n<figure class=\"aligncenter size-full\"><img loading=\"lazy\" decoding=\"async\" width=\"1000\" height=\"667\" src=\"https:\/\/www.fbdm-mcaf.ca\/wp-content\/uploads\/WEB_FBDM_BEDELYS_22-05-25_178.jpg\" alt=\"\" class=\"wp-image-37407\" srcset=\"https:\/\/www.fbdm-mcaf.ca\/wp-content\/uploads\/WEB_FBDM_BEDELYS_22-05-25_178.jpg 1000w, https:\/\/www.fbdm-mcaf.ca\/wp-content\/uploads\/WEB_FBDM_BEDELYS_22-05-25_178-300x200.jpg 300w, https:\/\/www.fbdm-mcaf.ca\/wp-content\/uploads\/WEB_FBDM_BEDELYS_22-05-25_178-768x512.jpg 768w, https:\/\/www.fbdm-mcaf.ca\/wp-content\/uploads\/WEB_FBDM_BEDELYS_22-05-25_178-710x474.jpg 710w, https:\/\/www.fbdm-mcaf.ca\/wp-content\/uploads\/WEB_FBDM_BEDELYS_22-05-25_178-250x167.jpg 250w, https:\/\/www.fbdm-mcaf.ca\/wp-content\/uploads\/WEB_FBDM_BEDELYS_22-05-25_178-550x367.jpg 550w, https:\/\/www.fbdm-mcaf.ca\/wp-content\/uploads\/WEB_FBDM_BEDELYS_22-05-25_178-800x534.jpg 800w, https:\/\/www.fbdm-mcaf.ca\/wp-content\/uploads\/WEB_FBDM_BEDELYS_22-05-25_178-270x180.jpg 270w, https:\/\/www.fbdm-mcaf.ca\/wp-content\/uploads\/WEB_FBDM_BEDELYS_22-05-25_178-450x300.jpg 450w, https:\/\/www.fbdm-mcaf.ca\/wp-content\/uploads\/WEB_FBDM_BEDELYS_22-05-25_178-750x500.jpg 750w\" sizes=\"auto, (max-width: 1000px) 100vw, 1000px\" \/><figcaption class=\"wp-element-caption\">The winners of the 26th B\u00e9d\u00e9lys Awards \u00a9 S\u00e9bastien Lavall\u00e9e<\/figcaption><\/figure>\n<\/div>\n\n\n<p>A huge thank you to the 150 volunteers who gave generously of their time during the Festival. Their involvement was essential to the success of this edition! Thanks also to the 89 volunteer jury members of the 26th B\u00e9d\u00e9lys Awards for their commitment.<\/p>\n\n\n\n<p class=\"has-cyan-bluish-gray-background-color has-background\"><strong><strong><strong>The Festival team is already looking forward to the 15th edition, which will take place from May 22 to 24, 2026, and promises to be one of the most festive ever!<\/strong><\/strong><\/strong><\/p>\n\n\n\n<h2 class=\"wp-block-heading\"><strong>About MCAF<\/strong><\/h2>\n\n\n\n<p>The Montreal Comic Arts Festival (MCAF) is an organization dedicated to promoting comics. Each year, it hosts the Festival of the same name, where artists, exhibitors, curious minds and comics enthusiasts gather to celebrate the 9th art.<\/p>\n\n\n\n<p>For more information, visit fbdm-mcaf.ca\/en | <a href=\"https:\/\/www.facebook.com\/FestivalBDMontreal\" target=\"_blank\" rel=\"noreferrer noopener\">Facebook<\/a> | <a href=\"https:\/\/www.instagram.com\/fbdm_mtl\" target=\"_blank\" rel=\"noreferrer noopener\">Instagram<\/a> | <a href=\"https:\/\/www.linkedin.com\/company\/festival-bd-de-montreal\" target=\"_blank\" rel=\"noreferrer noopener\">LinkedIn<\/a><\/p>\n\n\n\n<p class=\"has-cyan-bluish-gray-background-color has-background\"><strong><strong>The 14th MCAF was presented in collaboration with SDC Rue Saint-Denis and T\u00e9l\u00e9-Qu\u00e9bec.<\/strong><\/strong><br><br>The Festival thanks its partners:<br><br>Canadian Heritage, Canada Council for the Arts, SODEC, Minist\u00e8re du Tourisme du Qu\u00e9bec, Conseil des arts de Montr\u00e9al, Service de la culture de la Ville de Montr\u00e9al, Tourisme Montr\u00e9al and Plateau-Mont-Royal.<br><br>La SDC Rue Saint-Denis, T\u00e9l\u00e9-Qu\u00e9bec, La Presse, R\u00e9seau BD Suisse, la fondation suisse pour la culture Pro Helvetia, Pr\u00e9sence Suisse, Consulat g\u00e9n\u00e9ral de Suisse \u00e0 Montr\u00e9al, le Consulat g\u00e9n\u00e9ral de France \u00e0 Qu\u00e9bec, le Consulat g\u00e9n\u00e9ral du Br\u00e9sil \u00e0 Montr\u00e9al, Wallonie-Bruxelles International, Goethe-Institut, Institut Ramon Llull, Biblioth\u00e8ques de Montr\u00e9al, \u00c9cole en R\u00e9seau, CSSDM, CSSMB, CSSDP, Liseur Public, Partenariat du Quartier des Spectacles, \u00c9ditions 2042, 404&nbsp;Editions, Madrigall, Chapiteaux classic, Plan\u00e8te BD, Crossover Comics, L\u2019Eugu\u00e9lionne, Librairies Canal BD, \u00c9ditions \u00e7\u00e0 et l\u00e0, Drawn &amp; Quarterly, Pow Pow, Gl\u00e9nat, Parcours Ludiques, Copibec, La Marquise, Rugicomm, le Livart, Qu\u00e9bec \u00c9dition, Montr\u00e9al CoWork, Ruba Ghazal, member for Mercier and Manon Mass\u00e9, member for Sainte-Marie-Saint-Jacques.<\/p>\n\n\n\n<figure class=\"wp-block-image size-full\"><img loading=\"lazy\" decoding=\"async\" width=\"1008\" height=\"568\" src=\"https:\/\/www.fbdm-mcaf.ca\/wp-content\/uploads\/image-17-edited-1.png\" alt=\"\" class=\"wp-image-36879\" srcset=\"https:\/\/www.fbdm-mcaf.ca\/wp-content\/uploads\/image-17-edited-1.png 1008w, https:\/\/www.fbdm-mcaf.ca\/wp-content\/uploads\/image-17-edited-1-300x169.png 300w, https:\/\/www.fbdm-mcaf.ca\/wp-content\/uploads\/image-17-edited-1-768x433.png 768w, https:\/\/www.fbdm-mcaf.ca\/wp-content\/uploads\/image-17-edited-1-710x400.png 710w, https:\/\/www.fbdm-mcaf.ca\/wp-content\/uploads\/image-17-edited-1-250x141.png 250w, https:\/\/www.fbdm-mcaf.ca\/wp-content\/uploads\/image-17-edited-1-550x310.png 550w, https:\/\/www.fbdm-mcaf.ca\/wp-content\/uploads\/image-17-edited-1-800x451.png 800w, https:\/\/www.fbdm-mcaf.ca\/wp-content\/uploads\/image-17-edited-1-319x180.png 319w, https:\/\/www.fbdm-mcaf.ca\/wp-content\/uploads\/image-17-edited-1-532x300.png 532w, https:\/\/www.fbdm-mcaf.ca\/wp-content\/uploads\/image-17-edited-1-887x500.png 887w\" sizes=\"auto, (max-width: 1008px) 100vw, 1008px\" \/><\/figure>\n\n\n\n<p class=\"has-text-align-center\">-30-<\/p>\n\n\n\n<p><strong>Contact du FBDM :<\/strong><br>M\u00e9lanie La Roche, directrice g\u00e9n\u00e9rale &#8211; melanie.laroche@fbdm-mcaf.ca<strong>&nbsp;<\/strong><\/p>\n\n\n\n<p><strong>Contact agence de presse Rugicomm : <\/strong><br>St\u00e9phanie Culakowa &#8211; stephanie.culakowa@rugicomm.ca<\/p>\n","protected":false},"excerpt":{"rendered":"<p class=\"post-excerpt\">\n<p>Sunday, the <strong>Montreal Comic Arts Festival (MCAF)<\/strong> closed its 14th edition, presented in collaboration with SDC Rue Saint-Denis and T\u00e9l\u00e9-Qu\u00e9bec, on a very enthusiastic note. Despite cold, rainy weather, <strong>90,000 people<\/strong> flocked to Saint-Denis Street. From May 23 to 25, over <strong>330 artists<\/strong> and <strong>175 exhibitors<\/strong> from Quebec,<\/p>\n<p>&#8230;<\/p>\n<p><a class=\"post-learn-more\" href=\"https:\/\/www.fbdm-mcaf.ca\/en\/univers-bd\/babillard\/press-releases\/bilan-du-festival-bd-de-montreal-2025-une-14e-edition-riche-en-echanges-et-foisonnante-de-talents\/\">Read more<span>&nbsp;><\/span><\/a><\/p><\/p>\n","protected":false},"author":18,"featured_media":36835,"comment_status":"closed","ping_status":"closed","sticky":false,"template":"","format":"standard","meta":{"_acf_changed":false,"_price":"","_stock":"","_tribe_ticket_header":"","_tribe_default_ticket_provider":"","_tribe_ticket_capacity":"0","_ticket_start_date":"","_ticket_end_date":"","_tribe_ticket_show_description":"","_tribe_ticket_show_not_going":false,"_tribe_ticket_use_global_stock":"","_tribe_ticket_global_stock_level":"","_global_stock_mode":"","_global_stock_cap":"","_tribe_rsvp_for_event":"","_tribe_ticket_going_count":"","_tribe_ticket_not_going_count":"","_tribe_tickets_list":"[]","_tribe_ticket_has_attendee_info_fields":false,"footnotes":""},"categories":[97],"tags":[],"class_list":["post-37437","post","type-post","status-publish","format-standard","has-post-thumbnail","hentry","category-press-releases"],"acf":[],"yoast_head":"<!-- This site is optimized with the Yoast SEO plugin v27.5 - https:\/\/yoast.com\/product\/yoast-seo-wordpress\/ -->\n<title>Return on the Montreal Comic Arts Festival 2025: a 14th edition rich in exchanges and talent &#8226; MCAF<\/title>\n<meta name=\"robots\" content=\"index, follow, max-snippet:-1, max-image-preview:large, max-video-preview:-1\" \/>\n<link rel=\"canonical\" href=\"https:\/\/www.fbdm-mcaf.ca\/en\/univers-bd\/babillard\/press-releases\/bilan-du-festival-bd-de-montreal-2025-une-14e-edition-riche-en-echanges-et-foisonnante-de-talents\/\" \/>\n<meta property=\"og:locale\" content=\"en_US\" \/>\n<meta property=\"og:type\" content=\"article\" \/>\n<meta property=\"og:title\" content=\"Return on the Montreal Comic Arts Festival 2025: a 14th edition rich in exchanges and talent &#8226; MCAF\" \/>\n<meta property=\"og:description\" content=\"Sunday, the Montreal Comic Arts Festival (MCAF) closed its 14th edition, presented in collaboration with SDC Rue Saint-Denis and T\u00e9l\u00e9-Qu\u00e9bec, on a very enthusiastic note. Despite cold, rainy weather, 90,000 people flocked to Saint-Denis Street. From May 23 to 25, over 330 artists and 175 exhibitors from Quebec,...Read more&nbsp;&gt;\" \/>\n<meta property=\"og:url\" content=\"https:\/\/www.fbdm-mcaf.ca\/en\/univers-bd\/babillard\/press-releases\/bilan-du-festival-bd-de-montreal-2025-une-14e-edition-riche-en-echanges-et-foisonnante-de-talents\/\" \/>\n<meta property=\"og:site_name\" content=\"MCAF\" \/>\n<meta property=\"article:publisher\" content=\"https:\/\/www.facebook.com\/FestivalBDMontreal\/\" \/>\n<meta property=\"article:published_time\" content=\"2025-05-29T20:17:03+00:00\" \/>\n<meta property=\"article:modified_time\" content=\"2025-05-30T20:19:44+00:00\" \/>\n<meta property=\"og:image\" content=\"https:\/\/www.fbdm-mcaf.ca\/wp-content\/uploads\/Bandeau-article-site-WEB-800x300-1.jpg\" \/>\n\t<meta property=\"og:image:width\" content=\"800\" \/>\n\t<meta property=\"og:image:height\" content=\"300\" \/>\n\t<meta property=\"og:image:type\" content=\"image\/jpeg\" \/>\n<meta name=\"author\" content=\"Marc-Antoine L\u00e9vesque\" \/>\n<meta name=\"twitter:card\" content=\"summary_large_image\" \/>\n<meta name=\"twitter:creator\" content=\"@fbdm_mtl\" \/>\n<meta name=\"twitter:site\" content=\"@fbdm_mtl\" \/>\n<meta name=\"twitter:label1\" content=\"Written by\" \/>\n\t<meta name=\"twitter:data1\" content=\"Marc-Antoine L\u00e9vesque\" \/>\n\t<meta name=\"twitter:label2\" content=\"Est. reading time\" \/>\n\t<meta name=\"twitter:data2\" content=\"7 minutes\" \/>\n<script type=\"application\/ld+json\" class=\"yoast-schema-graph\">{\"@context\":\"https:\\\/\\\/schema.org\",\"@graph\":[{\"@type\":\"Article\",\"@id\":\"https:\\\/\\\/www.fbdm-mcaf.ca\\\/en\\\/univers-bd\\\/babillard\\\/press-releases\\\/bilan-du-festival-bd-de-montreal-2025-une-14e-edition-riche-en-echanges-et-foisonnante-de-talents\\\/#article\",\"isPartOf\":{\"@id\":\"https:\\\/\\\/www.fbdm-mcaf.ca\\\/en\\\/univers-bd\\\/babillard\\\/press-releases\\\/bilan-du-festival-bd-de-montreal-2025-une-14e-edition-riche-en-echanges-et-foisonnante-de-talents\\\/\"},\"author\":{\"name\":\"Marc-Antoine L\u00e9vesque\",\"@id\":\"https:\\\/\\\/www.fbdm-mcaf.ca\\\/en\\\/#\\\/schema\\\/person\\\/23ffdaf0b973906b2da1709fe424a3a9\"},\"headline\":\"Return on the Montreal Comic Arts Festival 2025: a 14th edition rich in exchanges and talent\",\"datePublished\":\"2025-05-29T20:17:03+00:00\",\"dateModified\":\"2025-05-30T20:19:44+00:00\",\"mainEntityOfPage\":{\"@id\":\"https:\\\/\\\/www.fbdm-mcaf.ca\\\/en\\\/univers-bd\\\/babillard\\\/press-releases\\\/bilan-du-festival-bd-de-montreal-2025-une-14e-edition-riche-en-echanges-et-foisonnante-de-talents\\\/\"},\"wordCount\":1202,\"image\":{\"@id\":\"https:\\\/\\\/www.fbdm-mcaf.ca\\\/en\\\/univers-bd\\\/babillard\\\/press-releases\\\/bilan-du-festival-bd-de-montreal-2025-une-14e-edition-riche-en-echanges-et-foisonnante-de-talents\\\/#primaryimage\"},\"thumbnailUrl\":\"https:\\\/\\\/www.fbdm-mcaf.ca\\\/wp-content\\\/uploads\\\/Bandeau-article-site-WEB-800x300-1.jpg\",\"articleSection\":[\"Press releases\"],\"inLanguage\":\"en-US\"},{\"@type\":\"WebPage\",\"@id\":\"https:\\\/\\\/www.fbdm-mcaf.ca\\\/en\\\/univers-bd\\\/babillard\\\/press-releases\\\/bilan-du-festival-bd-de-montreal-2025-une-14e-edition-riche-en-echanges-et-foisonnante-de-talents\\\/\",\"url\":\"https:\\\/\\\/www.fbdm-mcaf.ca\\\/en\\\/univers-bd\\\/babillard\\\/press-releases\\\/bilan-du-festival-bd-de-montreal-2025-une-14e-edition-riche-en-echanges-et-foisonnante-de-talents\\\/\",\"name\":\"Return on the Montreal Comic Arts Festival 2025: a 14th edition rich in exchanges and talent &#8226; MCAF\",\"isPartOf\":{\"@id\":\"https:\\\/\\\/www.fbdm-mcaf.ca\\\/en\\\/#website\"},\"primaryImageOfPage\":{\"@id\":\"https:\\\/\\\/www.fbdm-mcaf.ca\\\/en\\\/univers-bd\\\/babillard\\\/press-releases\\\/bilan-du-festival-bd-de-montreal-2025-une-14e-edition-riche-en-echanges-et-foisonnante-de-talents\\\/#primaryimage\"},\"image\":{\"@id\":\"https:\\\/\\\/www.fbdm-mcaf.ca\\\/en\\\/univers-bd\\\/babillard\\\/press-releases\\\/bilan-du-festival-bd-de-montreal-2025-une-14e-edition-riche-en-echanges-et-foisonnante-de-talents\\\/#primaryimage\"},\"thumbnailUrl\":\"https:\\\/\\\/www.fbdm-mcaf.ca\\\/wp-content\\\/uploads\\\/Bandeau-article-site-WEB-800x300-1.jpg\",\"datePublished\":\"2025-05-29T20:17:03+00:00\",\"dateModified\":\"2025-05-30T20:19:44+00:00\",\"author\":{\"@id\":\"https:\\\/\\\/www.fbdm-mcaf.ca\\\/en\\\/#\\\/schema\\\/person\\\/23ffdaf0b973906b2da1709fe424a3a9\"},\"breadcrumb\":{\"@id\":\"https:\\\/\\\/www.fbdm-mcaf.ca\\\/en\\\/univers-bd\\\/babillard\\\/press-releases\\\/bilan-du-festival-bd-de-montreal-2025-une-14e-edition-riche-en-echanges-et-foisonnante-de-talents\\\/#breadcrumb\"},\"inLanguage\":\"en-US\",\"potentialAction\":[{\"@type\":\"ReadAction\",\"target\":[\"https:\\\/\\\/www.fbdm-mcaf.ca\\\/en\\\/univers-bd\\\/babillard\\\/press-releases\\\/bilan-du-festival-bd-de-montreal-2025-une-14e-edition-riche-en-echanges-et-foisonnante-de-talents\\\/\"]}]},{\"@type\":\"ImageObject\",\"inLanguage\":\"en-US\",\"@id\":\"https:\\\/\\\/www.fbdm-mcaf.ca\\\/en\\\/univers-bd\\\/babillard\\\/press-releases\\\/bilan-du-festival-bd-de-montreal-2025-une-14e-edition-riche-en-echanges-et-foisonnante-de-talents\\\/#primaryimage\",\"url\":\"https:\\\/\\\/www.fbdm-mcaf.ca\\\/wp-content\\\/uploads\\\/Bandeau-article-site-WEB-800x300-1.jpg\",\"contentUrl\":\"https:\\\/\\\/www.fbdm-mcaf.ca\\\/wp-content\\\/uploads\\\/Bandeau-article-site-WEB-800x300-1.jpg\",\"width\":800,\"height\":300},{\"@type\":\"BreadcrumbList\",\"@id\":\"https:\\\/\\\/www.fbdm-mcaf.ca\\\/en\\\/univers-bd\\\/babillard\\\/press-releases\\\/bilan-du-festival-bd-de-montreal-2025-une-14e-edition-riche-en-echanges-et-foisonnante-de-talents\\\/#breadcrumb\",\"itemListElement\":[{\"@type\":\"ListItem\",\"position\":1,\"name\":\"Home\",\"item\":\"https:\\\/\\\/www.fbdm-mcaf.ca\\\/en\\\/\"},{\"@type\":\"ListItem\",\"position\":2,\"name\":\"Return on the Montreal Comic Arts Festival 2025: a 14th edition rich in exchanges and talent\"}]},{\"@type\":\"WebSite\",\"@id\":\"https:\\\/\\\/www.fbdm-mcaf.ca\\\/en\\\/#website\",\"url\":\"https:\\\/\\\/www.fbdm-mcaf.ca\\\/en\\\/\",\"name\":\"MCAF\",\"description\":\"Montreal Comic Arts Festival\",\"potentialAction\":[{\"@type\":\"SearchAction\",\"target\":{\"@type\":\"EntryPoint\",\"urlTemplate\":\"https:\\\/\\\/www.fbdm-mcaf.ca\\\/en\\\/?s={search_term_string}\"},\"query-input\":{\"@type\":\"PropertyValueSpecification\",\"valueRequired\":true,\"valueName\":\"search_term_string\"}}],\"inLanguage\":\"en-US\"},{\"@type\":\"Person\",\"@id\":\"https:\\\/\\\/www.fbdm-mcaf.ca\\\/en\\\/#\\\/schema\\\/person\\\/23ffdaf0b973906b2da1709fe424a3a9\",\"name\":\"Marc-Antoine L\u00e9vesque\",\"image\":{\"@type\":\"ImageObject\",\"inLanguage\":\"en-US\",\"@id\":\"https:\\\/\\\/secure.gravatar.com\\\/avatar\\\/853d7ccc3db018bad9f276cb5cabad606157874f41ace41a7ba31b39d66c64a5?s=96&d=mm&r=g\",\"url\":\"https:\\\/\\\/secure.gravatar.com\\\/avatar\\\/853d7ccc3db018bad9f276cb5cabad606157874f41ace41a7ba31b39d66c64a5?s=96&d=mm&r=g\",\"contentUrl\":\"https:\\\/\\\/secure.gravatar.com\\\/avatar\\\/853d7ccc3db018bad9f276cb5cabad606157874f41ace41a7ba31b39d66c64a5?s=96&d=mm&r=g\",\"caption\":\"Marc-Antoine L\u00e9vesque\"}}]}<\/script>\n<!-- \/ Yoast SEO plugin. -->","yoast_head_json":{"title":"Return on the Montreal Comic Arts Festival 2025: a 14th edition rich in exchanges and talent &#8226; MCAF","robots":{"index":"index","follow":"follow","max-snippet":"max-snippet:-1","max-image-preview":"max-image-preview:large","max-video-preview":"max-video-preview:-1"},"canonical":"https:\/\/www.fbdm-mcaf.ca\/en\/univers-bd\/babillard\/press-releases\/bilan-du-festival-bd-de-montreal-2025-une-14e-edition-riche-en-echanges-et-foisonnante-de-talents\/","og_locale":"en_US","og_type":"article","og_title":"Return on the Montreal Comic Arts Festival 2025: a 14th edition rich in exchanges and talent &#8226; MCAF","og_description":"Sunday, the Montreal Comic Arts Festival (MCAF) closed its 14th edition, presented in collaboration with SDC Rue Saint-Denis and T\u00e9l\u00e9-Qu\u00e9bec, on a very enthusiastic note. Despite cold, rainy weather, 90,000 people flocked to Saint-Denis Street. From May 23 to 25, over 330 artists and 175 exhibitors from Quebec,...Read more&nbsp;>","og_url":"https:\/\/www.fbdm-mcaf.ca\/en\/univers-bd\/babillard\/press-releases\/bilan-du-festival-bd-de-montreal-2025-une-14e-edition-riche-en-echanges-et-foisonnante-de-talents\/","og_site_name":"MCAF","article_publisher":"https:\/\/www.facebook.com\/FestivalBDMontreal\/","article_published_time":"2025-05-29T20:17:03+00:00","article_modified_time":"2025-05-30T20:19:44+00:00","og_image":[{"width":800,"height":300,"url":"https:\/\/www.fbdm-mcaf.ca\/wp-content\/uploads\/Bandeau-article-site-WEB-800x300-1.jpg","type":"image\/jpeg"}],"author":"Marc-Antoine L\u00e9vesque","twitter_card":"summary_large_image","twitter_creator":"@fbdm_mtl","twitter_site":"@fbdm_mtl","twitter_misc":{"Written by":"Marc-Antoine L\u00e9vesque","Est. reading time":"7 minutes"},"schema":{"@context":"https:\/\/schema.org","@graph":[{"@type":"Article","@id":"https:\/\/www.fbdm-mcaf.ca\/en\/univers-bd\/babillard\/press-releases\/bilan-du-festival-bd-de-montreal-2025-une-14e-edition-riche-en-echanges-et-foisonnante-de-talents\/#article","isPartOf":{"@id":"https:\/\/www.fbdm-mcaf.ca\/en\/univers-bd\/babillard\/press-releases\/bilan-du-festival-bd-de-montreal-2025-une-14e-edition-riche-en-echanges-et-foisonnante-de-talents\/"},"author":{"name":"Marc-Antoine L\u00e9vesque","@id":"https:\/\/www.fbdm-mcaf.ca\/en\/#\/schema\/person\/23ffdaf0b973906b2da1709fe424a3a9"},"headline":"Return on the Montreal Comic Arts Festival 2025: a 14th edition rich in exchanges and talent","datePublished":"2025-05-29T20:17:03+00:00","dateModified":"2025-05-30T20:19:44+00:00","mainEntityOfPage":{"@id":"https:\/\/www.fbdm-mcaf.ca\/en\/univers-bd\/babillard\/press-releases\/bilan-du-festival-bd-de-montreal-2025-une-14e-edition-riche-en-echanges-et-foisonnante-de-talents\/"},"wordCount":1202,"image":{"@id":"https:\/\/www.fbdm-mcaf.ca\/en\/univers-bd\/babillard\/press-releases\/bilan-du-festival-bd-de-montreal-2025-une-14e-edition-riche-en-echanges-et-foisonnante-de-talents\/#primaryimage"},"thumbnailUrl":"https:\/\/www.fbdm-mcaf.ca\/wp-content\/uploads\/Bandeau-article-site-WEB-800x300-1.jpg","articleSection":["Press releases"],"inLanguage":"en-US"},{"@type":"WebPage","@id":"https:\/\/www.fbdm-mcaf.ca\/en\/univers-bd\/babillard\/press-releases\/bilan-du-festival-bd-de-montreal-2025-une-14e-edition-riche-en-echanges-et-foisonnante-de-talents\/","url":"https:\/\/www.fbdm-mcaf.ca\/en\/univers-bd\/babillard\/press-releases\/bilan-du-festival-bd-de-montreal-2025-une-14e-edition-riche-en-echanges-et-foisonnante-de-talents\/","name":"Return on the Montreal Comic Arts Festival 2025: a 14th edition rich in exchanges and talent &#8226; MCAF","isPartOf":{"@id":"https:\/\/www.fbdm-mcaf.ca\/en\/#website"},"primaryImageOfPage":{"@id":"https:\/\/www.fbdm-mcaf.ca\/en\/univers-bd\/babillard\/press-releases\/bilan-du-festival-bd-de-montreal-2025-une-14e-edition-riche-en-echanges-et-foisonnante-de-talents\/#primaryimage"},"image":{"@id":"https:\/\/www.fbdm-mcaf.ca\/en\/univers-bd\/babillard\/press-releases\/bilan-du-festival-bd-de-montreal-2025-une-14e-edition-riche-en-echanges-et-foisonnante-de-talents\/#primaryimage"},"thumbnailUrl":"https:\/\/www.fbdm-mcaf.ca\/wp-content\/uploads\/Bandeau-article-site-WEB-800x300-1.jpg","datePublished":"2025-05-29T20:17:03+00:00","dateModified":"2025-05-30T20:19:44+00:00","author":{"@id":"https:\/\/www.fbdm-mcaf.ca\/en\/#\/schema\/person\/23ffdaf0b973906b2da1709fe424a3a9"},"breadcrumb":{"@id":"https:\/\/www.fbdm-mcaf.ca\/en\/univers-bd\/babillard\/press-releases\/bilan-du-festival-bd-de-montreal-2025-une-14e-edition-riche-en-echanges-et-foisonnante-de-talents\/#breadcrumb"},"inLanguage":"en-US","potentialAction":[{"@type":"ReadAction","target":["https:\/\/www.fbdm-mcaf.ca\/en\/univers-bd\/babillard\/press-releases\/bilan-du-festival-bd-de-montreal-2025-une-14e-edition-riche-en-echanges-et-foisonnante-de-talents\/"]}]},{"@type":"ImageObject","inLanguage":"en-US","@id":"https:\/\/www.fbdm-mcaf.ca\/en\/univers-bd\/babillard\/press-releases\/bilan-du-festival-bd-de-montreal-2025-une-14e-edition-riche-en-echanges-et-foisonnante-de-talents\/#primaryimage","url":"https:\/\/www.fbdm-mcaf.ca\/wp-content\/uploads\/Bandeau-article-site-WEB-800x300-1.jpg","contentUrl":"https:\/\/www.fbdm-mcaf.ca\/wp-content\/uploads\/Bandeau-article-site-WEB-800x300-1.jpg","width":800,"height":300},{"@type":"BreadcrumbList","@id":"https:\/\/www.fbdm-mcaf.ca\/en\/univers-bd\/babillard\/press-releases\/bilan-du-festival-bd-de-montreal-2025-une-14e-edition-riche-en-echanges-et-foisonnante-de-talents\/#breadcrumb","itemListElement":[{"@type":"ListItem","position":1,"name":"Home","item":"https:\/\/www.fbdm-mcaf.ca\/en\/"},{"@type":"ListItem","position":2,"name":"Return on the Montreal Comic Arts Festival 2025: a 14th edition rich in exchanges and talent"}]},{"@type":"WebSite","@id":"https:\/\/www.fbdm-mcaf.ca\/en\/#website","url":"https:\/\/www.fbdm-mcaf.ca\/en\/","name":"MCAF","description":"Montreal Comic Arts Festival","potentialAction":[{"@type":"SearchAction","target":{"@type":"EntryPoint","urlTemplate":"https:\/\/www.fbdm-mcaf.ca\/en\/?s={search_term_string}"},"query-input":{"@type":"PropertyValueSpecification","valueRequired":true,"valueName":"search_term_string"}}],"inLanguage":"en-US"},{"@type":"Person","@id":"https:\/\/www.fbdm-mcaf.ca\/en\/#\/schema\/person\/23ffdaf0b973906b2da1709fe424a3a9","name":"Marc-Antoine L\u00e9vesque","image":{"@type":"ImageObject","inLanguage":"en-US","@id":"https:\/\/secure.gravatar.com\/avatar\/853d7ccc3db018bad9f276cb5cabad606157874f41ace41a7ba31b39d66c64a5?s=96&d=mm&r=g","url":"https:\/\/secure.gravatar.com\/avatar\/853d7ccc3db018bad9f276cb5cabad606157874f41ace41a7ba31b39d66c64a5?s=96&d=mm&r=g","contentUrl":"https:\/\/secure.gravatar.com\/avatar\/853d7ccc3db018bad9f276cb5cabad606157874f41ace41a7ba31b39d66c64a5?s=96&d=mm&r=g","caption":"Marc-Antoine L\u00e9vesque"}}]}},"_links":{"self":[{"href":"https:\/\/www.fbdm-mcaf.ca\/en\/wp-json\/wp\/v2\/posts\/37437","targetHints":{"allow":["GET"]}}],"collection":[{"href":"https:\/\/www.fbdm-mcaf.ca\/en\/wp-json\/wp\/v2\/posts"}],"about":[{"href":"https:\/\/www.fbdm-mcaf.ca\/en\/wp-json\/wp\/v2\/types\/post"}],"author":[{"embeddable":true,"href":"https:\/\/www.fbdm-mcaf.ca\/en\/wp-json\/wp\/v2\/users\/18"}],"replies":[{"embeddable":true,"href":"https:\/\/www.fbdm-mcaf.ca\/en\/wp-json\/wp\/v2\/comments?post=37437"}],"version-history":[{"count":5,"href":"https:\/\/www.fbdm-mcaf.ca\/en\/wp-json\/wp\/v2\/posts\/37437\/revisions"}],"predecessor-version":[{"id":37479,"href":"https:\/\/www.fbdm-mcaf.ca\/en\/wp-json\/wp\/v2\/posts\/37437\/revisions\/37479"}],"wp:featuredmedia":[{"embeddable":true,"href":"https:\/\/www.fbdm-mcaf.ca\/en\/wp-json\/wp\/v2\/media\/36835"}],"wp:attachment":[{"href":"https:\/\/www.fbdm-mcaf.ca\/en\/wp-json\/wp\/v2\/media?parent=37437"}],"wp:term":[{"taxonomy":"category","embeddable":true,"href":"https:\/\/www.fbdm-mcaf.ca\/en\/wp-json\/wp\/v2\/categories?post=37437"},{"taxonomy":"post_tag","embeddable":true,"href":"https:\/\/www.fbdm-mcaf.ca\/en\/wp-json\/wp\/v2\/tags?post=37437"}],"curies":[{"name":"wp","href":"https:\/\/api.w.org\/{rel}","templated":true}]}}