{"id":35160,"date":"2024-03-06T21:10:29","date_gmt":"2024-03-07T02:10:29","guid":{"rendered":"https:\/\/www.fbdm-mcaf.ca\/univers-bd\/babillard\/uncategorized\/responsable-des-reseaux-sociaux\/"},"modified":"2024-09-09T10:54:10","modified_gmt":"2024-09-09T14:54:10","slug":"responsable-des-reseaux-sociaux","status":"publish","type":"post","link":"https:\/\/www.fbdm-mcaf.ca\/en\/univers-bd\/babillard\/annonces-en\/responsable-des-reseaux-sociaux\/","title":{"rendered":"Affichage de poste &#8211; Responsable des r\u00e9seaux sociaux"},"content":{"rendered":"\n<p><em>Contrat permanent \u00e0 temps plein<\/em><br><em>Lieu de travail : Plateau\u2013Mont-Royal, en mode hybride<\/em><br><em>Entr\u00e9e en poste souhait\u00e9e :<\/em><strong><em> <\/em><\/strong><em>octobre 2024, date exacte \u00e0 discuter<\/em><br><em>Salaire variable selon exp\u00e9rience<\/em><\/p>\n\n\n\n<p>Tu aimes la BD ? Tu es une personne cr\u00e9ative qui aime jouer avec les mots et les images ? Viens d\u00e9velopper du contenu pour faire rayonner la BD qu\u00e9b\u00e9coise et le plus grand festival de BD au Canada !&nbsp;<\/p>\n\n\n\n<p>Au-del\u00e0 du salaire, nous offrons des conditions de travail flexibles dans une \u00e9quipe \u00e0 \u00e9chelle humaine accueillante, et la fiert\u00e9 d\u2019organiser un \u00e9v\u00e9nement international d\u2019envergure.<\/p>\n\n\n\n<h2 class=\"wp-block-heading\"><strong>Objectif du poste :<\/strong><\/h2>\n\n\n\n<p>Le ou la responsable des r\u00e9seaux sociaux deviendra la voix du FBDM par le biais de ses r\u00e9seaux sociaux. La personne sera charg\u00e9e de la planification, la cr\u00e9ation et la mise en ligne des campagnes de communication pour les r\u00e9seaux sociaux, ainsi que de la gestion de l\u2019infolettre et du site internet.&nbsp;<\/p>\n\n\n\n<p><strong>Supervision : <\/strong>Direction g\u00e9n\u00e9rale<\/p>\n\n\n\n<h2 class=\"wp-block-heading\"><strong>Description du poste :<\/strong><\/h2>\n\n\n\n<p><strong>Gestion des r\u00e9seaux sociaux (Facebook, Instagram, LinkedIn)<\/strong><\/p>\n\n\n\n<ul class=\"wp-block-list\">\n<li>Planifier les campagnes et publications<\/li>\n\n\n\n<li>Cr\u00e9er le contenu (textes, visuels et vid\u00e9os)<\/li>\n\n\n\n<li>R\u00e9diger et traduire les textes&nbsp;<\/li>\n\n\n\n<li>Mettre en ligne les communications<\/li>\n\n\n\n<li>Assurer la veille des r\u00e9seaux sociaux<\/li>\n\n\n\n<li>Interagir avec la communaut\u00e9<\/li>\n\n\n\n<li>G\u00e9rer le budget allou\u00e9 \u00e0 la publicit\u00e9<\/li>\n<\/ul>\n\n\n\n<p><strong>Gestion de l\u2019infolettre<\/strong><\/p>\n\n\n\n<ul class=\"wp-block-list\">\n<li>Planifier les infolettres mensuelles<\/li>\n\n\n\n<li>Cr\u00e9er le contenu (textes et visuels)<\/li>\n\n\n\n<li>R\u00e9diger et traduire les textes au besoin<\/li>\n\n\n\n<li>Envoyer les infolettres<\/li>\n<\/ul>\n\n\n\n<p><strong>Mise \u00e0 jour du site web<\/strong><\/p>\n\n\n\n<ul class=\"wp-block-list\">\n<li>Assurer la veille et la mise en ligne du calendrier BD<\/li>\n\n\n\n<li>R\u00e9diger et traduire les textes au besoin<\/li>\n\n\n\n<li>Mettre en ligne les articles<\/li>\n\n\n\n<li>Faire les mises \u00e0 jour ponctuelles<\/li>\n<\/ul>\n\n\n\n<p><strong>Autre t\u00e2ches<\/strong><\/p>\n\n\n\n<ul class=\"wp-block-list\">\n<li>Analyser les statistiques<\/li>\n\n\n\n<li>G\u00e9rer les bo\u00eetes courriels<\/li>\n\n\n\n<li>Assurer le suivi avec l\u2019agence de relations de presse, en partenariat avec la directrice g\u00e9n\u00e9rale<\/li>\n<\/ul>\n\n\n\n<h2 class=\"wp-block-heading\"><strong>Profil recherch\u00e9 :&nbsp;<\/strong><\/h2>\n\n\n\n<ul class=\"wp-block-list\">\n<li>2 ann\u00e9es d\u2019exp\u00e9rience dans la gestion de r\u00e9seaux sociaux ou dans les communications pour le milieu culturel ;<\/li>\n\n\n\n<li>Baccalaur\u00e9at en communications, marketing, relations publiques ou exp\u00e9rience suppl\u00e9mentaire pertinente ;<\/li>\n\n\n\n<li>Ma\u00eetrise du fran\u00e7ais \u00e9crit et parl\u00e9 ;<\/li>\n\n\n\n<li>Excellente connaissance de l\u2019anglais \u00e9crit et parl\u00e9 ;<\/li>\n\n\n\n<li>Excellentes capacit\u00e9s de r\u00e9daction ;<\/li>\n\n\n\n<li>Autonomie dans la gestion des publications sur Facebook et Instagram ;<\/li>\n\n\n\n<li>Bonne connaissance des outils et applications Meta Business Suite, WordPress,&nbsp; et MailChimp ;&nbsp;<\/li>\n\n\n\n<li>Autonomie dans la cr\u00e9ation de visuels avec Canva ou la suite Adobe ;<\/li>\n\n\n\n<li>Int\u00e9r\u00eat et aisance avec la gestion de contenu vid\u00e9o ;<\/li>\n\n\n\n<li>Bonne gestion des priorit\u00e9s, sens de l\u2019organisation et autonomie ;<\/li>\n\n\n\n<li>Excellentes capacit\u00e9s \u00e0 communiquer et travailler en \u00e9quipe ;<\/li>\n\n\n\n<li>Grande rigueur et souci du d\u00e9tail ;<\/li>\n\n\n\n<li>Connaissance de Google Analytics, un atout ;&nbsp;<\/li>\n\n\n\n<li>Connaissance de l\u2019\u00e9criture inclusive et \u00e9pic\u00e8ne, un atout ;<\/li>\n\n\n\n<li>Connaissance de la bande dessin\u00e9e et int\u00e9r\u00eat pour le mandat du FBDM ;<\/li>\n\n\n\n<li>\u00catre disponible de mani\u00e8re accrue en mai pour la semaine du Festival.&nbsp;<\/li>\n<\/ul>\n\n\n\n<h2 class=\"wp-block-heading\"><strong>Ce que nous offrons :<\/strong><\/h2>\n\n\n\n<ul class=\"wp-block-list\">\n<li>Horaire de 4 ou 5 jours par semaine (28 \u00e0 35 h, selon tes pr\u00e9f\u00e9rences) ;&nbsp;&nbsp;<\/li>\n\n\n\n<li>Travail en mode hybride (t\u00e9l\u00e9travail et pr\u00e9sentiel \u00e0 nos locaux du Plateau-Mont-Royal) ;<\/li>\n\n\n\n<li>La participation \u00e0 plusieurs \u00e9v\u00e9nements BD ;<\/li>\n\n\n\n<li>Des bandes dessin\u00e9es.<\/li>\n<\/ul>\n\n\n\n<h2 class=\"wp-block-heading\"><strong>Le Festival BD de Montr\u00e9al :<\/strong><\/h2>\n\n\n\n<p>Le FBDM, c\u2019est le plus grand festival de bande dessin\u00e9e au Canada. La derni\u00e8re fin de semaine de mai, il accueille b\u00e9d\u00e9istes, maisons d\u2019\u00e9dition et leur public pour c\u00e9l\u00e9brer la bande dessin\u00e9e d\u2019ici et d\u2019ailleurs. L&#8217;\u00e9v\u00e9nement ext\u00e9rieur, bilingue et gratuit se veut accessible et inclusif afin de d\u00e9mocratiser la BD. En 2024, le festival a accueilli 95 000 personnes sur une rue Saint-Denis pi\u00e9tonne. Le FBDM propose aussi d\u2019autres projets et activit\u00e9s pour faire rayonner la bande dessin\u00e9e. La prochaine \u00e9dition se tiendra du 23 au 25 mai 2025.<\/p>\n\n\n\n<p><em>Le FBDM remercie tou\u00b7tes les candidat\u00b7es de leur int\u00e9r\u00eat. Veuillez noter que seul\u00b7es les candidat\u00b7es retenu\u00b7es seront contact\u00e9\u00b7es.<\/em><br><em>Le FBDM applique un programme d\u2019acc\u00e8s \u00e0 l\u2019\u00e9galit\u00e9 en emploi. Il valorise la diversit\u00e9 et invite toutes les personnes int\u00e9ress\u00e9es \u00e0 poser leur candidature.<\/em><\/p>\n\n\n\n<p><strong>Pour soumettre votre candidature, veuillez envoyer votre C.V. et une lettre de motivation \u00e0 <\/strong><a href=\"mailto:rh@fbdm-mcaf.ca\"><strong>rh@fbdm-mcaf.ca<\/strong><\/a><strong>.<\/strong><\/p>\n","protected":false},"excerpt":{"rendered":"<p class=\"post-excerpt\">\n<p><em>Contrat permanent \u00e0 temps plein<\/em><br \/><em>Lieu de travail : Plateau\u2013Mont-Royal, en mode hybride<\/em><br \/><em>Entr\u00e9e en poste souhait\u00e9e :<\/em><strong><em> <\/em><\/strong><em>octobre 2024, date exacte \u00e0 discuter<\/em><br \/><em>Salaire variable selon exp\u00e9rience<\/em><\/p>\n<p>Tu aimes la BD ?<\/p>\n<p>&#8230;<\/p>\n<p><a class=\"post-learn-more\" href=\"https:\/\/www.fbdm-mcaf.ca\/en\/univers-bd\/babillard\/annonces-en\/responsable-des-reseaux-sociaux\/\">Read more<span>&nbsp;><\/span><\/a><\/p><\/p>\n","protected":false},"author":2,"featured_media":0,"comment_status":"closed","ping_status":"closed","sticky":false,"template":"","format":"standard","meta":{"_acf_changed":false,"_price":"","_stock":"","_tribe_ticket_header":"","_tribe_default_ticket_provider":"","_tribe_ticket_capacity":"0","_ticket_start_date":"","_ticket_end_date":"","_tribe_ticket_show_description":"","_tribe_ticket_show_not_going":false,"_tribe_ticket_use_global_stock":"","_tribe_ticket_global_stock_level":"","_global_stock_mode":"","_global_stock_cap":"","_tribe_rsvp_for_event":"","_tribe_ticket_going_count":"","_tribe_ticket_not_going_count":"","_tribe_tickets_list":"[]","_tribe_ticket_has_attendee_info_fields":false,"footnotes":""},"categories":[124],"tags":[],"class_list":["post-35160","post","type-post","status-publish","format-standard","hentry","category-annonces-en"],"acf":[],"yoast_head":"<!-- This site is optimized with the Yoast SEO plugin v27.5 - https:\/\/yoast.com\/product\/yoast-seo-wordpress\/ -->\n<title>Affichage de poste - Responsable des r\u00e9seaux sociaux &#8226; MCAF<\/title>\n<meta name=\"robots\" content=\"index, follow, max-snippet:-1, max-image-preview:large, max-video-preview:-1\" \/>\n<link rel=\"canonical\" href=\"https:\/\/www.fbdm-mcaf.ca\/en\/univers-bd\/babillard\/annonces-en\/responsable-des-reseaux-sociaux\/\" \/>\n<meta property=\"og:locale\" content=\"en_US\" \/>\n<meta property=\"og:type\" content=\"article\" \/>\n<meta property=\"og:title\" content=\"Affichage de poste - Responsable des r\u00e9seaux sociaux &#8226; MCAF\" \/>\n<meta property=\"og:description\" content=\"Contrat permanent \u00e0 temps pleinLieu de travail : Plateau\u2013Mont-Royal, en mode hybrideEntr\u00e9e en poste souhait\u00e9e : octobre 2024, date exacte \u00e0 discuterSalaire variable selon exp\u00e9rience  Tu aimes la BD ?...Read more&nbsp;&gt;\" \/>\n<meta property=\"og:url\" content=\"https:\/\/www.fbdm-mcaf.ca\/en\/univers-bd\/babillard\/annonces-en\/responsable-des-reseaux-sociaux\/\" \/>\n<meta property=\"og:site_name\" content=\"MCAF\" \/>\n<meta property=\"article:publisher\" content=\"https:\/\/www.facebook.com\/FestivalBDMontreal\/\" \/>\n<meta property=\"article:published_time\" content=\"2024-03-07T02:10:29+00:00\" \/>\n<meta property=\"article:modified_time\" content=\"2024-09-09T14:54:10+00:00\" \/>\n<meta property=\"og:image\" content=\"https:\/\/www.fbdm-mcaf.ca\/wp-content\/uploads\/FBDM_logo_WEB.png\" \/>\n\t<meta property=\"og:image:width\" content=\"390\" \/>\n\t<meta property=\"og:image:height\" content=\"317\" \/>\n\t<meta property=\"og:image:type\" content=\"image\/png\" \/>\n<meta name=\"author\" content=\"Virginie Mont-Reynaud\" \/>\n<meta name=\"twitter:card\" content=\"summary_large_image\" \/>\n<meta name=\"twitter:creator\" content=\"@fbdm_mtl\" \/>\n<meta name=\"twitter:site\" content=\"@fbdm_mtl\" \/>\n<meta name=\"twitter:label1\" content=\"Written by\" \/>\n\t<meta name=\"twitter:data1\" content=\"Virginie Mont-Reynaud\" \/>\n\t<meta name=\"twitter:label2\" content=\"Est. reading time\" \/>\n\t<meta name=\"twitter:data2\" content=\"4 minutes\" \/>\n<script type=\"application\/ld+json\" class=\"yoast-schema-graph\">{\"@context\":\"https:\\\/\\\/schema.org\",\"@graph\":[{\"@type\":\"Article\",\"@id\":\"https:\\\/\\\/www.fbdm-mcaf.ca\\\/en\\\/univers-bd\\\/babillard\\\/annonces-en\\\/responsable-des-reseaux-sociaux\\\/#article\",\"isPartOf\":{\"@id\":\"https:\\\/\\\/www.fbdm-mcaf.ca\\\/en\\\/univers-bd\\\/babillard\\\/annonces-en\\\/responsable-des-reseaux-sociaux\\\/\"},\"author\":{\"name\":\"Virginie Mont-Reynaud\",\"@id\":\"https:\\\/\\\/www.fbdm-mcaf.ca\\\/en\\\/#\\\/schema\\\/person\\\/d68db62b132aa2d4d1eeecc77412069c\"},\"headline\":\"Affichage de poste &#8211; Responsable des r\u00e9seaux sociaux\",\"datePublished\":\"2024-03-07T02:10:29+00:00\",\"dateModified\":\"2024-09-09T14:54:10+00:00\",\"mainEntityOfPage\":{\"@id\":\"https:\\\/\\\/www.fbdm-mcaf.ca\\\/en\\\/univers-bd\\\/babillard\\\/annonces-en\\\/responsable-des-reseaux-sociaux\\\/\"},\"wordCount\":716,\"articleSection\":[\"Annonces\"],\"inLanguage\":\"en-US\"},{\"@type\":\"WebPage\",\"@id\":\"https:\\\/\\\/www.fbdm-mcaf.ca\\\/en\\\/univers-bd\\\/babillard\\\/annonces-en\\\/responsable-des-reseaux-sociaux\\\/\",\"url\":\"https:\\\/\\\/www.fbdm-mcaf.ca\\\/en\\\/univers-bd\\\/babillard\\\/annonces-en\\\/responsable-des-reseaux-sociaux\\\/\",\"name\":\"Affichage de poste - Responsable des r\u00e9seaux sociaux &#8226; MCAF\",\"isPartOf\":{\"@id\":\"https:\\\/\\\/www.fbdm-mcaf.ca\\\/en\\\/#website\"},\"datePublished\":\"2024-03-07T02:10:29+00:00\",\"dateModified\":\"2024-09-09T14:54:10+00:00\",\"author\":{\"@id\":\"https:\\\/\\\/www.fbdm-mcaf.ca\\\/en\\\/#\\\/schema\\\/person\\\/d68db62b132aa2d4d1eeecc77412069c\"},\"breadcrumb\":{\"@id\":\"https:\\\/\\\/www.fbdm-mcaf.ca\\\/en\\\/univers-bd\\\/babillard\\\/annonces-en\\\/responsable-des-reseaux-sociaux\\\/#breadcrumb\"},\"inLanguage\":\"en-US\",\"potentialAction\":[{\"@type\":\"ReadAction\",\"target\":[\"https:\\\/\\\/www.fbdm-mcaf.ca\\\/en\\\/univers-bd\\\/babillard\\\/annonces-en\\\/responsable-des-reseaux-sociaux\\\/\"]}]},{\"@type\":\"BreadcrumbList\",\"@id\":\"https:\\\/\\\/www.fbdm-mcaf.ca\\\/en\\\/univers-bd\\\/babillard\\\/annonces-en\\\/responsable-des-reseaux-sociaux\\\/#breadcrumb\",\"itemListElement\":[{\"@type\":\"ListItem\",\"position\":1,\"name\":\"Home\",\"item\":\"https:\\\/\\\/www.fbdm-mcaf.ca\\\/en\\\/\"},{\"@type\":\"ListItem\",\"position\":2,\"name\":\"Affichage de poste &#8211; Responsable des r\u00e9seaux sociaux\"}]},{\"@type\":\"WebSite\",\"@id\":\"https:\\\/\\\/www.fbdm-mcaf.ca\\\/en\\\/#website\",\"url\":\"https:\\\/\\\/www.fbdm-mcaf.ca\\\/en\\\/\",\"name\":\"MCAF\",\"description\":\"Montreal Comic Arts Festival\",\"potentialAction\":[{\"@type\":\"SearchAction\",\"target\":{\"@type\":\"EntryPoint\",\"urlTemplate\":\"https:\\\/\\\/www.fbdm-mcaf.ca\\\/en\\\/?s={search_term_string}\"},\"query-input\":{\"@type\":\"PropertyValueSpecification\",\"valueRequired\":true,\"valueName\":\"search_term_string\"}}],\"inLanguage\":\"en-US\"},{\"@type\":\"Person\",\"@id\":\"https:\\\/\\\/www.fbdm-mcaf.ca\\\/en\\\/#\\\/schema\\\/person\\\/d68db62b132aa2d4d1eeecc77412069c\",\"name\":\"Virginie Mont-Reynaud\",\"image\":{\"@type\":\"ImageObject\",\"inLanguage\":\"en-US\",\"@id\":\"https:\\\/\\\/secure.gravatar.com\\\/avatar\\\/b74abeb947e38d7493fd65ed46cc9a2438693581c8a6b8d45d9a912f82901f14?s=96&d=mm&r=g\",\"url\":\"https:\\\/\\\/secure.gravatar.com\\\/avatar\\\/b74abeb947e38d7493fd65ed46cc9a2438693581c8a6b8d45d9a912f82901f14?s=96&d=mm&r=g\",\"contentUrl\":\"https:\\\/\\\/secure.gravatar.com\\\/avatar\\\/b74abeb947e38d7493fd65ed46cc9a2438693581c8a6b8d45d9a912f82901f14?s=96&d=mm&r=g\",\"caption\":\"Virginie Mont-Reynaud\"}}]}<\/script>\n<!-- \/ Yoast SEO plugin. -->","yoast_head_json":{"title":"Affichage de poste - Responsable des r\u00e9seaux sociaux &#8226; MCAF","robots":{"index":"index","follow":"follow","max-snippet":"max-snippet:-1","max-image-preview":"max-image-preview:large","max-video-preview":"max-video-preview:-1"},"canonical":"https:\/\/www.fbdm-mcaf.ca\/en\/univers-bd\/babillard\/annonces-en\/responsable-des-reseaux-sociaux\/","og_locale":"en_US","og_type":"article","og_title":"Affichage de poste - Responsable des r\u00e9seaux sociaux &#8226; MCAF","og_description":"Contrat permanent \u00e0 temps pleinLieu de travail : Plateau\u2013Mont-Royal, en mode hybrideEntr\u00e9e en poste souhait\u00e9e : octobre 2024, date exacte \u00e0 discuterSalaire variable selon exp\u00e9rience  Tu aimes la BD ?...Read more&nbsp;>","og_url":"https:\/\/www.fbdm-mcaf.ca\/en\/univers-bd\/babillard\/annonces-en\/responsable-des-reseaux-sociaux\/","og_site_name":"MCAF","article_publisher":"https:\/\/www.facebook.com\/FestivalBDMontreal\/","article_published_time":"2024-03-07T02:10:29+00:00","article_modified_time":"2024-09-09T14:54:10+00:00","og_image":[{"width":390,"height":317,"url":"https:\/\/www.fbdm-mcaf.ca\/wp-content\/uploads\/FBDM_logo_WEB.png","type":"image\/png"}],"author":"Virginie Mont-Reynaud","twitter_card":"summary_large_image","twitter_creator":"@fbdm_mtl","twitter_site":"@fbdm_mtl","twitter_misc":{"Written by":"Virginie Mont-Reynaud","Est. reading time":"4 minutes"},"schema":{"@context":"https:\/\/schema.org","@graph":[{"@type":"Article","@id":"https:\/\/www.fbdm-mcaf.ca\/en\/univers-bd\/babillard\/annonces-en\/responsable-des-reseaux-sociaux\/#article","isPartOf":{"@id":"https:\/\/www.fbdm-mcaf.ca\/en\/univers-bd\/babillard\/annonces-en\/responsable-des-reseaux-sociaux\/"},"author":{"name":"Virginie Mont-Reynaud","@id":"https:\/\/www.fbdm-mcaf.ca\/en\/#\/schema\/person\/d68db62b132aa2d4d1eeecc77412069c"},"headline":"Affichage de poste &#8211; Responsable des r\u00e9seaux sociaux","datePublished":"2024-03-07T02:10:29+00:00","dateModified":"2024-09-09T14:54:10+00:00","mainEntityOfPage":{"@id":"https:\/\/www.fbdm-mcaf.ca\/en\/univers-bd\/babillard\/annonces-en\/responsable-des-reseaux-sociaux\/"},"wordCount":716,"articleSection":["Annonces"],"inLanguage":"en-US"},{"@type":"WebPage","@id":"https:\/\/www.fbdm-mcaf.ca\/en\/univers-bd\/babillard\/annonces-en\/responsable-des-reseaux-sociaux\/","url":"https:\/\/www.fbdm-mcaf.ca\/en\/univers-bd\/babillard\/annonces-en\/responsable-des-reseaux-sociaux\/","name":"Affichage de poste - Responsable des r\u00e9seaux sociaux &#8226; MCAF","isPartOf":{"@id":"https:\/\/www.fbdm-mcaf.ca\/en\/#website"},"datePublished":"2024-03-07T02:10:29+00:00","dateModified":"2024-09-09T14:54:10+00:00","author":{"@id":"https:\/\/www.fbdm-mcaf.ca\/en\/#\/schema\/person\/d68db62b132aa2d4d1eeecc77412069c"},"breadcrumb":{"@id":"https:\/\/www.fbdm-mcaf.ca\/en\/univers-bd\/babillard\/annonces-en\/responsable-des-reseaux-sociaux\/#breadcrumb"},"inLanguage":"en-US","potentialAction":[{"@type":"ReadAction","target":["https:\/\/www.fbdm-mcaf.ca\/en\/univers-bd\/babillard\/annonces-en\/responsable-des-reseaux-sociaux\/"]}]},{"@type":"BreadcrumbList","@id":"https:\/\/www.fbdm-mcaf.ca\/en\/univers-bd\/babillard\/annonces-en\/responsable-des-reseaux-sociaux\/#breadcrumb","itemListElement":[{"@type":"ListItem","position":1,"name":"Home","item":"https:\/\/www.fbdm-mcaf.ca\/en\/"},{"@type":"ListItem","position":2,"name":"Affichage de poste &#8211; Responsable des r\u00e9seaux sociaux"}]},{"@type":"WebSite","@id":"https:\/\/www.fbdm-mcaf.ca\/en\/#website","url":"https:\/\/www.fbdm-mcaf.ca\/en\/","name":"MCAF","description":"Montreal Comic Arts Festival","potentialAction":[{"@type":"SearchAction","target":{"@type":"EntryPoint","urlTemplate":"https:\/\/www.fbdm-mcaf.ca\/en\/?s={search_term_string}"},"query-input":{"@type":"PropertyValueSpecification","valueRequired":true,"valueName":"search_term_string"}}],"inLanguage":"en-US"},{"@type":"Person","@id":"https:\/\/www.fbdm-mcaf.ca\/en\/#\/schema\/person\/d68db62b132aa2d4d1eeecc77412069c","name":"Virginie Mont-Reynaud","image":{"@type":"ImageObject","inLanguage":"en-US","@id":"https:\/\/secure.gravatar.com\/avatar\/b74abeb947e38d7493fd65ed46cc9a2438693581c8a6b8d45d9a912f82901f14?s=96&d=mm&r=g","url":"https:\/\/secure.gravatar.com\/avatar\/b74abeb947e38d7493fd65ed46cc9a2438693581c8a6b8d45d9a912f82901f14?s=96&d=mm&r=g","contentUrl":"https:\/\/secure.gravatar.com\/avatar\/b74abeb947e38d7493fd65ed46cc9a2438693581c8a6b8d45d9a912f82901f14?s=96&d=mm&r=g","caption":"Virginie Mont-Reynaud"}}]}},"_links":{"self":[{"href":"https:\/\/www.fbdm-mcaf.ca\/en\/wp-json\/wp\/v2\/posts\/35160","targetHints":{"allow":["GET"]}}],"collection":[{"href":"https:\/\/www.fbdm-mcaf.ca\/en\/wp-json\/wp\/v2\/posts"}],"about":[{"href":"https:\/\/www.fbdm-mcaf.ca\/en\/wp-json\/wp\/v2\/types\/post"}],"author":[{"embeddable":true,"href":"https:\/\/www.fbdm-mcaf.ca\/en\/wp-json\/wp\/v2\/users\/2"}],"replies":[{"embeddable":true,"href":"https:\/\/www.fbdm-mcaf.ca\/en\/wp-json\/wp\/v2\/comments?post=35160"}],"version-history":[{"count":4,"href":"https:\/\/www.fbdm-mcaf.ca\/en\/wp-json\/wp\/v2\/posts\/35160\/revisions"}],"predecessor-version":[{"id":35179,"href":"https:\/\/www.fbdm-mcaf.ca\/en\/wp-json\/wp\/v2\/posts\/35160\/revisions\/35179"}],"wp:attachment":[{"href":"https:\/\/www.fbdm-mcaf.ca\/en\/wp-json\/wp\/v2\/media?parent=35160"}],"wp:term":[{"taxonomy":"category","embeddable":true,"href":"https:\/\/www.fbdm-mcaf.ca\/en\/wp-json\/wp\/v2\/categories?post=35160"},{"taxonomy":"post_tag","embeddable":true,"href":"https:\/\/www.fbdm-mcaf.ca\/en\/wp-json\/wp\/v2\/tags?post=35160"}],"curies":[{"name":"wp","href":"https:\/\/api.w.org\/{rel}","templated":true}]}}