{"id":33667,"date":"2024-03-22T10:00:00","date_gmt":"2024-03-22T14:00:00","guid":{"rendered":"https:\/\/www.fbdm-mcaf.ca\/?p=33667"},"modified":"2024-03-21T16:58:22","modified_gmt":"2024-03-21T20:58:22","slug":"do-you-know-the-bedelys-youth-award-jury","status":"publish","type":"post","link":"https:\/\/www.fbdm-mcaf.ca\/en\/univers-bd\/babillard\/news\/do-you-know-the-bedelys-youth-award-jury\/","title":{"rendered":"Do you Know the B\u00e9d\u00e9lys Youth Award Jury?"},"content":{"rendered":"\n<p>The B\u00e9d\u00e9lys Youth Qu\u00e9bec Award <strong>rewards the best French-language comic book intended for young people aged 7 to 14 since 1999.<\/strong> The choices are based on the cumulative votes of several juries of young readers. The\u00a0<em>r\u00e9seau des biblioth\u00e8ques de la Ville de Montr\u00e9al<\/em>\u00a0(City of Montreal library network) has sponsored the prize since 2000.<br>The winner receives a unique trophy.<\/p>\n\n\n\n<h3 class=\"wp-block-heading\">Selection Criteria<\/h3>\n\n\n\n<p>For this category, it is the librarians in charge of the juries who select a first reading list for young people. Here are the criteria used to determine the accepted works:<\/p>\n\n\n\n<ul class=\"wp-block-list\">\n<li>Publication in French language including translations for an audience aged 7 to 14<\/li>\n\n\n\n<li>Distribution in Quebec<\/li>\n\n\n\n<li>Must not be part of a series, only the first volumes are considered<\/li>\n<\/ul>\n\n\n\n<h3 class=\"wp-block-heading\">Jury<\/h3>\n\n\n\n<p>Made up of young comic book enthusiasts who regularly visit one of the participating libraries in the\u00a0<em>r\u00e9seau des biblioth\u00e8ques de la Ville de Montr\u00e9al<\/em>. They are looked after by librarians who help them discuss and analyze the selected works.<br>The participating libraries for the 25e B\u00e9d\u00e9lys Awards are: P\u00e8re-Ambroise and Marc-Favreau.<\/p>\n\n\n\n<ul class=\"wp-block-list\">\n<li>Audrey Bluteau, librarian<\/li>\n\n\n\n<li>Alexis Robin-Brisebois, librarian<\/li>\n<\/ul>\n\n\n\n<p>While we await the unveiling of the finalists for the 25th annual B\u00e9d\u00e9ly Awards, we&#8217;d like to introduce you to some of the members of the B\u00e9d\u00e9lys Youth\u00a0 jury in a slightly different format from our previous Q&amp;As. We went to meet six of the young readers, and were <strong>struck by their enthusiasm and pride<\/strong>.<\/p>\n\n\n\n<p>Even if it was these kids&#8217; first time participating in a jury of readers, there&#8217;s no doubt that the experience was a positive one, and that if the opportunity arises again, they&#8217;ll all be keen to repeat it.<\/p>\n\n\n\n<p>Following a lottery among the volunteers from their 5th grade class, these 6 lucky readers were able to read the works pre-selected by librarians Audrey and Alexis. <strong>\u201c19 books isn&#8217;t enough &#8211; I could have read 30!\u201d said one of the jury members<\/strong>.<\/p>\n\n\n\n<p>Passionate about reading in the broadest sense of the word, it&#8217;s both the images and the stories that seem to hold their attention. But of course, if the subject is about animals or makes reference to <em>Star Wars<\/em>, that&#8217;s a plus!<\/p>\n\n\n\n<p>Following their individual readings, each member of the jury fills in a questionnaire to rate the work out of 10, and writes a few lines about what they liked or didn&#8217;t like about it. <strong>The jury then meets to discuss and name their top 5.<\/strong> Scores can be as precise as 8.75\/10, and all opinions are listened to.<\/p>\n\n\n\n<p>For the final stage, librarians Audrey and Alexis collate the questionnaires from the two libraries&#8217; juries, pooling the top scores to come up with the five finalists for the B\u00e9d\u00e9lys Youth Award. The winning comic will then be selected at a final jury meeting.<\/p>\n","protected":false},"excerpt":{"rendered":"<p class=\"post-excerpt\">\n<p>The B\u00e9d\u00e9lys Youth Qu\u00e9bec Award <strong>rewards the best French-language comic book intended for young people aged 7 to 14 since 1999.<\/strong> The choices are based on the cumulative votes of several juries of young readers. The\u00a0<em>r\u00e9seau des biblioth\u00e8ques de la Ville de Montr\u00e9al<\/em>\u00a0(City of Montreal library network) has sponsored the prize since 2000.<\/p>\n<p>&#8230;<\/p>\n<p><a class=\"post-learn-more\" href=\"https:\/\/www.fbdm-mcaf.ca\/en\/univers-bd\/babillard\/news\/do-you-know-the-bedelys-youth-award-jury\/\">Read more<span>&nbsp;><\/span><\/a><\/p><\/p>\n","protected":false},"author":2,"featured_media":33671,"comment_status":"closed","ping_status":"closed","sticky":false,"template":"","format":"standard","meta":{"_acf_changed":false,"_price":"","_stock":"","_tribe_ticket_header":"","_tribe_default_ticket_provider":"","_tribe_ticket_capacity":"0","_ticket_start_date":"","_ticket_end_date":"","_tribe_ticket_show_description":"","_tribe_ticket_show_not_going":false,"_tribe_ticket_use_global_stock":"","_tribe_ticket_global_stock_level":"","_global_stock_mode":"","_global_stock_cap":"","_tribe_rsvp_for_event":"","_tribe_ticket_going_count":"","_tribe_ticket_not_going_count":"","_tribe_tickets_list":"[]","_tribe_ticket_has_attendee_info_fields":false,"footnotes":""},"categories":[295,83],"tags":[],"class_list":["post-33667","post","type-post","status-publish","format-standard","has-post-thumbnail","hentry","category-bedelys-2","category-news"],"acf":[],"yoast_head":"<!-- This site is optimized with the Yoast SEO plugin v27.5 - https:\/\/yoast.com\/product\/yoast-seo-wordpress\/ -->\n<title>Do you Know the B\u00e9d\u00e9lys Youth Award Jury? &#8226; MCAF<\/title>\n<meta name=\"robots\" content=\"index, follow, max-snippet:-1, max-image-preview:large, max-video-preview:-1\" \/>\n<link rel=\"canonical\" href=\"https:\/\/www.fbdm-mcaf.ca\/en\/univers-bd\/babillard\/news\/do-you-know-the-bedelys-youth-award-jury\/\" \/>\n<meta property=\"og:locale\" content=\"en_US\" \/>\n<meta property=\"og:type\" content=\"article\" \/>\n<meta property=\"og:title\" content=\"Do you Know the B\u00e9d\u00e9lys Youth Award Jury? &#8226; MCAF\" \/>\n<meta property=\"og:description\" content=\"The B\u00e9d\u00e9lys Youth Qu\u00e9bec Award rewards the best French-language comic book intended for young people aged 7 to 14 since 1999. The choices are based on the cumulative votes of several juries of young readers. The\u00a0r\u00e9seau des biblioth\u00e8ques de la Ville de Montr\u00e9al\u00a0(City of Montreal library network) has sponsored the prize since 2000....Read more&nbsp;&gt;\" \/>\n<meta property=\"og:url\" content=\"https:\/\/www.fbdm-mcaf.ca\/en\/univers-bd\/babillard\/news\/do-you-know-the-bedelys-youth-award-jury\/\" \/>\n<meta property=\"og:site_name\" content=\"MCAF\" \/>\n<meta property=\"article:publisher\" content=\"https:\/\/www.facebook.com\/FestivalBDMontreal\/\" \/>\n<meta property=\"article:published_time\" content=\"2024-03-22T14:00:00+00:00\" \/>\n<meta property=\"og:image\" content=\"https:\/\/www.fbdm-mcaf.ca\/wp-content\/uploads\/14.png\" \/>\n\t<meta property=\"og:image:width\" content=\"800\" \/>\n\t<meta property=\"og:image:height\" content=\"300\" \/>\n\t<meta property=\"og:image:type\" content=\"image\/png\" \/>\n<meta name=\"author\" content=\"Virginie Mont-Reynaud\" \/>\n<meta name=\"twitter:card\" content=\"summary_large_image\" \/>\n<meta name=\"twitter:creator\" content=\"@fbdm_mtl\" \/>\n<meta name=\"twitter:site\" content=\"@fbdm_mtl\" \/>\n<meta name=\"twitter:label1\" content=\"Written by\" \/>\n\t<meta name=\"twitter:data1\" content=\"Virginie Mont-Reynaud\" \/>\n\t<meta name=\"twitter:label2\" content=\"Est. reading time\" \/>\n\t<meta name=\"twitter:data2\" content=\"3 minutes\" \/>\n<script type=\"application\/ld+json\" class=\"yoast-schema-graph\">{\"@context\":\"https:\\\/\\\/schema.org\",\"@graph\":[{\"@type\":\"Article\",\"@id\":\"https:\\\/\\\/www.fbdm-mcaf.ca\\\/en\\\/univers-bd\\\/babillard\\\/news\\\/do-you-know-the-bedelys-youth-award-jury\\\/#article\",\"isPartOf\":{\"@id\":\"https:\\\/\\\/www.fbdm-mcaf.ca\\\/en\\\/univers-bd\\\/babillard\\\/news\\\/do-you-know-the-bedelys-youth-award-jury\\\/\"},\"author\":{\"name\":\"Virginie Mont-Reynaud\",\"@id\":\"https:\\\/\\\/www.fbdm-mcaf.ca\\\/en\\\/#\\\/schema\\\/person\\\/d68db62b132aa2d4d1eeecc77412069c\"},\"headline\":\"Do you Know the B\u00e9d\u00e9lys Youth Award Jury?\",\"datePublished\":\"2024-03-22T14:00:00+00:00\",\"mainEntityOfPage\":{\"@id\":\"https:\\\/\\\/www.fbdm-mcaf.ca\\\/en\\\/univers-bd\\\/babillard\\\/news\\\/do-you-know-the-bedelys-youth-award-jury\\\/\"},\"wordCount\":486,\"image\":{\"@id\":\"https:\\\/\\\/www.fbdm-mcaf.ca\\\/en\\\/univers-bd\\\/babillard\\\/news\\\/do-you-know-the-bedelys-youth-award-jury\\\/#primaryimage\"},\"thumbnailUrl\":\"https:\\\/\\\/www.fbdm-mcaf.ca\\\/wp-content\\\/uploads\\\/14.png\",\"articleSection\":[\"B\u00e9d\u00e9lys\",\"News\"],\"inLanguage\":\"en-US\"},{\"@type\":\"WebPage\",\"@id\":\"https:\\\/\\\/www.fbdm-mcaf.ca\\\/en\\\/univers-bd\\\/babillard\\\/news\\\/do-you-know-the-bedelys-youth-award-jury\\\/\",\"url\":\"https:\\\/\\\/www.fbdm-mcaf.ca\\\/en\\\/univers-bd\\\/babillard\\\/news\\\/do-you-know-the-bedelys-youth-award-jury\\\/\",\"name\":\"Do you Know the B\u00e9d\u00e9lys Youth Award Jury? &#8226; MCAF\",\"isPartOf\":{\"@id\":\"https:\\\/\\\/www.fbdm-mcaf.ca\\\/en\\\/#website\"},\"primaryImageOfPage\":{\"@id\":\"https:\\\/\\\/www.fbdm-mcaf.ca\\\/en\\\/univers-bd\\\/babillard\\\/news\\\/do-you-know-the-bedelys-youth-award-jury\\\/#primaryimage\"},\"image\":{\"@id\":\"https:\\\/\\\/www.fbdm-mcaf.ca\\\/en\\\/univers-bd\\\/babillard\\\/news\\\/do-you-know-the-bedelys-youth-award-jury\\\/#primaryimage\"},\"thumbnailUrl\":\"https:\\\/\\\/www.fbdm-mcaf.ca\\\/wp-content\\\/uploads\\\/14.png\",\"datePublished\":\"2024-03-22T14:00:00+00:00\",\"author\":{\"@id\":\"https:\\\/\\\/www.fbdm-mcaf.ca\\\/en\\\/#\\\/schema\\\/person\\\/d68db62b132aa2d4d1eeecc77412069c\"},\"breadcrumb\":{\"@id\":\"https:\\\/\\\/www.fbdm-mcaf.ca\\\/en\\\/univers-bd\\\/babillard\\\/news\\\/do-you-know-the-bedelys-youth-award-jury\\\/#breadcrumb\"},\"inLanguage\":\"en-US\",\"potentialAction\":[{\"@type\":\"ReadAction\",\"target\":[\"https:\\\/\\\/www.fbdm-mcaf.ca\\\/en\\\/univers-bd\\\/babillard\\\/news\\\/do-you-know-the-bedelys-youth-award-jury\\\/\"]}]},{\"@type\":\"ImageObject\",\"inLanguage\":\"en-US\",\"@id\":\"https:\\\/\\\/www.fbdm-mcaf.ca\\\/en\\\/univers-bd\\\/babillard\\\/news\\\/do-you-know-the-bedelys-youth-award-jury\\\/#primaryimage\",\"url\":\"https:\\\/\\\/www.fbdm-mcaf.ca\\\/wp-content\\\/uploads\\\/14.png\",\"contentUrl\":\"https:\\\/\\\/www.fbdm-mcaf.ca\\\/wp-content\\\/uploads\\\/14.png\",\"width\":800,\"height\":300},{\"@type\":\"BreadcrumbList\",\"@id\":\"https:\\\/\\\/www.fbdm-mcaf.ca\\\/en\\\/univers-bd\\\/babillard\\\/news\\\/do-you-know-the-bedelys-youth-award-jury\\\/#breadcrumb\",\"itemListElement\":[{\"@type\":\"ListItem\",\"position\":1,\"name\":\"Home\",\"item\":\"https:\\\/\\\/www.fbdm-mcaf.ca\\\/en\\\/\"},{\"@type\":\"ListItem\",\"position\":2,\"name\":\"Do you Know the B\u00e9d\u00e9lys Youth Award Jury?\"}]},{\"@type\":\"WebSite\",\"@id\":\"https:\\\/\\\/www.fbdm-mcaf.ca\\\/en\\\/#website\",\"url\":\"https:\\\/\\\/www.fbdm-mcaf.ca\\\/en\\\/\",\"name\":\"MCAF\",\"description\":\"Montreal Comic Arts Festival\",\"potentialAction\":[{\"@type\":\"SearchAction\",\"target\":{\"@type\":\"EntryPoint\",\"urlTemplate\":\"https:\\\/\\\/www.fbdm-mcaf.ca\\\/en\\\/?s={search_term_string}\"},\"query-input\":{\"@type\":\"PropertyValueSpecification\",\"valueRequired\":true,\"valueName\":\"search_term_string\"}}],\"inLanguage\":\"en-US\"},{\"@type\":\"Person\",\"@id\":\"https:\\\/\\\/www.fbdm-mcaf.ca\\\/en\\\/#\\\/schema\\\/person\\\/d68db62b132aa2d4d1eeecc77412069c\",\"name\":\"Virginie Mont-Reynaud\",\"image\":{\"@type\":\"ImageObject\",\"inLanguage\":\"en-US\",\"@id\":\"https:\\\/\\\/secure.gravatar.com\\\/avatar\\\/b74abeb947e38d7493fd65ed46cc9a2438693581c8a6b8d45d9a912f82901f14?s=96&d=mm&r=g\",\"url\":\"https:\\\/\\\/secure.gravatar.com\\\/avatar\\\/b74abeb947e38d7493fd65ed46cc9a2438693581c8a6b8d45d9a912f82901f14?s=96&d=mm&r=g\",\"contentUrl\":\"https:\\\/\\\/secure.gravatar.com\\\/avatar\\\/b74abeb947e38d7493fd65ed46cc9a2438693581c8a6b8d45d9a912f82901f14?s=96&d=mm&r=g\",\"caption\":\"Virginie Mont-Reynaud\"}}]}<\/script>\n<!-- \/ Yoast SEO plugin. -->","yoast_head_json":{"title":"Do you Know the B\u00e9d\u00e9lys Youth Award Jury? &#8226; MCAF","robots":{"index":"index","follow":"follow","max-snippet":"max-snippet:-1","max-image-preview":"max-image-preview:large","max-video-preview":"max-video-preview:-1"},"canonical":"https:\/\/www.fbdm-mcaf.ca\/en\/univers-bd\/babillard\/news\/do-you-know-the-bedelys-youth-award-jury\/","og_locale":"en_US","og_type":"article","og_title":"Do you Know the B\u00e9d\u00e9lys Youth Award Jury? &#8226; MCAF","og_description":"The B\u00e9d\u00e9lys Youth Qu\u00e9bec Award rewards the best French-language comic book intended for young people aged 7 to 14 since 1999. The choices are based on the cumulative votes of several juries of young readers. The\u00a0r\u00e9seau des biblioth\u00e8ques de la Ville de Montr\u00e9al\u00a0(City of Montreal library network) has sponsored the prize since 2000....Read more&nbsp;>","og_url":"https:\/\/www.fbdm-mcaf.ca\/en\/univers-bd\/babillard\/news\/do-you-know-the-bedelys-youth-award-jury\/","og_site_name":"MCAF","article_publisher":"https:\/\/www.facebook.com\/FestivalBDMontreal\/","article_published_time":"2024-03-22T14:00:00+00:00","og_image":[{"width":800,"height":300,"url":"https:\/\/www.fbdm-mcaf.ca\/wp-content\/uploads\/14.png","type":"image\/png"}],"author":"Virginie Mont-Reynaud","twitter_card":"summary_large_image","twitter_creator":"@fbdm_mtl","twitter_site":"@fbdm_mtl","twitter_misc":{"Written by":"Virginie Mont-Reynaud","Est. reading time":"3 minutes"},"schema":{"@context":"https:\/\/schema.org","@graph":[{"@type":"Article","@id":"https:\/\/www.fbdm-mcaf.ca\/en\/univers-bd\/babillard\/news\/do-you-know-the-bedelys-youth-award-jury\/#article","isPartOf":{"@id":"https:\/\/www.fbdm-mcaf.ca\/en\/univers-bd\/babillard\/news\/do-you-know-the-bedelys-youth-award-jury\/"},"author":{"name":"Virginie Mont-Reynaud","@id":"https:\/\/www.fbdm-mcaf.ca\/en\/#\/schema\/person\/d68db62b132aa2d4d1eeecc77412069c"},"headline":"Do you Know the B\u00e9d\u00e9lys Youth Award Jury?","datePublished":"2024-03-22T14:00:00+00:00","mainEntityOfPage":{"@id":"https:\/\/www.fbdm-mcaf.ca\/en\/univers-bd\/babillard\/news\/do-you-know-the-bedelys-youth-award-jury\/"},"wordCount":486,"image":{"@id":"https:\/\/www.fbdm-mcaf.ca\/en\/univers-bd\/babillard\/news\/do-you-know-the-bedelys-youth-award-jury\/#primaryimage"},"thumbnailUrl":"https:\/\/www.fbdm-mcaf.ca\/wp-content\/uploads\/14.png","articleSection":["B\u00e9d\u00e9lys","News"],"inLanguage":"en-US"},{"@type":"WebPage","@id":"https:\/\/www.fbdm-mcaf.ca\/en\/univers-bd\/babillard\/news\/do-you-know-the-bedelys-youth-award-jury\/","url":"https:\/\/www.fbdm-mcaf.ca\/en\/univers-bd\/babillard\/news\/do-you-know-the-bedelys-youth-award-jury\/","name":"Do you Know the B\u00e9d\u00e9lys Youth Award Jury? &#8226; MCAF","isPartOf":{"@id":"https:\/\/www.fbdm-mcaf.ca\/en\/#website"},"primaryImageOfPage":{"@id":"https:\/\/www.fbdm-mcaf.ca\/en\/univers-bd\/babillard\/news\/do-you-know-the-bedelys-youth-award-jury\/#primaryimage"},"image":{"@id":"https:\/\/www.fbdm-mcaf.ca\/en\/univers-bd\/babillard\/news\/do-you-know-the-bedelys-youth-award-jury\/#primaryimage"},"thumbnailUrl":"https:\/\/www.fbdm-mcaf.ca\/wp-content\/uploads\/14.png","datePublished":"2024-03-22T14:00:00+00:00","author":{"@id":"https:\/\/www.fbdm-mcaf.ca\/en\/#\/schema\/person\/d68db62b132aa2d4d1eeecc77412069c"},"breadcrumb":{"@id":"https:\/\/www.fbdm-mcaf.ca\/en\/univers-bd\/babillard\/news\/do-you-know-the-bedelys-youth-award-jury\/#breadcrumb"},"inLanguage":"en-US","potentialAction":[{"@type":"ReadAction","target":["https:\/\/www.fbdm-mcaf.ca\/en\/univers-bd\/babillard\/news\/do-you-know-the-bedelys-youth-award-jury\/"]}]},{"@type":"ImageObject","inLanguage":"en-US","@id":"https:\/\/www.fbdm-mcaf.ca\/en\/univers-bd\/babillard\/news\/do-you-know-the-bedelys-youth-award-jury\/#primaryimage","url":"https:\/\/www.fbdm-mcaf.ca\/wp-content\/uploads\/14.png","contentUrl":"https:\/\/www.fbdm-mcaf.ca\/wp-content\/uploads\/14.png","width":800,"height":300},{"@type":"BreadcrumbList","@id":"https:\/\/www.fbdm-mcaf.ca\/en\/univers-bd\/babillard\/news\/do-you-know-the-bedelys-youth-award-jury\/#breadcrumb","itemListElement":[{"@type":"ListItem","position":1,"name":"Home","item":"https:\/\/www.fbdm-mcaf.ca\/en\/"},{"@type":"ListItem","position":2,"name":"Do you Know the B\u00e9d\u00e9lys Youth Award Jury?"}]},{"@type":"WebSite","@id":"https:\/\/www.fbdm-mcaf.ca\/en\/#website","url":"https:\/\/www.fbdm-mcaf.ca\/en\/","name":"MCAF","description":"Montreal Comic Arts Festival","potentialAction":[{"@type":"SearchAction","target":{"@type":"EntryPoint","urlTemplate":"https:\/\/www.fbdm-mcaf.ca\/en\/?s={search_term_string}"},"query-input":{"@type":"PropertyValueSpecification","valueRequired":true,"valueName":"search_term_string"}}],"inLanguage":"en-US"},{"@type":"Person","@id":"https:\/\/www.fbdm-mcaf.ca\/en\/#\/schema\/person\/d68db62b132aa2d4d1eeecc77412069c","name":"Virginie Mont-Reynaud","image":{"@type":"ImageObject","inLanguage":"en-US","@id":"https:\/\/secure.gravatar.com\/avatar\/b74abeb947e38d7493fd65ed46cc9a2438693581c8a6b8d45d9a912f82901f14?s=96&d=mm&r=g","url":"https:\/\/secure.gravatar.com\/avatar\/b74abeb947e38d7493fd65ed46cc9a2438693581c8a6b8d45d9a912f82901f14?s=96&d=mm&r=g","contentUrl":"https:\/\/secure.gravatar.com\/avatar\/b74abeb947e38d7493fd65ed46cc9a2438693581c8a6b8d45d9a912f82901f14?s=96&d=mm&r=g","caption":"Virginie Mont-Reynaud"}}]}},"_links":{"self":[{"href":"https:\/\/www.fbdm-mcaf.ca\/en\/wp-json\/wp\/v2\/posts\/33667","targetHints":{"allow":["GET"]}}],"collection":[{"href":"https:\/\/www.fbdm-mcaf.ca\/en\/wp-json\/wp\/v2\/posts"}],"about":[{"href":"https:\/\/www.fbdm-mcaf.ca\/en\/wp-json\/wp\/v2\/types\/post"}],"author":[{"embeddable":true,"href":"https:\/\/www.fbdm-mcaf.ca\/en\/wp-json\/wp\/v2\/users\/2"}],"replies":[{"embeddable":true,"href":"https:\/\/www.fbdm-mcaf.ca\/en\/wp-json\/wp\/v2\/comments?post=33667"}],"version-history":[{"count":1,"href":"https:\/\/www.fbdm-mcaf.ca\/en\/wp-json\/wp\/v2\/posts\/33667\/revisions"}],"predecessor-version":[{"id":33673,"href":"https:\/\/www.fbdm-mcaf.ca\/en\/wp-json\/wp\/v2\/posts\/33667\/revisions\/33673"}],"wp:featuredmedia":[{"embeddable":true,"href":"https:\/\/www.fbdm-mcaf.ca\/en\/wp-json\/wp\/v2\/media\/33671"}],"wp:attachment":[{"href":"https:\/\/www.fbdm-mcaf.ca\/en\/wp-json\/wp\/v2\/media?parent=33667"}],"wp:term":[{"taxonomy":"category","embeddable":true,"href":"https:\/\/www.fbdm-mcaf.ca\/en\/wp-json\/wp\/v2\/categories?post=33667"},{"taxonomy":"post_tag","embeddable":true,"href":"https:\/\/www.fbdm-mcaf.ca\/en\/wp-json\/wp\/v2\/tags?post=33667"}],"curies":[{"name":"wp","href":"https:\/\/api.w.org\/{rel}","templated":true}]}}