{"id":33285,"date":"2023-12-05T10:06:10","date_gmt":"2023-12-05T15:06:10","guid":{"rendered":"https:\/\/www.fbdm-mcaf.ca\/?p=33285"},"modified":"2023-12-13T10:16:08","modified_gmt":"2023-12-13T15:16:08","slug":"les-chercheuses-en-bd-exhibition","status":"publish","type":"post","link":"https:\/\/www.fbdm-mcaf.ca\/en\/univers-bd\/babillard\/news\/les-chercheuses-en-bd-exhibition\/","title":{"rendered":"Les Chercheuses en BD Exhibition"},"content":{"rendered":"\n<p>MCAF, in partnership with the <strong>Consulate General of France in Quebec City<\/strong> and the <strong>Fonds de recherche du Qu\u00e9bec &#8211; Nature et Technologies<\/strong>, is launching the 2nd edition of the exhibition <strong><em>Les Chercheuses en BD<\/em><\/strong> (Women Researchers in Comics), to showcase the careers of the women who make up today&#8217;s science, in the STEM (Science, Technology, Engineering and Mathematics) fields.<\/p>\n\n\n\n<p>Following calls for applications launched this summer, numerous profiles of female researchers and cartoonists were received. Among them, 21 women from 13 Quebec universities were selected. The artists, from France and Quebec, were chosen by MCAF to work with them.<\/p>\n\n\n\n<p>Each scientist-comic duo exchanged ideas to produce two comic strips illustrating their research careers and activities.<\/p>\n\n\n\n<p>The exhibition will run from <strong>December 5, 2023 to January 16, 2024 at the Universit\u00e9 de Montr\u00e9al <\/strong>(Pavillon Jean-Brillant: 3200 Jean-Brillant, on the 2nd floor, near the legal clinic). <\/p>\n\n\n\n<p>Meet the 21 cartoonist-scientist duos whose works present these women who have made science their profession and their passion:<\/p>\n\n\n\n<ul class=\"wp-block-list\">\n<li>Mireille St-Pierre \/ Laetitia Jeancolas (Concordia)<\/li>\n\n\n\n<li>Marguerite Sauvage \/ Marie-H\u00e9l\u00e8ne Beaus\u00e9jour (\u00c9TS)<\/li>\n\n\n\n<li>Caroline Lavergne \/ Martine Dub\u00e9 (\u00c9TS)<\/li>\n\n\n\n<li>Philippine Brenac \/ Tasseda Boukerroub (\u00c9TS)<\/li>\n\n\n\n<li>Charlotte Melly \/ G\u00e9raldine Deb\u00e8s (INRS)<\/li>\n\n\n\n<li>Catherine Bard \/ Melany Juarez (INRS)<\/li>\n\n\n\n<li>Chlo\u00e9 Baillargeon \/ Sabrina Schlienger (McGill)<\/li>\n\n\n\n<li>Chlo\u00e9 Mayoux \/ Marjorie Cellier (McGill)<\/li>\n\n\n\n<li>Severine Tales \/ Juliette Pierre (Polytechnique)<\/li>\n\n\n\n<li>Anne Valletta \/ Julie Hlavacek-Larrondo (UdeM)<\/li>\n\n\n\n<li>St\u00e9phanie Milot \/ Audrey Laventure (UdeM)<\/li>\n\n\n\n<li>Marguerite Boulanger \/ Fahima Nekka (UdeM)<\/li>\n\n\n\n<li>Katya River \/ Marie-Pierre L\u00e9tourneau Montminy (Universit\u00e9 Laval)<\/li>\n\n\n\n<li>Dynah Laloum \/ Corinne Gendron (UQAM)<\/li>\n\n\n\n<li>Coline Gaudillere \/ Rivellie Tchuisseu (UQAM)<\/li>\n\n\n\n<li>Annabelle Brazeau \/ Laisa Peixoto Ramos (UQAR)<\/li>\n\n\n\n<li>Juliane Choquette-Lelarge \/ Julie Anquetin (UQAR)<\/li>\n\n\n\n<li>Sophie B\u00e9dard \/ Cheng Lizhen (UQAT)<\/li>\n\n\n\n<li>Charlotte Parent \/ Audrey Maheu (UQO)<\/li>\n\n\n\n<li>Roxanne Dionne \/ Syrina Al Ain (UQTR)<\/li>\n\n\n\n<li>Ariane Cloutier \/ Eve Langelier (UDS)<\/li>\n<\/ul>\n\n\n\n<p>Thanks to Sophie B\u00e9dard for the exhibition poster.<\/p>\n\n\n\n<p><em>Please note that this exhibition is in French only.<\/em><\/p>\n","protected":false},"excerpt":{"rendered":"<p class=\"post-excerpt\">\n<p>MCAF, in partnership with the <strong>Consulate General of France in Quebec City<\/strong> and the <strong>Fonds de recherche du Qu\u00e9bec &#8211; Nature et Technologies<\/strong>, is launching the 2nd edition of the exhibition <strong><em>Les Chercheuses en BD<\/em><\/strong> (Women Researchers in Comics), to showcase the careers of the women who make up today&#8217;s science,<\/p>\n<p>&#8230;<\/p>\n<p><a class=\"post-learn-more\" href=\"https:\/\/www.fbdm-mcaf.ca\/en\/univers-bd\/babillard\/news\/les-chercheuses-en-bd-exhibition\/\">Read more<span>&nbsp;><\/span><\/a><\/p><\/p>\n","protected":false},"author":2,"featured_media":33287,"comment_status":"closed","ping_status":"closed","sticky":false,"template":"","format":"standard","meta":{"_acf_changed":false,"_price":"","_stock":"","_tribe_ticket_header":"","_tribe_default_ticket_provider":"","_tribe_ticket_capacity":"0","_ticket_start_date":"","_ticket_end_date":"","_tribe_ticket_show_description":"","_tribe_ticket_show_not_going":false,"_tribe_ticket_use_global_stock":"","_tribe_ticket_global_stock_level":"","_global_stock_mode":"","_global_stock_cap":"","_tribe_rsvp_for_event":"","_tribe_ticket_going_count":"","_tribe_ticket_not_going_count":"","_tribe_tickets_list":"[]","_tribe_ticket_has_attendee_info_fields":false,"footnotes":""},"categories":[83],"tags":[],"class_list":["post-33285","post","type-post","status-publish","format-standard","has-post-thumbnail","hentry","category-news"],"acf":[],"yoast_head":"<!-- This site is optimized with the Yoast SEO plugin v27.5 - https:\/\/yoast.com\/product\/yoast-seo-wordpress\/ -->\n<title>Les Chercheuses en BD Exhibition &#8226; MCAF<\/title>\n<meta name=\"robots\" content=\"index, follow, max-snippet:-1, max-image-preview:large, max-video-preview:-1\" \/>\n<link rel=\"canonical\" href=\"https:\/\/www.fbdm-mcaf.ca\/en\/univers-bd\/babillard\/news\/les-chercheuses-en-bd-exhibition\/\" \/>\n<meta property=\"og:locale\" content=\"en_US\" \/>\n<meta property=\"og:type\" content=\"article\" \/>\n<meta property=\"og:title\" content=\"Les Chercheuses en BD Exhibition &#8226; MCAF\" \/>\n<meta property=\"og:description\" content=\"MCAF, in partnership with the Consulate General of France in Quebec City and the Fonds de recherche du Qu\u00e9bec &#8211; Nature et Technologies, is launching the 2nd edition of the exhibition Les Chercheuses en BD (Women Researchers in Comics), to showcase the careers of the women who make up today&#8217;s science,...Read more&nbsp;&gt;\" \/>\n<meta property=\"og:url\" content=\"https:\/\/www.fbdm-mcaf.ca\/en\/univers-bd\/babillard\/news\/les-chercheuses-en-bd-exhibition\/\" \/>\n<meta property=\"og:site_name\" content=\"MCAF\" \/>\n<meta property=\"article:publisher\" content=\"https:\/\/www.facebook.com\/FestivalBDMontreal\/\" \/>\n<meta property=\"article:published_time\" content=\"2023-12-05T15:06:10+00:00\" \/>\n<meta property=\"article:modified_time\" content=\"2023-12-13T15:16:08+00:00\" \/>\n<meta property=\"og:image\" content=\"https:\/\/www.fbdm-mcaf.ca\/wp-content\/uploads\/expoLeschercheusesenBD2023-banniere.png\" \/>\n\t<meta property=\"og:image:width\" content=\"1920\" \/>\n\t<meta property=\"og:image:height\" content=\"1080\" \/>\n\t<meta property=\"og:image:type\" content=\"image\/png\" \/>\n<meta name=\"author\" content=\"Virginie Mont-Reynaud\" \/>\n<meta name=\"twitter:card\" content=\"summary_large_image\" \/>\n<meta name=\"twitter:creator\" content=\"@fbdm_mtl\" \/>\n<meta name=\"twitter:site\" content=\"@fbdm_mtl\" \/>\n<meta name=\"twitter:label1\" content=\"Written by\" \/>\n\t<meta name=\"twitter:data1\" content=\"Virginie Mont-Reynaud\" \/>\n\t<meta name=\"twitter:label2\" content=\"Est. reading time\" \/>\n\t<meta name=\"twitter:data2\" content=\"2 minutes\" \/>\n<script type=\"application\/ld+json\" class=\"yoast-schema-graph\">{\"@context\":\"https:\\\/\\\/schema.org\",\"@graph\":[{\"@type\":\"Article\",\"@id\":\"https:\\\/\\\/www.fbdm-mcaf.ca\\\/en\\\/univers-bd\\\/babillard\\\/news\\\/les-chercheuses-en-bd-exhibition\\\/#article\",\"isPartOf\":{\"@id\":\"https:\\\/\\\/www.fbdm-mcaf.ca\\\/en\\\/univers-bd\\\/babillard\\\/news\\\/les-chercheuses-en-bd-exhibition\\\/\"},\"author\":{\"name\":\"Virginie Mont-Reynaud\",\"@id\":\"https:\\\/\\\/www.fbdm-mcaf.ca\\\/en\\\/#\\\/schema\\\/person\\\/d68db62b132aa2d4d1eeecc77412069c\"},\"headline\":\"Les Chercheuses en BD Exhibition\",\"datePublished\":\"2023-12-05T15:06:10+00:00\",\"dateModified\":\"2023-12-13T15:16:08+00:00\",\"mainEntityOfPage\":{\"@id\":\"https:\\\/\\\/www.fbdm-mcaf.ca\\\/en\\\/univers-bd\\\/babillard\\\/news\\\/les-chercheuses-en-bd-exhibition\\\/\"},\"wordCount\":299,\"image\":{\"@id\":\"https:\\\/\\\/www.fbdm-mcaf.ca\\\/en\\\/univers-bd\\\/babillard\\\/news\\\/les-chercheuses-en-bd-exhibition\\\/#primaryimage\"},\"thumbnailUrl\":\"https:\\\/\\\/www.fbdm-mcaf.ca\\\/wp-content\\\/uploads\\\/expoLeschercheusesenBD2023-banniere.png\",\"articleSection\":[\"News\"],\"inLanguage\":\"en-US\"},{\"@type\":\"WebPage\",\"@id\":\"https:\\\/\\\/www.fbdm-mcaf.ca\\\/en\\\/univers-bd\\\/babillard\\\/news\\\/les-chercheuses-en-bd-exhibition\\\/\",\"url\":\"https:\\\/\\\/www.fbdm-mcaf.ca\\\/en\\\/univers-bd\\\/babillard\\\/news\\\/les-chercheuses-en-bd-exhibition\\\/\",\"name\":\"Les Chercheuses en BD Exhibition &#8226; MCAF\",\"isPartOf\":{\"@id\":\"https:\\\/\\\/www.fbdm-mcaf.ca\\\/en\\\/#website\"},\"primaryImageOfPage\":{\"@id\":\"https:\\\/\\\/www.fbdm-mcaf.ca\\\/en\\\/univers-bd\\\/babillard\\\/news\\\/les-chercheuses-en-bd-exhibition\\\/#primaryimage\"},\"image\":{\"@id\":\"https:\\\/\\\/www.fbdm-mcaf.ca\\\/en\\\/univers-bd\\\/babillard\\\/news\\\/les-chercheuses-en-bd-exhibition\\\/#primaryimage\"},\"thumbnailUrl\":\"https:\\\/\\\/www.fbdm-mcaf.ca\\\/wp-content\\\/uploads\\\/expoLeschercheusesenBD2023-banniere.png\",\"datePublished\":\"2023-12-05T15:06:10+00:00\",\"dateModified\":\"2023-12-13T15:16:08+00:00\",\"author\":{\"@id\":\"https:\\\/\\\/www.fbdm-mcaf.ca\\\/en\\\/#\\\/schema\\\/person\\\/d68db62b132aa2d4d1eeecc77412069c\"},\"breadcrumb\":{\"@id\":\"https:\\\/\\\/www.fbdm-mcaf.ca\\\/en\\\/univers-bd\\\/babillard\\\/news\\\/les-chercheuses-en-bd-exhibition\\\/#breadcrumb\"},\"inLanguage\":\"en-US\",\"potentialAction\":[{\"@type\":\"ReadAction\",\"target\":[\"https:\\\/\\\/www.fbdm-mcaf.ca\\\/en\\\/univers-bd\\\/babillard\\\/news\\\/les-chercheuses-en-bd-exhibition\\\/\"]}]},{\"@type\":\"ImageObject\",\"inLanguage\":\"en-US\",\"@id\":\"https:\\\/\\\/www.fbdm-mcaf.ca\\\/en\\\/univers-bd\\\/babillard\\\/news\\\/les-chercheuses-en-bd-exhibition\\\/#primaryimage\",\"url\":\"https:\\\/\\\/www.fbdm-mcaf.ca\\\/wp-content\\\/uploads\\\/expoLeschercheusesenBD2023-banniere.png\",\"contentUrl\":\"https:\\\/\\\/www.fbdm-mcaf.ca\\\/wp-content\\\/uploads\\\/expoLeschercheusesenBD2023-banniere.png\",\"width\":1920,\"height\":1080},{\"@type\":\"BreadcrumbList\",\"@id\":\"https:\\\/\\\/www.fbdm-mcaf.ca\\\/en\\\/univers-bd\\\/babillard\\\/news\\\/les-chercheuses-en-bd-exhibition\\\/#breadcrumb\",\"itemListElement\":[{\"@type\":\"ListItem\",\"position\":1,\"name\":\"Home\",\"item\":\"https:\\\/\\\/www.fbdm-mcaf.ca\\\/en\\\/\"},{\"@type\":\"ListItem\",\"position\":2,\"name\":\"Les Chercheuses en BD Exhibition\"}]},{\"@type\":\"WebSite\",\"@id\":\"https:\\\/\\\/www.fbdm-mcaf.ca\\\/en\\\/#website\",\"url\":\"https:\\\/\\\/www.fbdm-mcaf.ca\\\/en\\\/\",\"name\":\"MCAF\",\"description\":\"Montreal Comic Arts Festival\",\"potentialAction\":[{\"@type\":\"SearchAction\",\"target\":{\"@type\":\"EntryPoint\",\"urlTemplate\":\"https:\\\/\\\/www.fbdm-mcaf.ca\\\/en\\\/?s={search_term_string}\"},\"query-input\":{\"@type\":\"PropertyValueSpecification\",\"valueRequired\":true,\"valueName\":\"search_term_string\"}}],\"inLanguage\":\"en-US\"},{\"@type\":\"Person\",\"@id\":\"https:\\\/\\\/www.fbdm-mcaf.ca\\\/en\\\/#\\\/schema\\\/person\\\/d68db62b132aa2d4d1eeecc77412069c\",\"name\":\"Virginie Mont-Reynaud\",\"image\":{\"@type\":\"ImageObject\",\"inLanguage\":\"en-US\",\"@id\":\"https:\\\/\\\/secure.gravatar.com\\\/avatar\\\/b74abeb947e38d7493fd65ed46cc9a2438693581c8a6b8d45d9a912f82901f14?s=96&d=mm&r=g\",\"url\":\"https:\\\/\\\/secure.gravatar.com\\\/avatar\\\/b74abeb947e38d7493fd65ed46cc9a2438693581c8a6b8d45d9a912f82901f14?s=96&d=mm&r=g\",\"contentUrl\":\"https:\\\/\\\/secure.gravatar.com\\\/avatar\\\/b74abeb947e38d7493fd65ed46cc9a2438693581c8a6b8d45d9a912f82901f14?s=96&d=mm&r=g\",\"caption\":\"Virginie Mont-Reynaud\"}}]}<\/script>\n<!-- \/ Yoast SEO plugin. -->","yoast_head_json":{"title":"Les Chercheuses en BD Exhibition &#8226; MCAF","robots":{"index":"index","follow":"follow","max-snippet":"max-snippet:-1","max-image-preview":"max-image-preview:large","max-video-preview":"max-video-preview:-1"},"canonical":"https:\/\/www.fbdm-mcaf.ca\/en\/univers-bd\/babillard\/news\/les-chercheuses-en-bd-exhibition\/","og_locale":"en_US","og_type":"article","og_title":"Les Chercheuses en BD Exhibition &#8226; MCAF","og_description":"MCAF, in partnership with the Consulate General of France in Quebec City and the Fonds de recherche du Qu\u00e9bec &#8211; Nature et Technologies, is launching the 2nd edition of the exhibition Les Chercheuses en BD (Women Researchers in Comics), to showcase the careers of the women who make up today&#8217;s science,...Read more&nbsp;>","og_url":"https:\/\/www.fbdm-mcaf.ca\/en\/univers-bd\/babillard\/news\/les-chercheuses-en-bd-exhibition\/","og_site_name":"MCAF","article_publisher":"https:\/\/www.facebook.com\/FestivalBDMontreal\/","article_published_time":"2023-12-05T15:06:10+00:00","article_modified_time":"2023-12-13T15:16:08+00:00","og_image":[{"width":1920,"height":1080,"url":"https:\/\/www.fbdm-mcaf.ca\/wp-content\/uploads\/expoLeschercheusesenBD2023-banniere.png","type":"image\/png"}],"author":"Virginie Mont-Reynaud","twitter_card":"summary_large_image","twitter_creator":"@fbdm_mtl","twitter_site":"@fbdm_mtl","twitter_misc":{"Written by":"Virginie Mont-Reynaud","Est. reading time":"2 minutes"},"schema":{"@context":"https:\/\/schema.org","@graph":[{"@type":"Article","@id":"https:\/\/www.fbdm-mcaf.ca\/en\/univers-bd\/babillard\/news\/les-chercheuses-en-bd-exhibition\/#article","isPartOf":{"@id":"https:\/\/www.fbdm-mcaf.ca\/en\/univers-bd\/babillard\/news\/les-chercheuses-en-bd-exhibition\/"},"author":{"name":"Virginie Mont-Reynaud","@id":"https:\/\/www.fbdm-mcaf.ca\/en\/#\/schema\/person\/d68db62b132aa2d4d1eeecc77412069c"},"headline":"Les Chercheuses en BD Exhibition","datePublished":"2023-12-05T15:06:10+00:00","dateModified":"2023-12-13T15:16:08+00:00","mainEntityOfPage":{"@id":"https:\/\/www.fbdm-mcaf.ca\/en\/univers-bd\/babillard\/news\/les-chercheuses-en-bd-exhibition\/"},"wordCount":299,"image":{"@id":"https:\/\/www.fbdm-mcaf.ca\/en\/univers-bd\/babillard\/news\/les-chercheuses-en-bd-exhibition\/#primaryimage"},"thumbnailUrl":"https:\/\/www.fbdm-mcaf.ca\/wp-content\/uploads\/expoLeschercheusesenBD2023-banniere.png","articleSection":["News"],"inLanguage":"en-US"},{"@type":"WebPage","@id":"https:\/\/www.fbdm-mcaf.ca\/en\/univers-bd\/babillard\/news\/les-chercheuses-en-bd-exhibition\/","url":"https:\/\/www.fbdm-mcaf.ca\/en\/univers-bd\/babillard\/news\/les-chercheuses-en-bd-exhibition\/","name":"Les Chercheuses en BD Exhibition &#8226; MCAF","isPartOf":{"@id":"https:\/\/www.fbdm-mcaf.ca\/en\/#website"},"primaryImageOfPage":{"@id":"https:\/\/www.fbdm-mcaf.ca\/en\/univers-bd\/babillard\/news\/les-chercheuses-en-bd-exhibition\/#primaryimage"},"image":{"@id":"https:\/\/www.fbdm-mcaf.ca\/en\/univers-bd\/babillard\/news\/les-chercheuses-en-bd-exhibition\/#primaryimage"},"thumbnailUrl":"https:\/\/www.fbdm-mcaf.ca\/wp-content\/uploads\/expoLeschercheusesenBD2023-banniere.png","datePublished":"2023-12-05T15:06:10+00:00","dateModified":"2023-12-13T15:16:08+00:00","author":{"@id":"https:\/\/www.fbdm-mcaf.ca\/en\/#\/schema\/person\/d68db62b132aa2d4d1eeecc77412069c"},"breadcrumb":{"@id":"https:\/\/www.fbdm-mcaf.ca\/en\/univers-bd\/babillard\/news\/les-chercheuses-en-bd-exhibition\/#breadcrumb"},"inLanguage":"en-US","potentialAction":[{"@type":"ReadAction","target":["https:\/\/www.fbdm-mcaf.ca\/en\/univers-bd\/babillard\/news\/les-chercheuses-en-bd-exhibition\/"]}]},{"@type":"ImageObject","inLanguage":"en-US","@id":"https:\/\/www.fbdm-mcaf.ca\/en\/univers-bd\/babillard\/news\/les-chercheuses-en-bd-exhibition\/#primaryimage","url":"https:\/\/www.fbdm-mcaf.ca\/wp-content\/uploads\/expoLeschercheusesenBD2023-banniere.png","contentUrl":"https:\/\/www.fbdm-mcaf.ca\/wp-content\/uploads\/expoLeschercheusesenBD2023-banniere.png","width":1920,"height":1080},{"@type":"BreadcrumbList","@id":"https:\/\/www.fbdm-mcaf.ca\/en\/univers-bd\/babillard\/news\/les-chercheuses-en-bd-exhibition\/#breadcrumb","itemListElement":[{"@type":"ListItem","position":1,"name":"Home","item":"https:\/\/www.fbdm-mcaf.ca\/en\/"},{"@type":"ListItem","position":2,"name":"Les Chercheuses en BD Exhibition"}]},{"@type":"WebSite","@id":"https:\/\/www.fbdm-mcaf.ca\/en\/#website","url":"https:\/\/www.fbdm-mcaf.ca\/en\/","name":"MCAF","description":"Montreal Comic Arts Festival","potentialAction":[{"@type":"SearchAction","target":{"@type":"EntryPoint","urlTemplate":"https:\/\/www.fbdm-mcaf.ca\/en\/?s={search_term_string}"},"query-input":{"@type":"PropertyValueSpecification","valueRequired":true,"valueName":"search_term_string"}}],"inLanguage":"en-US"},{"@type":"Person","@id":"https:\/\/www.fbdm-mcaf.ca\/en\/#\/schema\/person\/d68db62b132aa2d4d1eeecc77412069c","name":"Virginie Mont-Reynaud","image":{"@type":"ImageObject","inLanguage":"en-US","@id":"https:\/\/secure.gravatar.com\/avatar\/b74abeb947e38d7493fd65ed46cc9a2438693581c8a6b8d45d9a912f82901f14?s=96&d=mm&r=g","url":"https:\/\/secure.gravatar.com\/avatar\/b74abeb947e38d7493fd65ed46cc9a2438693581c8a6b8d45d9a912f82901f14?s=96&d=mm&r=g","contentUrl":"https:\/\/secure.gravatar.com\/avatar\/b74abeb947e38d7493fd65ed46cc9a2438693581c8a6b8d45d9a912f82901f14?s=96&d=mm&r=g","caption":"Virginie Mont-Reynaud"}}]}},"_links":{"self":[{"href":"https:\/\/www.fbdm-mcaf.ca\/en\/wp-json\/wp\/v2\/posts\/33285","targetHints":{"allow":["GET"]}}],"collection":[{"href":"https:\/\/www.fbdm-mcaf.ca\/en\/wp-json\/wp\/v2\/posts"}],"about":[{"href":"https:\/\/www.fbdm-mcaf.ca\/en\/wp-json\/wp\/v2\/types\/post"}],"author":[{"embeddable":true,"href":"https:\/\/www.fbdm-mcaf.ca\/en\/wp-json\/wp\/v2\/users\/2"}],"replies":[{"embeddable":true,"href":"https:\/\/www.fbdm-mcaf.ca\/en\/wp-json\/wp\/v2\/comments?post=33285"}],"version-history":[{"count":1,"href":"https:\/\/www.fbdm-mcaf.ca\/en\/wp-json\/wp\/v2\/posts\/33285\/revisions"}],"predecessor-version":[{"id":33292,"href":"https:\/\/www.fbdm-mcaf.ca\/en\/wp-json\/wp\/v2\/posts\/33285\/revisions\/33292"}],"wp:featuredmedia":[{"embeddable":true,"href":"https:\/\/www.fbdm-mcaf.ca\/en\/wp-json\/wp\/v2\/media\/33287"}],"wp:attachment":[{"href":"https:\/\/www.fbdm-mcaf.ca\/en\/wp-json\/wp\/v2\/media?parent=33285"}],"wp:term":[{"taxonomy":"category","embeddable":true,"href":"https:\/\/www.fbdm-mcaf.ca\/en\/wp-json\/wp\/v2\/categories?post=33285"},{"taxonomy":"post_tag","embeddable":true,"href":"https:\/\/www.fbdm-mcaf.ca\/en\/wp-json\/wp\/v2\/tags?post=33285"}],"curies":[{"name":"wp","href":"https:\/\/api.w.org\/{rel}","templated":true}]}}