{"id":33052,"date":"2023-09-07T15:00:00","date_gmt":"2023-09-07T19:00:00","guid":{"rendered":"https:\/\/www.fbdm-mcaf.ca\/univers-bd\/babillard\/uncategorized\/cest-la-rentree-litteraire-au-fbdm\/"},"modified":"2023-09-07T15:37:09","modified_gmt":"2023-09-07T19:37:09","slug":"cest-la-rentree-litteraire-au-fbdm","status":"publish","type":"post","link":"https:\/\/www.fbdm-mcaf.ca\/en\/univers-bd\/babillard\/news\/cest-la-rentree-litteraire-au-fbdm\/","title":{"rendered":"Fall Into Comics with MCAF"},"content":{"rendered":"<div class=\"wp-block-image\">\n<figure class=\"alignright size-large is-resized\"><img loading=\"lazy\" decoding=\"async\" src=\"https:\/\/www.fbdm-mcaf.ca\/wp-content\/uploads\/\/BedelysIndependent2023_CallForApplication_1080x1080-1024x1024.jpg\" alt=\"\" class=\"wp-image-32985\" style=\"width:195px;height:195px\" width=\"195\" height=\"195\" srcset=\"https:\/\/www.fbdm-mcaf.ca\/wp-content\/uploads\/BedelysIndependent2023_CallForApplication_1080x1080-1024x1024.jpg 1024w, https:\/\/www.fbdm-mcaf.ca\/wp-content\/uploads\/BedelysIndependent2023_CallForApplication_1080x1080-300x300.jpg 300w, https:\/\/www.fbdm-mcaf.ca\/wp-content\/uploads\/BedelysIndependent2023_CallForApplication_1080x1080-150x150.jpg 150w, https:\/\/www.fbdm-mcaf.ca\/wp-content\/uploads\/BedelysIndependent2023_CallForApplication_1080x1080-768x768.jpg 768w, https:\/\/www.fbdm-mcaf.ca\/wp-content\/uploads\/BedelysIndependent2023_CallForApplication_1080x1080-100x100.jpg 100w, https:\/\/www.fbdm-mcaf.ca\/wp-content\/uploads\/BedelysIndependent2023_CallForApplication_1080x1080-710x710.jpg 710w, https:\/\/www.fbdm-mcaf.ca\/wp-content\/uploads\/BedelysIndependent2023_CallForApplication_1080x1080-700x700.jpg 700w, https:\/\/www.fbdm-mcaf.ca\/wp-content\/uploads\/BedelysIndependent2023_CallForApplication_1080x1080-48x48.jpg 48w, https:\/\/www.fbdm-mcaf.ca\/wp-content\/uploads\/BedelysIndependent2023_CallForApplication_1080x1080-250x250.jpg 250w, https:\/\/www.fbdm-mcaf.ca\/wp-content\/uploads\/BedelysIndependent2023_CallForApplication_1080x1080-550x550.jpg 550w, https:\/\/www.fbdm-mcaf.ca\/wp-content\/uploads\/BedelysIndependent2023_CallForApplication_1080x1080-800x800.jpg 800w, https:\/\/www.fbdm-mcaf.ca\/wp-content\/uploads\/BedelysIndependent2023_CallForApplication_1080x1080-180x180.jpg 180w, https:\/\/www.fbdm-mcaf.ca\/wp-content\/uploads\/BedelysIndependent2023_CallForApplication_1080x1080-500x500.jpg 500w, https:\/\/www.fbdm-mcaf.ca\/wp-content\/uploads\/BedelysIndependent2023_CallForApplication_1080x1080-200x200.jpg 200w, https:\/\/www.fbdm-mcaf.ca\/wp-content\/uploads\/BedelysIndependent2023_CallForApplication_1080x1080.jpg 1080w\" sizes=\"auto, (max-width: 195px) 100vw, 195px\" \/><figcaption class=\"wp-element-caption\"><em>Illustration by Art or Die<\/em><\/figcaption><\/figure>\n<\/div>\n\n\n<h3 class=\"wp-block-heading\">Submissions Are Open<\/h3>\n\n\n\n<p>The time has come to submit your work for the&nbsp;<strong>B\u00e9d\u00e9lys Independent Awards<\/strong>!<\/p>\n\n\n\n<p>The B\u00e9d\u00e9lys Independent Awards recognize the best self-published comics created in Qu\u00e9bec. The awards include a prize of $1000, an original trophy and a shared table at next year\u2019s MCAF!<\/p>\n\n\n\n<p><em>Submissions can be in French or English.<\/em><\/p>\n\n\n\n<div class=\"wp-block-buttons is-layout-flex wp-block-buttons-is-layout-flex\">\n<div class=\"wp-block-button\"><a class=\"wp-block-button__link wp-element-button\" href=\"https:\/\/www.fbdm-mcaf.ca\/en\/univers-bd\/babillard\/annonces-en\/2023-bedelys-independent-submissions-now-open\/\" target=\"_blank\" rel=\"noreferrer noopener\">All the Details<\/a><\/div>\n<\/div>\n\n\n\n<h3 class=\"wp-block-heading\">Call for Projects | La Ruche<\/h3>\n\n\n\n<p>Working on a comics project and thinking of doing a crowdfunding campaign? Live in Montreal?<\/p>\n\n\n\n<p>The crowdfunding platform&nbsp;<strong>La Ruche<\/strong>, in partnership with&nbsp;<strong>MCAF<\/strong>&nbsp;and the&nbsp;<strong>Conseil des arts de Montr\u00e9al<\/strong>, can help you bring your project to life!<\/p>\n\n\n\n<p>That\u2019s right, comic artists who live in Montreal and have a crowdfunding project with a goal of $1,000 (minimum) are eligible to receive an\u00a0<strong>additional grant of $500<\/strong>\u00a0from the Conseil des arts de Montr\u00e9al.<\/p>\n\n\n\n<p><a href=\"https:\/\/www.fbdm-mcaf.ca\/en\/univers-bd\/babillard\/annonces-en\/appel-a-projets-la-ruche-2\/\">Visit this page for the details<\/a><\/p>\n\n\n\n<h3 class=\"wp-block-heading has-text-align-right\">All the 2023 panels are available online!<\/h3>\n\n\n\n<p class=\"has-text-align-right\">This summer, we\u2019ve been slowly releasing videos of the panels from MCAF 2023 on our YouTube channel.<\/p>\n\n\n\n<p class=\"has-text-align-right\">You can now watch 14 videos on our channel and catch up on the fascinating discussions you might have missed at the Festival, with subjects ranging from&nbsp;<strong>Drawing Inspiration<\/strong>&nbsp;to&nbsp;<strong>Cats &amp; Comics<\/strong>!<\/p>\n\n\n\n<p class=\"has-text-align-right\">You\u2019ve got hours of engaging content waiting for you to tide you over until our next Festival in 2024!<\/p>\n\n\n\n<p class=\"has-text-align-right\"><a href=\"https:\/\/www.youtube.com\/watch?v=1v6vioCSOzY&amp;list=PLJ96uKGP2gPI0jcvckTlen1otG8pH0ilZ\" target=\"_blank\" rel=\"noreferrer noopener\">Visit Our Youtube Channel !<\/a><\/p>\n\n\n\n<h2 class=\"wp-block-heading\">Our Book Club is back<\/h2>\n\n\n\n<figure class=\"wp-block-gallery alignright has-nested-images columns-default is-cropped wp-block-gallery-1 is-layout-flex wp-block-gallery-is-layout-flex\">\n<figure class=\"wp-block-image size-large\"><img loading=\"lazy\" decoding=\"async\" width=\"738\" height=\"1024\" data-id=\"32906\" src=\"https:\/\/www.fbdm-mcaf.ca\/wp-content\/uploads\/\/nouveaumondepaysan2-738x1024.jpg\" alt=\"\" class=\"wp-image-32906\" srcset=\"https:\/\/www.fbdm-mcaf.ca\/wp-content\/uploads\/nouveaumondepaysan2-738x1024.jpg 738w, https:\/\/www.fbdm-mcaf.ca\/wp-content\/uploads\/nouveaumondepaysan2-216x300.jpg 216w, https:\/\/www.fbdm-mcaf.ca\/wp-content\/uploads\/nouveaumondepaysan2-710x985.jpg 710w, https:\/\/www.fbdm-mcaf.ca\/wp-content\/uploads\/nouveaumondepaysan2-250x347.jpg 250w, https:\/\/www.fbdm-mcaf.ca\/wp-content\/uploads\/nouveaumondepaysan2-550x763.jpg 550w, https:\/\/www.fbdm-mcaf.ca\/wp-content\/uploads\/nouveaumondepaysan2-130x180.jpg 130w, https:\/\/www.fbdm-mcaf.ca\/wp-content\/uploads\/nouveaumondepaysan2-360x500.jpg 360w, https:\/\/www.fbdm-mcaf.ca\/wp-content\/uploads\/nouveaumondepaysan2.jpg 768w\" sizes=\"auto, (max-width: 738px) 100vw, 738px\" \/><\/figure>\n\n\n\n<figure class=\"wp-block-image size-large\"><img loading=\"lazy\" decoding=\"async\" width=\"624\" height=\"824\" data-id=\"32908\" src=\"https:\/\/www.fbdm-mcaf.ca\/wp-content\/uploads\/Couverture_petite_russie.webp\" alt=\"\" class=\"wp-image-32908\" srcset=\"https:\/\/www.fbdm-mcaf.ca\/wp-content\/uploads\/Couverture_petite_russie.webp 624w, https:\/\/www.fbdm-mcaf.ca\/wp-content\/uploads\/Couverture_petite_russie-227x300.webp 227w, https:\/\/www.fbdm-mcaf.ca\/wp-content\/uploads\/Couverture_petite_russie-250x330.webp 250w, https:\/\/www.fbdm-mcaf.ca\/wp-content\/uploads\/Couverture_petite_russie-550x726.webp 550w, https:\/\/www.fbdm-mcaf.ca\/wp-content\/uploads\/Couverture_petite_russie-136x180.webp 136w, https:\/\/www.fbdm-mcaf.ca\/wp-content\/uploads\/Couverture_petite_russie-379x500.webp 379w\" sizes=\"auto, (max-width: 624px) 100vw, 624px\" \/><\/figure>\n<\/figure>\n\n\n\n<h4 class=\"wp-block-heading\">Presented in French<\/h4>\n\n\n\n<p>We invite you once again to join us\u00a0<strong><a href=\"https:\/\/www.facebook.com\/events\/3422300851417384\" target=\"_blank\" rel=\"noreferrer noopener\">on September 26<\/a><\/strong>, to discuss comics under the theme \u201cRurality\u201d.<\/p>\n\n\n\n<p>On the menu:<\/p>\n\n\n\n<ul class=\"wp-block-list\">\n<li><em><strong>Le nouveau monde paysan au Qu\u00e9bec<\/strong><\/em> by St\u00e9phane Lemardel\u00e9 (La bo\u00eete \u00e0 bulles)<\/li>\n\n\n\n<li><strong><em>La petite Russie<\/em><\/strong> by Francis Desharnais (Pow Pow)<\/li>\n<\/ul>\n\n\n\n<h2 class=\"wp-block-heading\">Comic Events Calendar<\/h2>\n\n\n\n<p>Find out about upcoming comic events in and around the Montreal area:<\/p>\n\n\n\n<p>September 11 &#8211; 7pm | <a href=\"https:\/\/fbdm-montreal.us10.list-manage.com\/track\/click?u=7c9afd4d641af1a057dcf2818&amp;id=d9b5d77c72&amp;e=5627423ba3\" target=\"_blank\" rel=\"noreferrer noopener\">Zine Club<\/a><\/p>\n\n\n\n<p>September 13 &#8211; 5:30pm | <a href=\"https:\/\/fbdm-montreal.us10.list-manage.com\/track\/click?u=7c9afd4d641af1a057dcf2818&amp;id=e57272f5ff&amp;e=5627423ba3\" target=\"_blank\" rel=\"noreferrer noopener\">Les Pires moments de l\u2019histoire &#8211; lancement de la BD!<\/a><\/p>\n\n\n\n<p>September 30 &#8211; 12 pm | <a href=\"https:\/\/fbdm-montreal.us10.list-manage.com\/track\/click?u=7c9afd4d641af1a057dcf2818&amp;id=3bc9402308&amp;e=5627423ba3\" target=\"_blank\" rel=\"noreferrer noopener\">Queer Nuns Solving Crimes &#8211; A comic exhibit fro Lena Dirscherl<\/a><\/p>\n","protected":false},"excerpt":{"rendered":"<p class=\"post-excerpt\"><em>Illustration by Art or Die<\/em><\/p>\n<p>Submissions Are Open<\/p>\n<p>The time has come to submit your work for the&nbsp;<strong>B\u00e9d\u00e9lys Independent Awards<\/strong>!<\/p>\n<p>The B\u00e9d\u00e9lys Independent Awards recognize the best self-published comics created in Qu\u00e9bec. The awards include a prize of $1000, an original trophy and a shared table at next year\u2019s MCAF!<\/p>\n<p>&#8230;<\/p>\n<p><a class=\"post-learn-more\" href=\"https:\/\/www.fbdm-mcaf.ca\/en\/univers-bd\/babillard\/news\/cest-la-rentree-litteraire-au-fbdm\/\">Read more<span>&nbsp;><\/span><\/a><\/p><\/p>\n","protected":false},"author":2,"featured_media":33031,"comment_status":"closed","ping_status":"closed","sticky":false,"template":"","format":"standard","meta":{"_acf_changed":false,"_price":"","_stock":"","_tribe_ticket_header":"","_tribe_default_ticket_provider":"","_tribe_ticket_capacity":"0","_ticket_start_date":"","_ticket_end_date":"","_tribe_ticket_show_description":"","_tribe_ticket_show_not_going":false,"_tribe_ticket_use_global_stock":"","_tribe_ticket_global_stock_level":"","_global_stock_mode":"","_global_stock_cap":"","_tribe_rsvp_for_event":"","_tribe_ticket_going_count":"","_tribe_ticket_not_going_count":"","_tribe_tickets_list":"[]","_tribe_ticket_has_attendee_info_fields":false,"footnotes":""},"categories":[83],"tags":[],"class_list":["post-33052","post","type-post","status-publish","format-standard","has-post-thumbnail","hentry","category-news"],"acf":[],"yoast_head":"<!-- This site is optimized with the Yoast SEO plugin v27.5 - https:\/\/yoast.com\/product\/yoast-seo-wordpress\/ -->\n<title>Fall Into Comics with MCAF &#8226; MCAF<\/title>\n<meta name=\"robots\" content=\"index, follow, max-snippet:-1, max-image-preview:large, max-video-preview:-1\" \/>\n<link rel=\"canonical\" href=\"https:\/\/www.fbdm-mcaf.ca\/en\/univers-bd\/babillard\/news\/cest-la-rentree-litteraire-au-fbdm\/\" \/>\n<meta property=\"og:locale\" content=\"en_US\" \/>\n<meta property=\"og:type\" content=\"article\" \/>\n<meta property=\"og:title\" content=\"Fall Into Comics with MCAF &#8226; MCAF\" \/>\n<meta property=\"og:description\" content=\"Illustration by Art or Die  Submissions Are Open  The time has come to submit your work for the&nbsp;B\u00e9d\u00e9lys Independent Awards!  The B\u00e9d\u00e9lys Independent Awards recognize the best self-published comics created in Qu\u00e9bec. The awards include a prize of $1000, an original trophy and a shared table at next year\u2019s MCAF!...Read more&nbsp;&gt;\" \/>\n<meta property=\"og:url\" content=\"https:\/\/www.fbdm-mcaf.ca\/en\/univers-bd\/babillard\/news\/cest-la-rentree-litteraire-au-fbdm\/\" \/>\n<meta property=\"og:site_name\" content=\"MCAF\" \/>\n<meta property=\"article:publisher\" content=\"https:\/\/www.facebook.com\/FestivalBDMontreal\/\" \/>\n<meta property=\"article:published_time\" content=\"2023-09-07T19:00:00+00:00\" \/>\n<meta property=\"article:modified_time\" content=\"2023-09-07T19:37:09+00:00\" \/>\n<meta property=\"og:image\" content=\"https:\/\/www.fbdm-mcaf.ca\/wp-content\/uploads\/infolettre-sept-scaled.jpg\" \/>\n\t<meta property=\"og:image:width\" content=\"2560\" \/>\n\t<meta property=\"og:image:height\" content=\"960\" \/>\n\t<meta property=\"og:image:type\" content=\"image\/jpeg\" \/>\n<meta name=\"author\" content=\"Virginie Mont-Reynaud\" \/>\n<meta name=\"twitter:card\" content=\"summary_large_image\" \/>\n<meta name=\"twitter:creator\" content=\"@fbdm_mtl\" \/>\n<meta name=\"twitter:site\" content=\"@fbdm_mtl\" \/>\n<meta name=\"twitter:label1\" content=\"Written by\" \/>\n\t<meta name=\"twitter:data1\" content=\"Virginie Mont-Reynaud\" \/>\n\t<meta name=\"twitter:label2\" content=\"Est. reading time\" \/>\n\t<meta name=\"twitter:data2\" content=\"3 minutes\" \/>\n<script type=\"application\/ld+json\" class=\"yoast-schema-graph\">{\"@context\":\"https:\\\/\\\/schema.org\",\"@graph\":[{\"@type\":\"Article\",\"@id\":\"https:\\\/\\\/www.fbdm-mcaf.ca\\\/en\\\/univers-bd\\\/babillard\\\/news\\\/cest-la-rentree-litteraire-au-fbdm\\\/#article\",\"isPartOf\":{\"@id\":\"https:\\\/\\\/www.fbdm-mcaf.ca\\\/en\\\/univers-bd\\\/babillard\\\/news\\\/cest-la-rentree-litteraire-au-fbdm\\\/\"},\"author\":{\"name\":\"Virginie Mont-Reynaud\",\"@id\":\"https:\\\/\\\/www.fbdm-mcaf.ca\\\/en\\\/#\\\/schema\\\/person\\\/d68db62b132aa2d4d1eeecc77412069c\"},\"headline\":\"Fall Into Comics with MCAF\",\"datePublished\":\"2023-09-07T19:00:00+00:00\",\"dateModified\":\"2023-09-07T19:37:09+00:00\",\"mainEntityOfPage\":{\"@id\":\"https:\\\/\\\/www.fbdm-mcaf.ca\\\/en\\\/univers-bd\\\/babillard\\\/news\\\/cest-la-rentree-litteraire-au-fbdm\\\/\"},\"wordCount\":342,\"image\":{\"@id\":\"https:\\\/\\\/www.fbdm-mcaf.ca\\\/en\\\/univers-bd\\\/babillard\\\/news\\\/cest-la-rentree-litteraire-au-fbdm\\\/#primaryimage\"},\"thumbnailUrl\":\"https:\\\/\\\/www.fbdm-mcaf.ca\\\/wp-content\\\/uploads\\\/infolettre-sept-scaled.jpg\",\"articleSection\":[\"News\"],\"inLanguage\":\"en-US\"},{\"@type\":\"WebPage\",\"@id\":\"https:\\\/\\\/www.fbdm-mcaf.ca\\\/en\\\/univers-bd\\\/babillard\\\/news\\\/cest-la-rentree-litteraire-au-fbdm\\\/\",\"url\":\"https:\\\/\\\/www.fbdm-mcaf.ca\\\/en\\\/univers-bd\\\/babillard\\\/news\\\/cest-la-rentree-litteraire-au-fbdm\\\/\",\"name\":\"Fall Into Comics with MCAF &#8226; MCAF\",\"isPartOf\":{\"@id\":\"https:\\\/\\\/www.fbdm-mcaf.ca\\\/en\\\/#website\"},\"primaryImageOfPage\":{\"@id\":\"https:\\\/\\\/www.fbdm-mcaf.ca\\\/en\\\/univers-bd\\\/babillard\\\/news\\\/cest-la-rentree-litteraire-au-fbdm\\\/#primaryimage\"},\"image\":{\"@id\":\"https:\\\/\\\/www.fbdm-mcaf.ca\\\/en\\\/univers-bd\\\/babillard\\\/news\\\/cest-la-rentree-litteraire-au-fbdm\\\/#primaryimage\"},\"thumbnailUrl\":\"https:\\\/\\\/www.fbdm-mcaf.ca\\\/wp-content\\\/uploads\\\/infolettre-sept-scaled.jpg\",\"datePublished\":\"2023-09-07T19:00:00+00:00\",\"dateModified\":\"2023-09-07T19:37:09+00:00\",\"author\":{\"@id\":\"https:\\\/\\\/www.fbdm-mcaf.ca\\\/en\\\/#\\\/schema\\\/person\\\/d68db62b132aa2d4d1eeecc77412069c\"},\"breadcrumb\":{\"@id\":\"https:\\\/\\\/www.fbdm-mcaf.ca\\\/en\\\/univers-bd\\\/babillard\\\/news\\\/cest-la-rentree-litteraire-au-fbdm\\\/#breadcrumb\"},\"inLanguage\":\"en-US\",\"potentialAction\":[{\"@type\":\"ReadAction\",\"target\":[\"https:\\\/\\\/www.fbdm-mcaf.ca\\\/en\\\/univers-bd\\\/babillard\\\/news\\\/cest-la-rentree-litteraire-au-fbdm\\\/\"]}]},{\"@type\":\"ImageObject\",\"inLanguage\":\"en-US\",\"@id\":\"https:\\\/\\\/www.fbdm-mcaf.ca\\\/en\\\/univers-bd\\\/babillard\\\/news\\\/cest-la-rentree-litteraire-au-fbdm\\\/#primaryimage\",\"url\":\"https:\\\/\\\/www.fbdm-mcaf.ca\\\/wp-content\\\/uploads\\\/infolettre-sept-scaled.jpg\",\"contentUrl\":\"https:\\\/\\\/www.fbdm-mcaf.ca\\\/wp-content\\\/uploads\\\/infolettre-sept-scaled.jpg\",\"width\":2560,\"height\":960},{\"@type\":\"BreadcrumbList\",\"@id\":\"https:\\\/\\\/www.fbdm-mcaf.ca\\\/en\\\/univers-bd\\\/babillard\\\/news\\\/cest-la-rentree-litteraire-au-fbdm\\\/#breadcrumb\",\"itemListElement\":[{\"@type\":\"ListItem\",\"position\":1,\"name\":\"Home\",\"item\":\"https:\\\/\\\/www.fbdm-mcaf.ca\\\/en\\\/\"},{\"@type\":\"ListItem\",\"position\":2,\"name\":\"Fall Into Comics with MCAF\"}]},{\"@type\":\"WebSite\",\"@id\":\"https:\\\/\\\/www.fbdm-mcaf.ca\\\/en\\\/#website\",\"url\":\"https:\\\/\\\/www.fbdm-mcaf.ca\\\/en\\\/\",\"name\":\"MCAF\",\"description\":\"Montreal Comic Arts Festival\",\"potentialAction\":[{\"@type\":\"SearchAction\",\"target\":{\"@type\":\"EntryPoint\",\"urlTemplate\":\"https:\\\/\\\/www.fbdm-mcaf.ca\\\/en\\\/?s={search_term_string}\"},\"query-input\":{\"@type\":\"PropertyValueSpecification\",\"valueRequired\":true,\"valueName\":\"search_term_string\"}}],\"inLanguage\":\"en-US\"},{\"@type\":\"Person\",\"@id\":\"https:\\\/\\\/www.fbdm-mcaf.ca\\\/en\\\/#\\\/schema\\\/person\\\/d68db62b132aa2d4d1eeecc77412069c\",\"name\":\"Virginie Mont-Reynaud\",\"image\":{\"@type\":\"ImageObject\",\"inLanguage\":\"en-US\",\"@id\":\"https:\\\/\\\/secure.gravatar.com\\\/avatar\\\/b74abeb947e38d7493fd65ed46cc9a2438693581c8a6b8d45d9a912f82901f14?s=96&d=mm&r=g\",\"url\":\"https:\\\/\\\/secure.gravatar.com\\\/avatar\\\/b74abeb947e38d7493fd65ed46cc9a2438693581c8a6b8d45d9a912f82901f14?s=96&d=mm&r=g\",\"contentUrl\":\"https:\\\/\\\/secure.gravatar.com\\\/avatar\\\/b74abeb947e38d7493fd65ed46cc9a2438693581c8a6b8d45d9a912f82901f14?s=96&d=mm&r=g\",\"caption\":\"Virginie Mont-Reynaud\"}}]}<\/script>\n<!-- \/ Yoast SEO plugin. -->","yoast_head_json":{"title":"Fall Into Comics with MCAF &#8226; MCAF","robots":{"index":"index","follow":"follow","max-snippet":"max-snippet:-1","max-image-preview":"max-image-preview:large","max-video-preview":"max-video-preview:-1"},"canonical":"https:\/\/www.fbdm-mcaf.ca\/en\/univers-bd\/babillard\/news\/cest-la-rentree-litteraire-au-fbdm\/","og_locale":"en_US","og_type":"article","og_title":"Fall Into Comics with MCAF &#8226; MCAF","og_description":"Illustration by Art or Die  Submissions Are Open  The time has come to submit your work for the&nbsp;B\u00e9d\u00e9lys Independent Awards!  The B\u00e9d\u00e9lys Independent Awards recognize the best self-published comics created in Qu\u00e9bec. The awards include a prize of $1000, an original trophy and a shared table at next year\u2019s MCAF!...Read more&nbsp;>","og_url":"https:\/\/www.fbdm-mcaf.ca\/en\/univers-bd\/babillard\/news\/cest-la-rentree-litteraire-au-fbdm\/","og_site_name":"MCAF","article_publisher":"https:\/\/www.facebook.com\/FestivalBDMontreal\/","article_published_time":"2023-09-07T19:00:00+00:00","article_modified_time":"2023-09-07T19:37:09+00:00","og_image":[{"width":2560,"height":960,"url":"https:\/\/www.fbdm-mcaf.ca\/wp-content\/uploads\/infolettre-sept-scaled.jpg","type":"image\/jpeg"}],"author":"Virginie Mont-Reynaud","twitter_card":"summary_large_image","twitter_creator":"@fbdm_mtl","twitter_site":"@fbdm_mtl","twitter_misc":{"Written by":"Virginie Mont-Reynaud","Est. reading time":"3 minutes"},"schema":{"@context":"https:\/\/schema.org","@graph":[{"@type":"Article","@id":"https:\/\/www.fbdm-mcaf.ca\/en\/univers-bd\/babillard\/news\/cest-la-rentree-litteraire-au-fbdm\/#article","isPartOf":{"@id":"https:\/\/www.fbdm-mcaf.ca\/en\/univers-bd\/babillard\/news\/cest-la-rentree-litteraire-au-fbdm\/"},"author":{"name":"Virginie Mont-Reynaud","@id":"https:\/\/www.fbdm-mcaf.ca\/en\/#\/schema\/person\/d68db62b132aa2d4d1eeecc77412069c"},"headline":"Fall Into Comics with MCAF","datePublished":"2023-09-07T19:00:00+00:00","dateModified":"2023-09-07T19:37:09+00:00","mainEntityOfPage":{"@id":"https:\/\/www.fbdm-mcaf.ca\/en\/univers-bd\/babillard\/news\/cest-la-rentree-litteraire-au-fbdm\/"},"wordCount":342,"image":{"@id":"https:\/\/www.fbdm-mcaf.ca\/en\/univers-bd\/babillard\/news\/cest-la-rentree-litteraire-au-fbdm\/#primaryimage"},"thumbnailUrl":"https:\/\/www.fbdm-mcaf.ca\/wp-content\/uploads\/infolettre-sept-scaled.jpg","articleSection":["News"],"inLanguage":"en-US"},{"@type":"WebPage","@id":"https:\/\/www.fbdm-mcaf.ca\/en\/univers-bd\/babillard\/news\/cest-la-rentree-litteraire-au-fbdm\/","url":"https:\/\/www.fbdm-mcaf.ca\/en\/univers-bd\/babillard\/news\/cest-la-rentree-litteraire-au-fbdm\/","name":"Fall Into Comics with MCAF &#8226; MCAF","isPartOf":{"@id":"https:\/\/www.fbdm-mcaf.ca\/en\/#website"},"primaryImageOfPage":{"@id":"https:\/\/www.fbdm-mcaf.ca\/en\/univers-bd\/babillard\/news\/cest-la-rentree-litteraire-au-fbdm\/#primaryimage"},"image":{"@id":"https:\/\/www.fbdm-mcaf.ca\/en\/univers-bd\/babillard\/news\/cest-la-rentree-litteraire-au-fbdm\/#primaryimage"},"thumbnailUrl":"https:\/\/www.fbdm-mcaf.ca\/wp-content\/uploads\/infolettre-sept-scaled.jpg","datePublished":"2023-09-07T19:00:00+00:00","dateModified":"2023-09-07T19:37:09+00:00","author":{"@id":"https:\/\/www.fbdm-mcaf.ca\/en\/#\/schema\/person\/d68db62b132aa2d4d1eeecc77412069c"},"breadcrumb":{"@id":"https:\/\/www.fbdm-mcaf.ca\/en\/univers-bd\/babillard\/news\/cest-la-rentree-litteraire-au-fbdm\/#breadcrumb"},"inLanguage":"en-US","potentialAction":[{"@type":"ReadAction","target":["https:\/\/www.fbdm-mcaf.ca\/en\/univers-bd\/babillard\/news\/cest-la-rentree-litteraire-au-fbdm\/"]}]},{"@type":"ImageObject","inLanguage":"en-US","@id":"https:\/\/www.fbdm-mcaf.ca\/en\/univers-bd\/babillard\/news\/cest-la-rentree-litteraire-au-fbdm\/#primaryimage","url":"https:\/\/www.fbdm-mcaf.ca\/wp-content\/uploads\/infolettre-sept-scaled.jpg","contentUrl":"https:\/\/www.fbdm-mcaf.ca\/wp-content\/uploads\/infolettre-sept-scaled.jpg","width":2560,"height":960},{"@type":"BreadcrumbList","@id":"https:\/\/www.fbdm-mcaf.ca\/en\/univers-bd\/babillard\/news\/cest-la-rentree-litteraire-au-fbdm\/#breadcrumb","itemListElement":[{"@type":"ListItem","position":1,"name":"Home","item":"https:\/\/www.fbdm-mcaf.ca\/en\/"},{"@type":"ListItem","position":2,"name":"Fall Into Comics with MCAF"}]},{"@type":"WebSite","@id":"https:\/\/www.fbdm-mcaf.ca\/en\/#website","url":"https:\/\/www.fbdm-mcaf.ca\/en\/","name":"MCAF","description":"Montreal Comic Arts Festival","potentialAction":[{"@type":"SearchAction","target":{"@type":"EntryPoint","urlTemplate":"https:\/\/www.fbdm-mcaf.ca\/en\/?s={search_term_string}"},"query-input":{"@type":"PropertyValueSpecification","valueRequired":true,"valueName":"search_term_string"}}],"inLanguage":"en-US"},{"@type":"Person","@id":"https:\/\/www.fbdm-mcaf.ca\/en\/#\/schema\/person\/d68db62b132aa2d4d1eeecc77412069c","name":"Virginie Mont-Reynaud","image":{"@type":"ImageObject","inLanguage":"en-US","@id":"https:\/\/secure.gravatar.com\/avatar\/b74abeb947e38d7493fd65ed46cc9a2438693581c8a6b8d45d9a912f82901f14?s=96&d=mm&r=g","url":"https:\/\/secure.gravatar.com\/avatar\/b74abeb947e38d7493fd65ed46cc9a2438693581c8a6b8d45d9a912f82901f14?s=96&d=mm&r=g","contentUrl":"https:\/\/secure.gravatar.com\/avatar\/b74abeb947e38d7493fd65ed46cc9a2438693581c8a6b8d45d9a912f82901f14?s=96&d=mm&r=g","caption":"Virginie Mont-Reynaud"}}]}},"_links":{"self":[{"href":"https:\/\/www.fbdm-mcaf.ca\/en\/wp-json\/wp\/v2\/posts\/33052","targetHints":{"allow":["GET"]}}],"collection":[{"href":"https:\/\/www.fbdm-mcaf.ca\/en\/wp-json\/wp\/v2\/posts"}],"about":[{"href":"https:\/\/www.fbdm-mcaf.ca\/en\/wp-json\/wp\/v2\/types\/post"}],"author":[{"embeddable":true,"href":"https:\/\/www.fbdm-mcaf.ca\/en\/wp-json\/wp\/v2\/users\/2"}],"replies":[{"embeddable":true,"href":"https:\/\/www.fbdm-mcaf.ca\/en\/wp-json\/wp\/v2\/comments?post=33052"}],"version-history":[{"count":2,"href":"https:\/\/www.fbdm-mcaf.ca\/en\/wp-json\/wp\/v2\/posts\/33052\/revisions"}],"predecessor-version":[{"id":33055,"href":"https:\/\/www.fbdm-mcaf.ca\/en\/wp-json\/wp\/v2\/posts\/33052\/revisions\/33055"}],"wp:featuredmedia":[{"embeddable":true,"href":"https:\/\/www.fbdm-mcaf.ca\/en\/wp-json\/wp\/v2\/media\/33031"}],"wp:attachment":[{"href":"https:\/\/www.fbdm-mcaf.ca\/en\/wp-json\/wp\/v2\/media?parent=33052"}],"wp:term":[{"taxonomy":"category","embeddable":true,"href":"https:\/\/www.fbdm-mcaf.ca\/en\/wp-json\/wp\/v2\/categories?post=33052"},{"taxonomy":"post_tag","embeddable":true,"href":"https:\/\/www.fbdm-mcaf.ca\/en\/wp-json\/wp\/v2\/tags?post=33052"}],"curies":[{"name":"wp","href":"https:\/\/api.w.org\/{rel}","templated":true}]}}