{"id":31831,"date":"2023-04-13T11:00:00","date_gmt":"2023-04-13T15:00:00","guid":{"rendered":"https:\/\/www.fbdm-mcaf.ca\/?p=31831"},"modified":"2023-04-13T12:15:52","modified_gmt":"2023-04-13T16:15:52","slug":"call-for-papers-comic-arts-conference-2","status":"publish","type":"post","link":"https:\/\/www.fbdm-mcaf.ca\/en\/univers-bd\/babillard\/annonces-en\/call-for-papers-comic-arts-conference-2\/","title":{"rendered":"Call for Papers \u2013 Comic Arts Conference"},"content":{"rendered":"\n<h3 class=\"wp-block-heading\"><strong><em>Beyond Borders<\/em><\/strong><\/h3>\n\n\n\n<h4 class=\"wp-block-heading\"><strong>2<sup>e<\/sup> Colloque international du FBDM<\/strong><\/h4>\n\n\n\n<p>The Montreal Comic Arts Festival (MCAF) and the McGill <a href=\"https:\/\/www.mcgill.ca\/centre-montreal\/\" target=\"_blank\" rel=\"noreferrer noopener\">Centre for Interdisciplinary Research on Montreal (CIRM)<\/a> are pleased to invite you to its 2nd Comic Arts International Conference, <em>Beyond Borders<\/em>, in Montreal, <strong>from October&nbsp;19 to 21, 2023<\/strong>. This conference will bring together researchers interested in the comic arts and their creators for discussions and presentations of research and field work. The scientific direction of the conference is assured by <strong>Anna Giaufret<\/strong>, assistant professor at the Department of Modern Languages and Cultures of the University of Genoa; she is supported by a multidisciplinary scientific committee of researchers and practitioners of the 9th art.<\/p>\n\n\n\n<h2 class=\"wp-block-heading\">Beyond Borders<\/h2>\n\n\n\n<p>Whether political, geographical, social, linguistic, cultural, graphic, metaphorical, real or imaginary, borders are drawn and apprehended in many ways by comic artists. They can be crossed, surpassed or be the place of expectation and political limbo (think of Guy Delisle&#8217;s various <em>Chroniques<\/em>, or Natasha Donovan&#8217;s recent adaptation of Thomas King&#8217;s story, <em>Borders<\/em>). Whether impenetrable or porous, borders are also accompanied by various social and cultural phenomena, whether they be migratory movements (Shaun Tan&#8217;s <em>L\u00e0 o\u00f9 vont nos p\u00e8res<\/em>, <em>Khi\u00eam. Terres maternelles<\/em> by Yasmine and Djibril Morisette-Phan, or <em>Threads: From the Refugee Crisis<\/em> by Kate Evans), or a claim by peoples to a territory and the traditions attached to it (<em>Paying the Land<\/em> by Joe Sacco). In what ways do these borders shape the territory? What are the social and cultural impacts of this assertion of territoriality?<\/p>\n\n\n\n<p>On the other hand, graphic boundaries (those of the panel, the outline, or the gutter for example) can be used as generative constraints, as with Lewis Trondheim, or disrupted, even eliminated, as in Brecht Evens\u2019 work. How do authors play with these graphic boundaries? How is it possible to exploit them in order to produce meaning? Indeed, the division of the page and the double page, which makes it possible to project the diachrony (narrative development) on the synchronicity (global perception on behalf of the reader) is one of the assets of the 9th art, which constitutes one of its specificities. In these albums \u2013&nbsp;whether personal or collective&nbsp;\u2013 by what mechanisms can their creators blur other types of borders: reality and fiction, or even the delimitations of the medium? Because if borders can be constraining, limits drawn on the page, they can also be a call to go beyond them, to explore and to highlight their porosity.<\/p>\n\n\n\n<p>In what ways do comic artists cross the boundaries of comics? Proposals for papers for this second international conference on comics may respond to one or more of the following key themes:<\/p>\n\n\n\n<h3 class=\"wp-block-heading\"><strong>Crossing borders<\/strong><\/h3>\n\n\n\n<p>Physical borders, by their presence, differentiate what they separate, whether they are in place for political, territorial, geographic or other reasons. Crossing them presupposes a change of state, but what are the effects of mobility on the welcoming land? What do we leave behind when we cross a border, and what do we pass on as a result of this crossing? Numerous works of comics address these questions through the prism of migratory movements (<em>L\u2019ann\u00e9e du li\u00e8vre<\/em> by Tian, <em>La bolla di Ventimiglia<\/em> by Emanuele Giacopetti, <em>When Stars Are Scattered<\/em> by Victoria Jamieson and Omar Mohamed), cultural transmission (<em>Rita sauv\u00e9e des eaux<\/em> by Sophie Legoubin-Caupeil and Alice Charbin, <em>The Roles We Play<\/em> by Sabba Kahn,<em> I Was Their American Dream<\/em> by Malaka Gharib), or the analysis of the border city (<em>De l&#8217;autre c\u00f4t\u00e9 de la fronti\u00e8re<\/em> by Jean-Luc Fromental and Philippe Berthet, <em>Juarez<\/em> by Nathalie Sergeef and Corentin Rouge, <em>Safe Area Gorazde<\/em> by Joe Sacco).<\/p>\n\n\n\n<h3 class=\"wp-block-heading\"><strong>Between borders<\/strong><\/h3>\n\n\n\n<p>A border, both physical and metaphorical, implies that it constitutes a threshold, between two states, two places, two moments. This border which splits is generating uncertainty, as rich in meaning as any other certainty. Comic book artists explore this aspect of liminality through both graphic and narrative techniques, blurring the more traditional perceptions of the medium, still mistakenly considered to be bordering illustration and literature. The narratives of mixity \u2013 identitarian, cultural or societal \u2013 are also rich subjects for comic artists (e.g., Marjane Satrapi&#8217;s <em>Persepolis<\/em>, Riad Sattouf&#8217;s <em>L\u2019arabe du futur<\/em>, Trung Le Nguyen&#8217;s <em>The Magic Fish<\/em>, <em>Turba. Memorias de Malvinas<\/em> by Lauri Fern\u00e1ndez).<\/p>\n\n\n\n<h3 class=\"wp-block-heading\"><strong>Transcending borders<\/strong><\/h3>\n\n\n\n<p>The medium of comics sometimes transcends geographical or cultural borders, as in the case of the international success of manga, or the numerous translations that give access to stories from other cultures. Comic books are also adapted to other mediums, or are inspired by them to tell stories with universal potential. Also through the absence or the explosion of graphic boundaries, the mixing of genres or the plurality of formats, comics sometimes play with the codes established by the short history of the medium (<em>Here<\/em> by Richard McGuire, <em>Time Zone J<\/em> by Julie Doucet, Red: A Haida Manga by Michael Nicoll Yahgulanaas, <em>On a Sunbeam<\/em> by Tillie Walden, <em>Vil et mis\u00e9rable<\/em> by Samuel Cantin, <em>Tear Along the Dotted Line<\/em> by Zerocalcare).<\/p>\n\n\n\n<h2 class=\"wp-block-heading\">Call for Papers<\/h2>\n\n\n\n<p>We invite anyone interested in participating in this second international conference to submit a paper presentation\u2014in French or English. Your proposal must be submitted by email to: <a href=\"mailto:colloque@fbdm-mcaf.ca\" target=\"_blank\" rel=\"noreferrer noopener\">colloquebd@fbdm-mcaf.ca<\/a>. The submission deadline is <strong>May 28, 2023<\/strong>.<\/p>\n\n\n\n<p>Abstracts should not be longer than 500&nbsp;words, excluding references, and should be accompanied by a biographical note (150&nbsp;words maximum) specifying the contributor\u2019s name and affiliation. It is also important to indicate the preferred mode of participation in the conference: in person or virtual.<\/p>\n\n\n\n<p>The presentations should be of approximately 20&nbsp;minutes in length. A question period will follow the presentations. Presentations could be published in the conference proceedings. Finally, although <em>Beyond Borders<\/em> will be presented in bimodal mode, its organizers encourage participants to contribute to the conference&#8217;s exchanges through their physical presence, at the Esplanade Tranquille, in Montreal.<\/p>\n\n\n\n<h3 class=\"wp-block-heading\">Important Dates<\/h3>\n\n\n\n<p>May 28, 2023 Submission Deadline<\/p>\n\n\n\n<p>June 19, 2023 Selected Presenters Notified<\/p>\n\n\n\n<p>June 26, 2023 Confirmation of Participation<\/p>\n\n\n\n<p>October 19\u201321, 2023 <em>Beyond Borders\u2013 <\/em>2nd MCAF Conference<\/p>\n\n\n\n<h2 class=\"wp-block-heading\">About Us<\/h2>\n\n\n\n<h3 class=\"wp-block-heading\"><strong>Scientific Director&nbsp;<\/strong><\/h3>\n\n\n\n<p><strong>Anna Giaufret<\/strong>, Department of Modern Languages and Cultures, University of Genoa<\/p>\n\n\n\n<h3 class=\"wp-block-heading\"><strong>The Montreal Comic Arts Festival<\/strong><\/h3>\n\n\n\n<p>Over the last 10 years, MCAF has served as a space for artists and their audiences to meet and exchange ideas. The MCAF\u2019s yearly springtime event serves to promote Qu\u00e9b\u00e9cois and Canadian comic arts on the local and international levels, while contributing to their development and dissemination of knowledge on comics.&nbsp;<\/p>\n\n\n\n<h3 class=\"wp-block-heading\"><strong>Centre for Interdisciplinary Research on Montreal<\/strong><\/h3>\n\n\n\n<p>Bringing together 70 researchers from over 15 universities in Montreal, Canada, and abroad, CIRM is at the forefront of interdisciplinary research about Montreal. The centre also contributes to the conception, coordination, and dissemination of research-action projects created in tandem with social, economic, cultural, community, and municipal actors in the city.<\/p>\n\n\n\n<h3 class=\"wp-block-heading\"><strong>Organizing Committee<\/strong><\/h3>\n\n\n\n<p><strong>M\u00e9lanie La Roche<\/strong>, General Director, MCAF<br><strong>Virginie Mont-Reynaud<\/strong>, Programming Director,&nbsp; MCAF<br><strong>Audray Fontaine<\/strong>, Knowledge Mobilization Coordinator, CIRM<br><strong>Johanne Desrochers<\/strong>, MCAF\u2019s General Director 2014-2022, MCAF<br><strong>Maude Bourassa-Francoeur<\/strong>, Project Manager \u2013 Cultural Mediation, MCAF<\/p>\n\n\n\n<h3 class=\"wp-block-heading\">Contact<\/h3>\n\n\n\n<p>For information concerning the submission of presentation proposals and the conference, please contact the organizing committee of the event at the following email address: <a href=\"mailto:colloquebd@fbdm-mcaf.ca\" target=\"_blank\" rel=\"noreferrer noopener\">colloquebd@fbdm-mcaf.ca<\/a><\/p>\n\n\n\n<h4 class=\"wp-block-heading\"><strong>Short Bibliography<\/strong><\/h4>\n\n\n\n<p>Baetens, Jan, et Hugo Frey (2014), <em>The Graphic Novel : An Introduction<\/em>, Cambridge University Press, Kindle Edition.<br>Dardaillon, Sylvie, et Christophe Meunier (2013), \u00ab La s\u00e9rie Paul de Michel Rabagliati : r\u00e9cits d\u2019espaces et de temps \u00bb,<em> Comicalit\u00e9s<\/em>, \u00ab Repr\u00e9senter l\u2019auteur de bandes dessin\u00e9es \u00bb, <a href=\"https:\/\/journals.openedition.org\/comicalites\/1566\" target=\"_blank\" rel=\"noreferrer noopener\">https:\/\/journals.openedition.org\/comicalites\/1566<\/a>.<br>Fontaine-Rousseau, Alexandre (2015), \u00ab Pour une politique de l\u2019espace \u00bb, <em>Sentinelle<\/em>, n\u00b0 1, p. 53-55.<br>Giaufret, Anna (2016), \u00ab Les jeunes auteures francophones de bandes dessin\u00e9es \u00e0 Montr\u00e9al : pratiques, r\u00e9seaux, repr\u00e9sentations \u00bb, <em>Alternative francophone<\/em>, <a href=\"https:\/\/ejournals.library.ualberta.ca\/index.php\/af\/issue\/view\/1739\/showToc\" target=\"_blank\" rel=\"noreferrer noopener\">https:\/\/ejournals.library.ualberta.ca\/index.php\/af\/issue\/view\/1739\/showToc<\/a>.<br>Giaufret, Anna (2021), <em>Montr\u00e9al dans les bulles. Repr\u00e9sentation de l\u2019espace urbain et du fran\u00e7ais parl\u00e9 montr\u00e9alais dans la bande dessin\u00e9e<\/em>, Sainte-Foy, Presses de l\u2019Universit\u00e9 Laval.&nbsp;<br>Groensteen, Thierry (2011), <em>Bande dessin\u00e9e et narration : syst\u00e8me de la bande dessin\u00e9e<\/em>, 2, Paris, PUF.<br>Hatfield, Charles (2005), <em>Alternative Comics : An Emerging Literature<\/em>, Jackson, University Press of Mississippi.<br>Lemay, Sylvain (2016), <em>Du chiendent dans le printemps<\/em>, Montr\u00e9al, \u00c9ditions M\u00e9m9ire.<br>Peeters, Beno\u00eet (2002), <em>Lire la bande dessin\u00e9e<\/em>, Paris, Flammarion.<br>Viau, Michel (2021), <em>BDQ : Histoire de la bande dessin\u00e9e au Qu\u00e9bec.1. Les pionniers de la bulle : des origines \u00e0 1968<\/em>, Montr\u00e9al : Station T, 2021.<br>Viau, Michel (2021), <em>BDQ : Histoire de la bande dessin\u00e9e au Qu\u00e9bec. 2. Le printemps de la bande dessin\u00e9e qu\u00e9b\u00e9coise : de 1968 \u00e0 1979<\/em>, Montr\u00e9al : Station T, 2022.<br><em>Voix et images<\/em>, n\u00b0 128, hiver 2018 : \u00ab La bande dessin\u00e9e qu\u00e9b\u00e9coise \u00bb.<\/p>\n","protected":false},"excerpt":{"rendered":"<p class=\"post-excerpt\"><strong><em>Beyond Borders<\/em><\/strong><\/p>\n<p><strong>2e Colloque international du FBDM<\/strong><\/p>\n<p>The Montreal Comic Arts Festival (MCAF) and the McGill Centre for Interdisciplinary Research on Montreal (CIRM) are pleased to invite you to its 2nd Comic Arts International Conference, <em>Beyond Borders<\/em>, in Montreal, <strong>from October&nbsp;19 to 21,<\/strong><\/p>\n<p>&#8230;<\/p>\n<p><a class=\"post-learn-more\" href=\"https:\/\/www.fbdm-mcaf.ca\/en\/univers-bd\/babillard\/annonces-en\/call-for-papers-comic-arts-conference-2\/\">Read more<span>&nbsp;><\/span><\/a><\/p><\/p>\n","protected":false},"author":2,"featured_media":31832,"comment_status":"closed","ping_status":"closed","sticky":false,"template":"","format":"standard","meta":{"_acf_changed":false,"_price":"","_stock":"","_tribe_ticket_header":"","_tribe_default_ticket_provider":"","_tribe_ticket_capacity":"0","_ticket_start_date":"","_ticket_end_date":"","_tribe_ticket_show_description":"","_tribe_ticket_show_not_going":false,"_tribe_ticket_use_global_stock":"","_tribe_ticket_global_stock_level":"","_global_stock_mode":"","_global_stock_cap":"","_tribe_rsvp_for_event":"","_tribe_ticket_going_count":"","_tribe_ticket_not_going_count":"","_tribe_tickets_list":"[]","_tribe_ticket_has_attendee_info_fields":false,"footnotes":""},"categories":[124],"tags":[],"class_list":["post-31831","post","type-post","status-publish","format-standard","has-post-thumbnail","hentry","category-annonces-en"],"acf":[],"yoast_head":"<!-- This site is optimized with the Yoast SEO plugin v27.5 - https:\/\/yoast.com\/product\/yoast-seo-wordpress\/ -->\n<title>Call for Papers \u2013 Comic Arts Conference &#8226; MCAF<\/title>\n<meta name=\"robots\" content=\"index, follow, max-snippet:-1, max-image-preview:large, max-video-preview:-1\" \/>\n<link rel=\"canonical\" href=\"https:\/\/www.fbdm-mcaf.ca\/en\/univers-bd\/babillard\/annonces-en\/call-for-papers-comic-arts-conference-2\/\" \/>\n<meta property=\"og:locale\" content=\"en_US\" \/>\n<meta property=\"og:type\" content=\"article\" \/>\n<meta property=\"og:title\" content=\"Call for Papers \u2013 Comic Arts Conference &#8226; MCAF\" \/>\n<meta property=\"og:description\" content=\"Beyond Borders  2e Colloque international du FBDM  The Montreal Comic Arts Festival (MCAF) and the McGill Centre for Interdisciplinary Research on Montreal (CIRM) are pleased to invite you to its 2nd Comic Arts International Conference, Beyond Borders, in Montreal, from October&nbsp;19 to 21,...Read more&nbsp;&gt;\" \/>\n<meta property=\"og:url\" content=\"https:\/\/www.fbdm-mcaf.ca\/en\/univers-bd\/babillard\/annonces-en\/call-for-papers-comic-arts-conference-2\/\" \/>\n<meta property=\"og:site_name\" content=\"MCAF\" \/>\n<meta property=\"article:publisher\" content=\"https:\/\/www.facebook.com\/FestivalBDMontreal\/\" \/>\n<meta property=\"article:published_time\" content=\"2023-04-13T15:00:00+00:00\" \/>\n<meta property=\"article:modified_time\" content=\"2023-04-13T16:15:52+00:00\" \/>\n<meta property=\"og:image\" content=\"https:\/\/www.fbdm-mcaf.ca\/wp-content\/uploads\/Article-colloque.jpg\" \/>\n\t<meta property=\"og:image:width\" content=\"2400\" \/>\n\t<meta property=\"og:image:height\" content=\"900\" \/>\n\t<meta property=\"og:image:type\" content=\"image\/jpeg\" \/>\n<meta name=\"author\" content=\"Virginie Mont-Reynaud\" \/>\n<meta name=\"twitter:card\" content=\"summary_large_image\" \/>\n<meta name=\"twitter:creator\" content=\"@fbdm_mtl\" \/>\n<meta name=\"twitter:site\" content=\"@fbdm_mtl\" \/>\n<meta name=\"twitter:label1\" content=\"Written by\" \/>\n\t<meta name=\"twitter:data1\" content=\"Virginie Mont-Reynaud\" \/>\n\t<meta name=\"twitter:label2\" content=\"Est. reading time\" \/>\n\t<meta name=\"twitter:data2\" content=\"8 minutes\" \/>\n<script type=\"application\/ld+json\" class=\"yoast-schema-graph\">{\"@context\":\"https:\\\/\\\/schema.org\",\"@graph\":[{\"@type\":\"Article\",\"@id\":\"https:\\\/\\\/www.fbdm-mcaf.ca\\\/en\\\/univers-bd\\\/babillard\\\/annonces-en\\\/call-for-papers-comic-arts-conference-2\\\/#article\",\"isPartOf\":{\"@id\":\"https:\\\/\\\/www.fbdm-mcaf.ca\\\/en\\\/univers-bd\\\/babillard\\\/annonces-en\\\/call-for-papers-comic-arts-conference-2\\\/\"},\"author\":{\"name\":\"Virginie Mont-Reynaud\",\"@id\":\"https:\\\/\\\/www.fbdm-mcaf.ca\\\/en\\\/#\\\/schema\\\/person\\\/d68db62b132aa2d4d1eeecc77412069c\"},\"headline\":\"Call for Papers \u2013 Comic Arts Conference\",\"datePublished\":\"2023-04-13T15:00:00+00:00\",\"dateModified\":\"2023-04-13T16:15:52+00:00\",\"mainEntityOfPage\":{\"@id\":\"https:\\\/\\\/www.fbdm-mcaf.ca\\\/en\\\/univers-bd\\\/babillard\\\/annonces-en\\\/call-for-papers-comic-arts-conference-2\\\/\"},\"wordCount\":1438,\"image\":{\"@id\":\"https:\\\/\\\/www.fbdm-mcaf.ca\\\/en\\\/univers-bd\\\/babillard\\\/annonces-en\\\/call-for-papers-comic-arts-conference-2\\\/#primaryimage\"},\"thumbnailUrl\":\"https:\\\/\\\/www.fbdm-mcaf.ca\\\/wp-content\\\/uploads\\\/Article-colloque.jpg\",\"articleSection\":[\"Annonces\"],\"inLanguage\":\"en-US\"},{\"@type\":\"WebPage\",\"@id\":\"https:\\\/\\\/www.fbdm-mcaf.ca\\\/en\\\/univers-bd\\\/babillard\\\/annonces-en\\\/call-for-papers-comic-arts-conference-2\\\/\",\"url\":\"https:\\\/\\\/www.fbdm-mcaf.ca\\\/en\\\/univers-bd\\\/babillard\\\/annonces-en\\\/call-for-papers-comic-arts-conference-2\\\/\",\"name\":\"Call for Papers \u2013 Comic Arts Conference &#8226; MCAF\",\"isPartOf\":{\"@id\":\"https:\\\/\\\/www.fbdm-mcaf.ca\\\/en\\\/#website\"},\"primaryImageOfPage\":{\"@id\":\"https:\\\/\\\/www.fbdm-mcaf.ca\\\/en\\\/univers-bd\\\/babillard\\\/annonces-en\\\/call-for-papers-comic-arts-conference-2\\\/#primaryimage\"},\"image\":{\"@id\":\"https:\\\/\\\/www.fbdm-mcaf.ca\\\/en\\\/univers-bd\\\/babillard\\\/annonces-en\\\/call-for-papers-comic-arts-conference-2\\\/#primaryimage\"},\"thumbnailUrl\":\"https:\\\/\\\/www.fbdm-mcaf.ca\\\/wp-content\\\/uploads\\\/Article-colloque.jpg\",\"datePublished\":\"2023-04-13T15:00:00+00:00\",\"dateModified\":\"2023-04-13T16:15:52+00:00\",\"author\":{\"@id\":\"https:\\\/\\\/www.fbdm-mcaf.ca\\\/en\\\/#\\\/schema\\\/person\\\/d68db62b132aa2d4d1eeecc77412069c\"},\"breadcrumb\":{\"@id\":\"https:\\\/\\\/www.fbdm-mcaf.ca\\\/en\\\/univers-bd\\\/babillard\\\/annonces-en\\\/call-for-papers-comic-arts-conference-2\\\/#breadcrumb\"},\"inLanguage\":\"en-US\",\"potentialAction\":[{\"@type\":\"ReadAction\",\"target\":[\"https:\\\/\\\/www.fbdm-mcaf.ca\\\/en\\\/univers-bd\\\/babillard\\\/annonces-en\\\/call-for-papers-comic-arts-conference-2\\\/\"]}]},{\"@type\":\"ImageObject\",\"inLanguage\":\"en-US\",\"@id\":\"https:\\\/\\\/www.fbdm-mcaf.ca\\\/en\\\/univers-bd\\\/babillard\\\/annonces-en\\\/call-for-papers-comic-arts-conference-2\\\/#primaryimage\",\"url\":\"https:\\\/\\\/www.fbdm-mcaf.ca\\\/wp-content\\\/uploads\\\/Article-colloque.jpg\",\"contentUrl\":\"https:\\\/\\\/www.fbdm-mcaf.ca\\\/wp-content\\\/uploads\\\/Article-colloque.jpg\",\"width\":2400,\"height\":900},{\"@type\":\"BreadcrumbList\",\"@id\":\"https:\\\/\\\/www.fbdm-mcaf.ca\\\/en\\\/univers-bd\\\/babillard\\\/annonces-en\\\/call-for-papers-comic-arts-conference-2\\\/#breadcrumb\",\"itemListElement\":[{\"@type\":\"ListItem\",\"position\":1,\"name\":\"Home\",\"item\":\"https:\\\/\\\/www.fbdm-mcaf.ca\\\/en\\\/\"},{\"@type\":\"ListItem\",\"position\":2,\"name\":\"Call for Papers \u2013 Comic Arts Conference\"}]},{\"@type\":\"WebSite\",\"@id\":\"https:\\\/\\\/www.fbdm-mcaf.ca\\\/en\\\/#website\",\"url\":\"https:\\\/\\\/www.fbdm-mcaf.ca\\\/en\\\/\",\"name\":\"MCAF\",\"description\":\"Montreal Comic Arts Festival\",\"potentialAction\":[{\"@type\":\"SearchAction\",\"target\":{\"@type\":\"EntryPoint\",\"urlTemplate\":\"https:\\\/\\\/www.fbdm-mcaf.ca\\\/en\\\/?s={search_term_string}\"},\"query-input\":{\"@type\":\"PropertyValueSpecification\",\"valueRequired\":true,\"valueName\":\"search_term_string\"}}],\"inLanguage\":\"en-US\"},{\"@type\":\"Person\",\"@id\":\"https:\\\/\\\/www.fbdm-mcaf.ca\\\/en\\\/#\\\/schema\\\/person\\\/d68db62b132aa2d4d1eeecc77412069c\",\"name\":\"Virginie Mont-Reynaud\",\"image\":{\"@type\":\"ImageObject\",\"inLanguage\":\"en-US\",\"@id\":\"https:\\\/\\\/secure.gravatar.com\\\/avatar\\\/b74abeb947e38d7493fd65ed46cc9a2438693581c8a6b8d45d9a912f82901f14?s=96&d=mm&r=g\",\"url\":\"https:\\\/\\\/secure.gravatar.com\\\/avatar\\\/b74abeb947e38d7493fd65ed46cc9a2438693581c8a6b8d45d9a912f82901f14?s=96&d=mm&r=g\",\"contentUrl\":\"https:\\\/\\\/secure.gravatar.com\\\/avatar\\\/b74abeb947e38d7493fd65ed46cc9a2438693581c8a6b8d45d9a912f82901f14?s=96&d=mm&r=g\",\"caption\":\"Virginie Mont-Reynaud\"}}]}<\/script>\n<!-- \/ Yoast SEO plugin. -->","yoast_head_json":{"title":"Call for Papers \u2013 Comic Arts Conference &#8226; MCAF","robots":{"index":"index","follow":"follow","max-snippet":"max-snippet:-1","max-image-preview":"max-image-preview:large","max-video-preview":"max-video-preview:-1"},"canonical":"https:\/\/www.fbdm-mcaf.ca\/en\/univers-bd\/babillard\/annonces-en\/call-for-papers-comic-arts-conference-2\/","og_locale":"en_US","og_type":"article","og_title":"Call for Papers \u2013 Comic Arts Conference &#8226; MCAF","og_description":"Beyond Borders  2e Colloque international du FBDM  The Montreal Comic Arts Festival (MCAF) and the McGill Centre for Interdisciplinary Research on Montreal (CIRM) are pleased to invite you to its 2nd Comic Arts International Conference, Beyond Borders, in Montreal, from October&nbsp;19 to 21,...Read more&nbsp;>","og_url":"https:\/\/www.fbdm-mcaf.ca\/en\/univers-bd\/babillard\/annonces-en\/call-for-papers-comic-arts-conference-2\/","og_site_name":"MCAF","article_publisher":"https:\/\/www.facebook.com\/FestivalBDMontreal\/","article_published_time":"2023-04-13T15:00:00+00:00","article_modified_time":"2023-04-13T16:15:52+00:00","og_image":[{"width":2400,"height":900,"url":"https:\/\/www.fbdm-mcaf.ca\/wp-content\/uploads\/Article-colloque.jpg","type":"image\/jpeg"}],"author":"Virginie Mont-Reynaud","twitter_card":"summary_large_image","twitter_creator":"@fbdm_mtl","twitter_site":"@fbdm_mtl","twitter_misc":{"Written by":"Virginie Mont-Reynaud","Est. reading time":"8 minutes"},"schema":{"@context":"https:\/\/schema.org","@graph":[{"@type":"Article","@id":"https:\/\/www.fbdm-mcaf.ca\/en\/univers-bd\/babillard\/annonces-en\/call-for-papers-comic-arts-conference-2\/#article","isPartOf":{"@id":"https:\/\/www.fbdm-mcaf.ca\/en\/univers-bd\/babillard\/annonces-en\/call-for-papers-comic-arts-conference-2\/"},"author":{"name":"Virginie Mont-Reynaud","@id":"https:\/\/www.fbdm-mcaf.ca\/en\/#\/schema\/person\/d68db62b132aa2d4d1eeecc77412069c"},"headline":"Call for Papers \u2013 Comic Arts Conference","datePublished":"2023-04-13T15:00:00+00:00","dateModified":"2023-04-13T16:15:52+00:00","mainEntityOfPage":{"@id":"https:\/\/www.fbdm-mcaf.ca\/en\/univers-bd\/babillard\/annonces-en\/call-for-papers-comic-arts-conference-2\/"},"wordCount":1438,"image":{"@id":"https:\/\/www.fbdm-mcaf.ca\/en\/univers-bd\/babillard\/annonces-en\/call-for-papers-comic-arts-conference-2\/#primaryimage"},"thumbnailUrl":"https:\/\/www.fbdm-mcaf.ca\/wp-content\/uploads\/Article-colloque.jpg","articleSection":["Annonces"],"inLanguage":"en-US"},{"@type":"WebPage","@id":"https:\/\/www.fbdm-mcaf.ca\/en\/univers-bd\/babillard\/annonces-en\/call-for-papers-comic-arts-conference-2\/","url":"https:\/\/www.fbdm-mcaf.ca\/en\/univers-bd\/babillard\/annonces-en\/call-for-papers-comic-arts-conference-2\/","name":"Call for Papers \u2013 Comic Arts Conference &#8226; MCAF","isPartOf":{"@id":"https:\/\/www.fbdm-mcaf.ca\/en\/#website"},"primaryImageOfPage":{"@id":"https:\/\/www.fbdm-mcaf.ca\/en\/univers-bd\/babillard\/annonces-en\/call-for-papers-comic-arts-conference-2\/#primaryimage"},"image":{"@id":"https:\/\/www.fbdm-mcaf.ca\/en\/univers-bd\/babillard\/annonces-en\/call-for-papers-comic-arts-conference-2\/#primaryimage"},"thumbnailUrl":"https:\/\/www.fbdm-mcaf.ca\/wp-content\/uploads\/Article-colloque.jpg","datePublished":"2023-04-13T15:00:00+00:00","dateModified":"2023-04-13T16:15:52+00:00","author":{"@id":"https:\/\/www.fbdm-mcaf.ca\/en\/#\/schema\/person\/d68db62b132aa2d4d1eeecc77412069c"},"breadcrumb":{"@id":"https:\/\/www.fbdm-mcaf.ca\/en\/univers-bd\/babillard\/annonces-en\/call-for-papers-comic-arts-conference-2\/#breadcrumb"},"inLanguage":"en-US","potentialAction":[{"@type":"ReadAction","target":["https:\/\/www.fbdm-mcaf.ca\/en\/univers-bd\/babillard\/annonces-en\/call-for-papers-comic-arts-conference-2\/"]}]},{"@type":"ImageObject","inLanguage":"en-US","@id":"https:\/\/www.fbdm-mcaf.ca\/en\/univers-bd\/babillard\/annonces-en\/call-for-papers-comic-arts-conference-2\/#primaryimage","url":"https:\/\/www.fbdm-mcaf.ca\/wp-content\/uploads\/Article-colloque.jpg","contentUrl":"https:\/\/www.fbdm-mcaf.ca\/wp-content\/uploads\/Article-colloque.jpg","width":2400,"height":900},{"@type":"BreadcrumbList","@id":"https:\/\/www.fbdm-mcaf.ca\/en\/univers-bd\/babillard\/annonces-en\/call-for-papers-comic-arts-conference-2\/#breadcrumb","itemListElement":[{"@type":"ListItem","position":1,"name":"Home","item":"https:\/\/www.fbdm-mcaf.ca\/en\/"},{"@type":"ListItem","position":2,"name":"Call for Papers \u2013 Comic Arts Conference"}]},{"@type":"WebSite","@id":"https:\/\/www.fbdm-mcaf.ca\/en\/#website","url":"https:\/\/www.fbdm-mcaf.ca\/en\/","name":"MCAF","description":"Montreal Comic Arts Festival","potentialAction":[{"@type":"SearchAction","target":{"@type":"EntryPoint","urlTemplate":"https:\/\/www.fbdm-mcaf.ca\/en\/?s={search_term_string}"},"query-input":{"@type":"PropertyValueSpecification","valueRequired":true,"valueName":"search_term_string"}}],"inLanguage":"en-US"},{"@type":"Person","@id":"https:\/\/www.fbdm-mcaf.ca\/en\/#\/schema\/person\/d68db62b132aa2d4d1eeecc77412069c","name":"Virginie Mont-Reynaud","image":{"@type":"ImageObject","inLanguage":"en-US","@id":"https:\/\/secure.gravatar.com\/avatar\/b74abeb947e38d7493fd65ed46cc9a2438693581c8a6b8d45d9a912f82901f14?s=96&d=mm&r=g","url":"https:\/\/secure.gravatar.com\/avatar\/b74abeb947e38d7493fd65ed46cc9a2438693581c8a6b8d45d9a912f82901f14?s=96&d=mm&r=g","contentUrl":"https:\/\/secure.gravatar.com\/avatar\/b74abeb947e38d7493fd65ed46cc9a2438693581c8a6b8d45d9a912f82901f14?s=96&d=mm&r=g","caption":"Virginie Mont-Reynaud"}}]}},"_links":{"self":[{"href":"https:\/\/www.fbdm-mcaf.ca\/en\/wp-json\/wp\/v2\/posts\/31831","targetHints":{"allow":["GET"]}}],"collection":[{"href":"https:\/\/www.fbdm-mcaf.ca\/en\/wp-json\/wp\/v2\/posts"}],"about":[{"href":"https:\/\/www.fbdm-mcaf.ca\/en\/wp-json\/wp\/v2\/types\/post"}],"author":[{"embeddable":true,"href":"https:\/\/www.fbdm-mcaf.ca\/en\/wp-json\/wp\/v2\/users\/2"}],"replies":[{"embeddable":true,"href":"https:\/\/www.fbdm-mcaf.ca\/en\/wp-json\/wp\/v2\/comments?post=31831"}],"version-history":[{"count":5,"href":"https:\/\/www.fbdm-mcaf.ca\/en\/wp-json\/wp\/v2\/posts\/31831\/revisions"}],"predecessor-version":[{"id":31859,"href":"https:\/\/www.fbdm-mcaf.ca\/en\/wp-json\/wp\/v2\/posts\/31831\/revisions\/31859"}],"wp:featuredmedia":[{"embeddable":true,"href":"https:\/\/www.fbdm-mcaf.ca\/en\/wp-json\/wp\/v2\/media\/31832"}],"wp:attachment":[{"href":"https:\/\/www.fbdm-mcaf.ca\/en\/wp-json\/wp\/v2\/media?parent=31831"}],"wp:term":[{"taxonomy":"category","embeddable":true,"href":"https:\/\/www.fbdm-mcaf.ca\/en\/wp-json\/wp\/v2\/categories?post=31831"},{"taxonomy":"post_tag","embeddable":true,"href":"https:\/\/www.fbdm-mcaf.ca\/en\/wp-json\/wp\/v2\/tags?post=31831"}],"curies":[{"name":"wp","href":"https:\/\/api.w.org\/{rel}","templated":true}]}}