{"id":28711,"date":"2022-04-06T11:00:00","date_gmt":"2022-04-06T15:00:00","guid":{"rendered":"https:\/\/www.fbdm-mcaf.ca\/univers-bd\/babillard\/uncategorized\/les-dates-bd-a-ne-pas-manquer-en-avril\/"},"modified":"2022-04-06T14:56:24","modified_gmt":"2022-04-06T18:56:24","slug":"dont-miss-these-april-events","status":"publish","type":"post","link":"https:\/\/www.fbdm-mcaf.ca\/en\/univers-bd\/babillard\/news\/dont-miss-these-april-events\/","title":{"rendered":"Don\u2019t Miss These April Events"},"content":{"rendered":"\n<h3 class=\"wp-block-heading\">The Festival is Fast Approaching!<\/h3>\n\n\n\n<p>Don&#8217;t miss these two important dates for you favorite comic arts festival: <\/p>\n\n\n\n<p><strong>April 14<\/strong>: the unveiling of our\u00a0<strong>official 2022 poster<\/strong><br><strong>April 21<\/strong>: the announcement of the\u00a0<strong>full slate of MCAF programming<\/strong><\/p>\n\n\n\n<p>Keep an eye on\u00a0<a href=\"https:\/\/fbdm-montreal.us10.list-manage.com\/track\/click?u=7c9afd4d641af1a057dcf2818&amp;id=a4a476ff66&amp;e=5627423ba3\" target=\"_blank\" rel=\"noreferrer noopener\">our Facebook page<\/a>!<\/p>\n\n\n\n<h2 class=\"wp-block-heading\">Two New Comic Arts Exhibitions<\/h2>\n\n\n\n<h3 class=\"has-luminous-vivid-orange-color has-text-color wp-block-heading\">The Vibrant Alleys of Italy and Quebec<\/h3>\n\n\n\n<div class=\"wp-block-image\"><figure class=\"alignright size-large is-resized\"><img decoding=\"async\" src=\"https:\/\/www.fbdm-mcaf.ca\/wp-content\/uploads\/\/vicoli-1024x659.jpg\" alt=\"\" class=\"wp-image-28690\" width=\"300\" srcset=\"https:\/\/www.fbdm-mcaf.ca\/wp-content\/uploads\/vicoli-1024x659.jpg 1024w, https:\/\/www.fbdm-mcaf.ca\/wp-content\/uploads\/vicoli-300x193.jpg 300w, https:\/\/www.fbdm-mcaf.ca\/wp-content\/uploads\/vicoli-768x494.jpg 768w, https:\/\/www.fbdm-mcaf.ca\/wp-content\/uploads\/vicoli-710x457.jpg 710w, https:\/\/www.fbdm-mcaf.ca\/wp-content\/uploads\/vicoli-250x161.jpg 250w, https:\/\/www.fbdm-mcaf.ca\/wp-content\/uploads\/vicoli-550x354.jpg 550w, https:\/\/www.fbdm-mcaf.ca\/wp-content\/uploads\/vicoli-800x515.jpg 800w, https:\/\/www.fbdm-mcaf.ca\/wp-content\/uploads\/vicoli-280x180.jpg 280w, https:\/\/www.fbdm-mcaf.ca\/wp-content\/uploads\/vicoli-466x300.jpg 466w, https:\/\/www.fbdm-mcaf.ca\/wp-content\/uploads\/vicoli-777x500.jpg 777w, https:\/\/www.fbdm-mcaf.ca\/wp-content\/uploads\/vicoli.jpg 1140w\" sizes=\"(max-width: 1024px) 100vw, 1024px\" \/><\/figure><\/div>\n\n\n\n<p>From&nbsp;<strong>April 28 to May 31<\/strong>, the collaborative exhibition&nbsp;<em>&#8220;Vicoli and Ruelles&#8221;<\/em>&nbsp;will be presented on this side of the Atlantic, at the&nbsp;<strong>Institute of Italian Culture of Montreal<\/strong>&nbsp;(1200 Doctor Penfield Avenue).<\/p>\n\n\n\n<p>This beautiful design project is the result of a collaboration between the&nbsp;<em>University of Genoa, the Palazzo Ducale Foundation for Culture<\/em>, and&nbsp;<em>MCAF<\/em>.<\/p>\n\n\n\n<p>The show unites&nbsp;<strong>twenty-four cartoonists, twelve from Italy and twelve from Quebec<\/strong>, who have created work representing the urban space, a range of visions displaying the differences and similarities in our shared city life!<\/p>\n\n\n\n<p><a href=\"https:\/\/fbdm-montreal.us10.list-manage.com\/track\/click?u=7c9afd4d641af1a057dcf2818&amp;id=42ee5229a3&amp;e=5627423ba3\" target=\"_blank\" rel=\"noreferrer noopener\">This is a magnificent exhibition not to be missed.<\/a><\/p>\n\n\n\n<h3 class=\"has-text-align-right has-luminous-vivid-orange-color has-text-color wp-block-heading\">Henriette Valium : Habuimus papam \u2013 Nous avions un pape<\/h3>\n\n\n\n<div class=\"wp-block-image\"><figure class=\"alignleft size-large is-resized\"><img loading=\"lazy\" decoding=\"async\" src=\"https:\/\/www.fbdm-mcaf.ca\/wp-content\/uploads\/\/HV-1024x473.png\" alt=\"\" class=\"wp-image-28688\" width=\"300\" height=\"116\"\/><\/figure><\/div>\n\n\n\n<p class=\"has-text-align-right\">Discover (or rediscover) the universe of multidisciplinary artist&nbsp;<strong>Henriette Valium<\/strong>&nbsp;during the exhibition&nbsp;<em>Habuimus papam \u2013 Nous avions un pape<\/em>&#8221; (\u201cWe Had a Pope\u201d), presented at the&nbsp;<em>Maison de la culture Janine-Sutto<\/em>&nbsp;from&nbsp;<strong>April 26 to May 29<\/strong>.<\/p>\n\n\n\n<p class=\"has-text-align-right\">Comics, video, music and paintings are mixed in this immersion in the work of one of the major figures of the underground movement that emerged in Montreal in the 1980s.<\/p>\n\n\n\n<p class=\"has-text-align-right\"><a href=\"https:\/\/fbdm-montreal.us10.list-manage.com\/track\/click?u=7c9afd4d641af1a057dcf2818&amp;id=516ac49e9c&amp;e=5627423ba3\" target=\"_blank\" rel=\"noreferrer noopener\">More information on the exhibition<\/a><\/p>\n\n\n\n<h2 class=\"wp-block-heading\">23e Prix B\u00e9d\u00e9lys &#8211; D\u00e9voilement des finalistes<\/h2>\n\n\n\n<p>The Montreal Comic Arts Festival is proud to announce the finalists for the B\u00e9d\u00e9lys Awards, which will be presented this May at the Festival, taking place for the first time on Saint Denis Street from May 27 to 29.<br>This year\u2019s B\u00e9d\u00e9lys Awards, the 23rd edition, will recognize the best comic books and graphic novels published in Quebec and beyond in 2021.<\/p>\n\n\n\n<p>The finalists in each category were selected by juries composed of booksellers, professionals in the comics arts, and in the case of the B\u00e9d\u00e9lys Youth Award, elementary school students.<br>Each year the B\u00e9d\u00e9lys Awards reward the best works in the comics medium from Qu\u00e9bec and internationally, featuring works with incisive writing and striking artwork.&nbsp;<br><strong>The winners will be announced at the awards ceremony on May 27th at 7:00pm, at the close of the first day of this year\u2019s Festival.<\/strong><\/p>\n\n\n\n<p>Without further ado, here are the finalists:<\/p>\n\n\n\n<p><strong>B\u00e9d\u00e9lys Qu\u00e9bec &#8211; Best comic book published in Quebec<\/strong><br><em>(<a href=\"https:\/\/fbdm-montreal.us10.list-manage.com\/track\/click?u=7c9afd4d641af1a057dcf2818&amp;id=bfc319e372&amp;e=5627423ba3\" target=\"_blank\" rel=\"noreferrer noopener\">\u00a0See the video unveiling the B\u00e9d\u00e9lys Qu\u00e9bec finalists &#8211; video in French<\/a>)<\/em><\/p>\n\n\n\n<ul class=\"wp-block-list\"><li><strong><em>Football-Fantaisie<\/em><\/strong>, Zviane (Pow Pow)<\/li><li><strong><em>La conqu\u00eate du cosmos<\/em><\/strong>, Alexandre Fontaine Rousseau et Francis Desharnais (Pow Pow)<\/li><li><strong><em>Le petit astronaute<\/em><\/strong>, Jean-Paul Eid (La Past\u00e8que)<\/li><li><strong><em>Poisson \u00e0 pattes<\/em><\/strong>, Blonk (Pow Pow)<\/li><li><strong><em>Ren\u00e9 L\u00e9vesque : Quelque chose comme un grand homme<\/em><\/strong>, Collectif (Moelle Graphik)<\/li><\/ul>\n\n\n\n<p><strong>B\u00e9d\u00e9lys Independent Francophone &#8211; Best self-published, French-language comic book in Quebec<\/strong><br><em>(<a href=\"https:\/\/fbdm-montreal.us10.list-manage.com\/track\/click?u=7c9afd4d641af1a057dcf2818&amp;id=f08df0d256&amp;e=5627423ba3\" target=\"_blank\" rel=\"noreferrer noopener\">&nbsp;See the video unveiling the B\u00e9d\u00e9lys Independent Francophone finalists &#8211; video in French<\/a>)<\/em><\/p>\n\n\n\n<ul class=\"wp-block-list\"><li><strong><em>Le retour, tome 3 : Lib\u00e9ration<\/em><\/strong>, Francis McNamee et Laurence Dea Dionne<\/li><li><strong><em>Le temple des dieux fous<\/em><\/strong>, Fran\u00e7ois Brisson et Luc Chamberland<\/li><li><strong><em>Tuer le peintre<\/em><\/strong>, \u00c9tienne Poisson et Olivier Robin<\/li><\/ul>\n\n\n\n<p><strong>B\u00e9d\u00e9lys Independent Anglophone &#8211; Best self-published, English-language comic book in Quebec<\/strong><br><em>(<a href=\"https:\/\/fbdm-montreal.us10.list-manage.com\/track\/click?u=7c9afd4d641af1a057dcf2818&amp;id=3f3cff208b&amp;e=5627423ba3\" target=\"_blank\" rel=\"noreferrer noopener\">&nbsp;See the video unveiling the B\u00e9d\u00e9lys Independent Anglophone finalists<\/a>)<\/em><\/p>\n\n\n\n<ul class=\"wp-block-list\"><li><strong><em>ARC Twenty-Nine<\/em><\/strong>&nbsp;#4.1, 4.2 &amp; 4.3, Marc Michaud<\/li><li><strong><em>RDW &#8211; A Tale of Lost Fantasy<\/em><\/strong>&nbsp;&#8211; VOL 01, Marco Rudy<\/li><li><strong><em>Misfits: 3 Strips From Hell<\/em><\/strong>, Cartoonist Cac<\/li><li><strong><em>The Seed<\/em><\/strong>, Sid Church<\/li><li><strong><em>Zen and the Ephemeral<\/em><\/strong>, Laurence Dea Dionne<\/li><\/ul>\n\n\n\n<p><strong>B\u00e9d\u00e9lys Youth &#8211; Best French-language comic book intended for young people aged 7 to 14<\/strong><br><em>(<a href=\"https:\/\/fbdm-montreal.us10.list-manage.com\/track\/click?u=7c9afd4d641af1a057dcf2818&amp;id=9023c48d2c&amp;e=5627423ba3\" target=\"_blank\" rel=\"noreferrer noopener\">See the video unveiling the B\u00e9d\u00e9lys Youth finalists &#8211; video in French<\/a>)<\/em><\/p>\n\n\n\n<ul class=\"wp-block-list\"><li><strong><em>Elles T.1 : La nouvelle(s)<\/em><\/strong>, Kid Toussaint et Aveline Stokart (Lombard)<\/li><li><strong><em>L&#8217;ann\u00e9e o\u00f9 je suis devenue ado<\/em><\/strong>, Nora D\u00e5snes (Casterman)<\/li><li><strong><em>La Ferme Petit Pois T.1 : La nouvelle vie de Jen<\/em><\/strong>, Lucy Knisley (Gallimard)<\/li><li><strong><em>Lightfall T.1 : La derni\u00e8re flamme<\/em><\/strong>, Tim Probert (Gallimard)<\/li><li><strong><em>Snapdragon<\/em><\/strong>, Kat Leyh (Kinaye)<\/li><\/ul>\n\n\n\n<p><strong>B\u00e9d\u00e9lys International &#8211; Best French-language comic book created outside Quebec<\/strong><br><em>(<a href=\"https:\/\/fbdm-montreal.us10.list-manage.com\/track\/click?u=7c9afd4d641af1a057dcf2818&amp;id=1120de799b&amp;e=5627423ba3\" target=\"_blank\" rel=\"noreferrer noopener\">See the video unveiling the B\u00e9d\u00e9lys International finalists &#8211; video in French<\/a>)<\/em><\/p>\n\n\n\n<ul class=\"wp-block-list\"><li><strong><em>Blanc autour<\/em><\/strong>, Wilfrid Lupano et St\u00e9phane Fert (Dargaud)<\/li><li><strong><em>Dessiner encore<\/em><\/strong>, Coco (Les Ar\u00e8nes)<\/li><li><strong><em>\u00c9coute, jolie M\u00e1rcia<\/em><\/strong>, Marcello Quintanilha (\u00c7\u00e0 et l\u00e0)<\/li><li><strong><em>Le grand vide<\/em><\/strong>, L\u00e9a Murawiec (2024)<\/li><li><strong><em>M\u00e9gafauna<\/em><\/strong>, Nicolas Puzenat (Sarbacane)<\/li><li><strong><em>Radium Girls<\/em><\/strong>, Cy (Gl\u00e9nat)<\/li><li><strong><em>Ren\u00e9\u00b7e aux bois dormants<\/em><\/strong>, Elene Usdin (Sarbacane)<\/li><li><strong><em>Soleil m\u00e9canique<\/em><\/strong>, Lukasz Wojciechowski (\u00c7\u00e0 et l\u00e0)<\/li><li><strong><em>Sur la piste<\/em><\/strong>, Henry McCausland (Presque Lune)<\/li><li><strong><em>Vers la temp\u00eate<\/em><\/strong>, Jean-S\u00e9bastien B\u00e9rub\u00e9 (Futuropolis)<\/li><\/ul>\n\n\n\n<h2 class=\"wp-block-heading\">The Next MCAF Book Club<\/h2>\n\n\n\n<figure class=\"wp-block-gallery alignright has-nested-images columns-default is-cropped wp-block-gallery-1 is-layout-flex wp-block-gallery-is-layout-flex\">\n<figure class=\"wp-block-image size-large\"><img loading=\"lazy\" decoding=\"async\" width=\"400\" height=\"542\" data-id=\"28680\" src=\"https:\/\/www.fbdm-mcaf.ca\/wp-content\/uploads\/couv-la-brume.jpg\" alt=\"\" class=\"wp-image-28680\" srcset=\"https:\/\/www.fbdm-mcaf.ca\/wp-content\/uploads\/couv-la-brume.jpg 400w, https:\/\/www.fbdm-mcaf.ca\/wp-content\/uploads\/couv-la-brume-221x300.jpg 221w, https:\/\/www.fbdm-mcaf.ca\/wp-content\/uploads\/couv-la-brume-250x339.jpg 250w, https:\/\/www.fbdm-mcaf.ca\/wp-content\/uploads\/couv-la-brume-133x180.jpg 133w, https:\/\/www.fbdm-mcaf.ca\/wp-content\/uploads\/couv-la-brume-369x500.jpg 369w\" sizes=\"auto, (max-width: 400px) 100vw, 400px\" \/><\/figure>\n\n\n\n<figure class=\"wp-block-image size-large\"><img loading=\"lazy\" decoding=\"async\" width=\"430\" height=\"550\" data-id=\"28682\" src=\"https:\/\/www.fbdm-mcaf.ca\/wp-content\/uploads\/couv-vous-avez-detruit.jpg\" alt=\"\" class=\"wp-image-28682\" srcset=\"https:\/\/www.fbdm-mcaf.ca\/wp-content\/uploads\/couv-vous-avez-detruit.jpg 430w, https:\/\/www.fbdm-mcaf.ca\/wp-content\/uploads\/couv-vous-avez-detruit-235x300.jpg 235w, https:\/\/www.fbdm-mcaf.ca\/wp-content\/uploads\/couv-vous-avez-detruit-250x320.jpg 250w, https:\/\/www.fbdm-mcaf.ca\/wp-content\/uploads\/couv-vous-avez-detruit-141x180.jpg 141w, https:\/\/www.fbdm-mcaf.ca\/wp-content\/uploads\/couv-vous-avez-detruit-391x500.jpg 391w\" sizes=\"auto, (max-width: 430px) 100vw, 430px\" \/><\/figure>\n\n\n\n<figure class=\"wp-block-image size-large\"><img loading=\"lazy\" decoding=\"async\" width=\"920\" height=\"1307\" data-id=\"28684\" src=\"https:\/\/www.fbdm-mcaf.ca\/wp-content\/uploads\/couv-hantee.jpg\" alt=\"\" class=\"wp-image-28684\" srcset=\"https:\/\/www.fbdm-mcaf.ca\/wp-content\/uploads\/couv-hantee.jpg 920w, https:\/\/www.fbdm-mcaf.ca\/wp-content\/uploads\/couv-hantee-211x300.jpg 211w, https:\/\/www.fbdm-mcaf.ca\/wp-content\/uploads\/couv-hantee-721x1024.jpg 721w, https:\/\/www.fbdm-mcaf.ca\/wp-content\/uploads\/couv-hantee-768x1091.jpg 768w, https:\/\/www.fbdm-mcaf.ca\/wp-content\/uploads\/couv-hantee-710x1009.jpg 710w, https:\/\/www.fbdm-mcaf.ca\/wp-content\/uploads\/couv-hantee-250x355.jpg 250w, https:\/\/www.fbdm-mcaf.ca\/wp-content\/uploads\/couv-hantee-550x781.jpg 550w, https:\/\/www.fbdm-mcaf.ca\/wp-content\/uploads\/couv-hantee-800x1137.jpg 800w, https:\/\/www.fbdm-mcaf.ca\/wp-content\/uploads\/couv-hantee-127x180.jpg 127w, https:\/\/www.fbdm-mcaf.ca\/wp-content\/uploads\/couv-hantee-352x500.jpg 352w\" sizes=\"auto, (max-width: 920px) 100vw, 920px\" \/><\/figure>\n<\/figure>\n\n\n\n<p>We invite you once again to join us\u00a0<strong>on April 27 on Zoom<\/strong> to discuss comics under the theme \u201cMental Health\u201d. Our books selection: <\/p>\n\n\n\n<ul class=\"wp-block-list\"><li><em><strong>La Brume<\/strong><\/em>, Mireille St-Pierre (Nouvelle Adresse)<\/li><li><em><strong>Vous avez d\u00e9truit la beaut\u00e9 du monde<\/strong><\/em>, collectif (Moelle Graphique)<\/li><li><em><strong>Hant\u00e9e<\/strong><\/em>, Shaghayegh Moazzami (\u00c7\u00e0 et L\u00e0)<\/li><\/ul>\n","protected":false},"excerpt":{"rendered":"<p class=\"post-excerpt\">The Festival is Fast Approaching!<\/p>\n<p>Don&#8217;t miss these two important dates for you favorite comic arts festival: <\/p>\n<p><strong>April 14<\/strong>: the unveiling of our\u00a0<strong>official 2022 poster<\/strong><br \/><strong>April 21<\/strong>: the announcement of the\u00a0<strong>full slate of MCAF programming<\/strong><\/p>\n<p>Keep an eye on\u00a0our Facebook page!<\/p>\n<p>&#8230;<\/p>\n<p><a class=\"post-learn-more\" href=\"https:\/\/www.fbdm-mcaf.ca\/en\/univers-bd\/babillard\/news\/dont-miss-these-april-events\/\">Read more<span>&nbsp;><\/span><\/a><\/p><\/p>\n","protected":false},"author":2,"featured_media":28698,"comment_status":"closed","ping_status":"closed","sticky":false,"template":"","format":"standard","meta":{"_acf_changed":false,"_price":"","_stock":"","_tribe_ticket_header":"","_tribe_default_ticket_provider":"","_tribe_ticket_capacity":"0","_ticket_start_date":"","_ticket_end_date":"","_tribe_ticket_show_description":"","_tribe_ticket_show_not_going":false,"_tribe_ticket_use_global_stock":"","_tribe_ticket_global_stock_level":"","_global_stock_mode":"","_global_stock_cap":"","_tribe_rsvp_for_event":"","_tribe_ticket_going_count":"","_tribe_ticket_not_going_count":"","_tribe_tickets_list":"[]","_tribe_ticket_has_attendee_info_fields":false,"footnotes":""},"categories":[83],"tags":[],"class_list":["post-28711","post","type-post","status-publish","format-standard","has-post-thumbnail","hentry","category-news"],"acf":[],"yoast_head":"<!-- This site is optimized with the Yoast SEO plugin v27.5 - https:\/\/yoast.com\/product\/yoast-seo-wordpress\/ -->\n<title>Don\u2019t Miss These April Events &#8226; MCAF<\/title>\n<meta name=\"robots\" content=\"index, follow, max-snippet:-1, max-image-preview:large, max-video-preview:-1\" \/>\n<link rel=\"canonical\" href=\"https:\/\/www.fbdm-mcaf.ca\/en\/univers-bd\/babillard\/news\/dont-miss-these-april-events\/\" \/>\n<meta property=\"og:locale\" content=\"en_US\" \/>\n<meta property=\"og:type\" content=\"article\" \/>\n<meta property=\"og:title\" content=\"Don\u2019t Miss These April Events &#8226; MCAF\" \/>\n<meta property=\"og:description\" content=\"The Festival is Fast Approaching!  Don&#8217;t miss these two important dates for you favorite comic arts festival:   April 14: the unveiling of our\u00a0official 2022 posterApril 21: the announcement of the\u00a0full slate of MCAF programming  Keep an eye on\u00a0our Facebook page!...Read more&nbsp;&gt;\" \/>\n<meta property=\"og:url\" content=\"https:\/\/www.fbdm-mcaf.ca\/en\/univers-bd\/babillard\/news\/dont-miss-these-april-events\/\" \/>\n<meta property=\"og:site_name\" content=\"MCAF\" \/>\n<meta property=\"article:publisher\" content=\"https:\/\/www.facebook.com\/FestivalBDMontreal\/\" \/>\n<meta property=\"article:published_time\" content=\"2022-04-06T15:00:00+00:00\" \/>\n<meta property=\"article:modified_time\" content=\"2022-04-06T18:56:24+00:00\" \/>\n<meta property=\"og:image\" content=\"https:\/\/www.fbdm-mcaf.ca\/wp-content\/uploads\/bandeau-avril-1024x384.png\" \/>\n\t<meta property=\"og:image:width\" content=\"1024\" \/>\n\t<meta property=\"og:image:height\" content=\"384\" \/>\n\t<meta property=\"og:image:type\" content=\"image\/png\" \/>\n<meta name=\"author\" content=\"Virginie Mont-Reynaud\" \/>\n<meta name=\"twitter:card\" content=\"summary_large_image\" \/>\n<meta name=\"twitter:creator\" content=\"@fbdm_mtl\" \/>\n<meta name=\"twitter:site\" content=\"@fbdm_mtl\" \/>\n<meta name=\"twitter:label1\" content=\"Written by\" \/>\n\t<meta name=\"twitter:data1\" content=\"Virginie Mont-Reynaud\" \/>\n\t<meta name=\"twitter:label2\" content=\"Est. reading time\" \/>\n\t<meta name=\"twitter:data2\" content=\"5 minutes\" \/>\n<script type=\"application\/ld+json\" class=\"yoast-schema-graph\">{\"@context\":\"https:\\\/\\\/schema.org\",\"@graph\":[{\"@type\":\"Article\",\"@id\":\"https:\\\/\\\/www.fbdm-mcaf.ca\\\/en\\\/univers-bd\\\/babillard\\\/news\\\/dont-miss-these-april-events\\\/#article\",\"isPartOf\":{\"@id\":\"https:\\\/\\\/www.fbdm-mcaf.ca\\\/en\\\/univers-bd\\\/babillard\\\/news\\\/dont-miss-these-april-events\\\/\"},\"author\":{\"name\":\"Virginie Mont-Reynaud\",\"@id\":\"https:\\\/\\\/www.fbdm-mcaf.ca\\\/en\\\/#\\\/schema\\\/person\\\/d68db62b132aa2d4d1eeecc77412069c\"},\"headline\":\"Don\u2019t Miss These April Events\",\"datePublished\":\"2022-04-06T15:00:00+00:00\",\"dateModified\":\"2022-04-06T18:56:24+00:00\",\"mainEntityOfPage\":{\"@id\":\"https:\\\/\\\/www.fbdm-mcaf.ca\\\/en\\\/univers-bd\\\/babillard\\\/news\\\/dont-miss-these-april-events\\\/\"},\"wordCount\":828,\"image\":{\"@id\":\"https:\\\/\\\/www.fbdm-mcaf.ca\\\/en\\\/univers-bd\\\/babillard\\\/news\\\/dont-miss-these-april-events\\\/#primaryimage\"},\"thumbnailUrl\":\"https:\\\/\\\/www.fbdm-mcaf.ca\\\/wp-content\\\/uploads\\\/bandeau-avril.png\",\"articleSection\":[\"News\"],\"inLanguage\":\"en-US\"},{\"@type\":\"WebPage\",\"@id\":\"https:\\\/\\\/www.fbdm-mcaf.ca\\\/en\\\/univers-bd\\\/babillard\\\/news\\\/dont-miss-these-april-events\\\/\",\"url\":\"https:\\\/\\\/www.fbdm-mcaf.ca\\\/en\\\/univers-bd\\\/babillard\\\/news\\\/dont-miss-these-april-events\\\/\",\"name\":\"Don\u2019t Miss These April Events &#8226; MCAF\",\"isPartOf\":{\"@id\":\"https:\\\/\\\/www.fbdm-mcaf.ca\\\/en\\\/#website\"},\"primaryImageOfPage\":{\"@id\":\"https:\\\/\\\/www.fbdm-mcaf.ca\\\/en\\\/univers-bd\\\/babillard\\\/news\\\/dont-miss-these-april-events\\\/#primaryimage\"},\"image\":{\"@id\":\"https:\\\/\\\/www.fbdm-mcaf.ca\\\/en\\\/univers-bd\\\/babillard\\\/news\\\/dont-miss-these-april-events\\\/#primaryimage\"},\"thumbnailUrl\":\"https:\\\/\\\/www.fbdm-mcaf.ca\\\/wp-content\\\/uploads\\\/bandeau-avril.png\",\"datePublished\":\"2022-04-06T15:00:00+00:00\",\"dateModified\":\"2022-04-06T18:56:24+00:00\",\"author\":{\"@id\":\"https:\\\/\\\/www.fbdm-mcaf.ca\\\/en\\\/#\\\/schema\\\/person\\\/d68db62b132aa2d4d1eeecc77412069c\"},\"breadcrumb\":{\"@id\":\"https:\\\/\\\/www.fbdm-mcaf.ca\\\/en\\\/univers-bd\\\/babillard\\\/news\\\/dont-miss-these-april-events\\\/#breadcrumb\"},\"inLanguage\":\"en-US\",\"potentialAction\":[{\"@type\":\"ReadAction\",\"target\":[\"https:\\\/\\\/www.fbdm-mcaf.ca\\\/en\\\/univers-bd\\\/babillard\\\/news\\\/dont-miss-these-april-events\\\/\"]}]},{\"@type\":\"ImageObject\",\"inLanguage\":\"en-US\",\"@id\":\"https:\\\/\\\/www.fbdm-mcaf.ca\\\/en\\\/univers-bd\\\/babillard\\\/news\\\/dont-miss-these-april-events\\\/#primaryimage\",\"url\":\"https:\\\/\\\/www.fbdm-mcaf.ca\\\/wp-content\\\/uploads\\\/bandeau-avril.png\",\"contentUrl\":\"https:\\\/\\\/www.fbdm-mcaf.ca\\\/wp-content\\\/uploads\\\/bandeau-avril.png\",\"width\":3200,\"height\":1200},{\"@type\":\"BreadcrumbList\",\"@id\":\"https:\\\/\\\/www.fbdm-mcaf.ca\\\/en\\\/univers-bd\\\/babillard\\\/news\\\/dont-miss-these-april-events\\\/#breadcrumb\",\"itemListElement\":[{\"@type\":\"ListItem\",\"position\":1,\"name\":\"Home\",\"item\":\"https:\\\/\\\/www.fbdm-mcaf.ca\\\/en\\\/\"},{\"@type\":\"ListItem\",\"position\":2,\"name\":\"Don\u2019t Miss These April Events\"}]},{\"@type\":\"WebSite\",\"@id\":\"https:\\\/\\\/www.fbdm-mcaf.ca\\\/en\\\/#website\",\"url\":\"https:\\\/\\\/www.fbdm-mcaf.ca\\\/en\\\/\",\"name\":\"MCAF\",\"description\":\"Montreal Comic Arts Festival\",\"potentialAction\":[{\"@type\":\"SearchAction\",\"target\":{\"@type\":\"EntryPoint\",\"urlTemplate\":\"https:\\\/\\\/www.fbdm-mcaf.ca\\\/en\\\/?s={search_term_string}\"},\"query-input\":{\"@type\":\"PropertyValueSpecification\",\"valueRequired\":true,\"valueName\":\"search_term_string\"}}],\"inLanguage\":\"en-US\"},{\"@type\":\"Person\",\"@id\":\"https:\\\/\\\/www.fbdm-mcaf.ca\\\/en\\\/#\\\/schema\\\/person\\\/d68db62b132aa2d4d1eeecc77412069c\",\"name\":\"Virginie Mont-Reynaud\",\"image\":{\"@type\":\"ImageObject\",\"inLanguage\":\"en-US\",\"@id\":\"https:\\\/\\\/secure.gravatar.com\\\/avatar\\\/b74abeb947e38d7493fd65ed46cc9a2438693581c8a6b8d45d9a912f82901f14?s=96&d=mm&r=g\",\"url\":\"https:\\\/\\\/secure.gravatar.com\\\/avatar\\\/b74abeb947e38d7493fd65ed46cc9a2438693581c8a6b8d45d9a912f82901f14?s=96&d=mm&r=g\",\"contentUrl\":\"https:\\\/\\\/secure.gravatar.com\\\/avatar\\\/b74abeb947e38d7493fd65ed46cc9a2438693581c8a6b8d45d9a912f82901f14?s=96&d=mm&r=g\",\"caption\":\"Virginie Mont-Reynaud\"}}]}<\/script>\n<!-- \/ Yoast SEO plugin. -->","yoast_head_json":{"title":"Don\u2019t Miss These April Events &#8226; MCAF","robots":{"index":"index","follow":"follow","max-snippet":"max-snippet:-1","max-image-preview":"max-image-preview:large","max-video-preview":"max-video-preview:-1"},"canonical":"https:\/\/www.fbdm-mcaf.ca\/en\/univers-bd\/babillard\/news\/dont-miss-these-april-events\/","og_locale":"en_US","og_type":"article","og_title":"Don\u2019t Miss These April Events &#8226; MCAF","og_description":"The Festival is Fast Approaching!  Don&#8217;t miss these two important dates for you favorite comic arts festival:   April 14: the unveiling of our\u00a0official 2022 posterApril 21: the announcement of the\u00a0full slate of MCAF programming  Keep an eye on\u00a0our Facebook page!...Read more&nbsp;>","og_url":"https:\/\/www.fbdm-mcaf.ca\/en\/univers-bd\/babillard\/news\/dont-miss-these-april-events\/","og_site_name":"MCAF","article_publisher":"https:\/\/www.facebook.com\/FestivalBDMontreal\/","article_published_time":"2022-04-06T15:00:00+00:00","article_modified_time":"2022-04-06T18:56:24+00:00","og_image":[{"width":1024,"height":384,"url":"https:\/\/www.fbdm-mcaf.ca\/wp-content\/uploads\/bandeau-avril-1024x384.png","type":"image\/png"}],"author":"Virginie Mont-Reynaud","twitter_card":"summary_large_image","twitter_creator":"@fbdm_mtl","twitter_site":"@fbdm_mtl","twitter_misc":{"Written by":"Virginie Mont-Reynaud","Est. reading time":"5 minutes"},"schema":{"@context":"https:\/\/schema.org","@graph":[{"@type":"Article","@id":"https:\/\/www.fbdm-mcaf.ca\/en\/univers-bd\/babillard\/news\/dont-miss-these-april-events\/#article","isPartOf":{"@id":"https:\/\/www.fbdm-mcaf.ca\/en\/univers-bd\/babillard\/news\/dont-miss-these-april-events\/"},"author":{"name":"Virginie Mont-Reynaud","@id":"https:\/\/www.fbdm-mcaf.ca\/en\/#\/schema\/person\/d68db62b132aa2d4d1eeecc77412069c"},"headline":"Don\u2019t Miss These April Events","datePublished":"2022-04-06T15:00:00+00:00","dateModified":"2022-04-06T18:56:24+00:00","mainEntityOfPage":{"@id":"https:\/\/www.fbdm-mcaf.ca\/en\/univers-bd\/babillard\/news\/dont-miss-these-april-events\/"},"wordCount":828,"image":{"@id":"https:\/\/www.fbdm-mcaf.ca\/en\/univers-bd\/babillard\/news\/dont-miss-these-april-events\/#primaryimage"},"thumbnailUrl":"https:\/\/www.fbdm-mcaf.ca\/wp-content\/uploads\/bandeau-avril.png","articleSection":["News"],"inLanguage":"en-US"},{"@type":"WebPage","@id":"https:\/\/www.fbdm-mcaf.ca\/en\/univers-bd\/babillard\/news\/dont-miss-these-april-events\/","url":"https:\/\/www.fbdm-mcaf.ca\/en\/univers-bd\/babillard\/news\/dont-miss-these-april-events\/","name":"Don\u2019t Miss These April Events &#8226; MCAF","isPartOf":{"@id":"https:\/\/www.fbdm-mcaf.ca\/en\/#website"},"primaryImageOfPage":{"@id":"https:\/\/www.fbdm-mcaf.ca\/en\/univers-bd\/babillard\/news\/dont-miss-these-april-events\/#primaryimage"},"image":{"@id":"https:\/\/www.fbdm-mcaf.ca\/en\/univers-bd\/babillard\/news\/dont-miss-these-april-events\/#primaryimage"},"thumbnailUrl":"https:\/\/www.fbdm-mcaf.ca\/wp-content\/uploads\/bandeau-avril.png","datePublished":"2022-04-06T15:00:00+00:00","dateModified":"2022-04-06T18:56:24+00:00","author":{"@id":"https:\/\/www.fbdm-mcaf.ca\/en\/#\/schema\/person\/d68db62b132aa2d4d1eeecc77412069c"},"breadcrumb":{"@id":"https:\/\/www.fbdm-mcaf.ca\/en\/univers-bd\/babillard\/news\/dont-miss-these-april-events\/#breadcrumb"},"inLanguage":"en-US","potentialAction":[{"@type":"ReadAction","target":["https:\/\/www.fbdm-mcaf.ca\/en\/univers-bd\/babillard\/news\/dont-miss-these-april-events\/"]}]},{"@type":"ImageObject","inLanguage":"en-US","@id":"https:\/\/www.fbdm-mcaf.ca\/en\/univers-bd\/babillard\/news\/dont-miss-these-april-events\/#primaryimage","url":"https:\/\/www.fbdm-mcaf.ca\/wp-content\/uploads\/bandeau-avril.png","contentUrl":"https:\/\/www.fbdm-mcaf.ca\/wp-content\/uploads\/bandeau-avril.png","width":3200,"height":1200},{"@type":"BreadcrumbList","@id":"https:\/\/www.fbdm-mcaf.ca\/en\/univers-bd\/babillard\/news\/dont-miss-these-april-events\/#breadcrumb","itemListElement":[{"@type":"ListItem","position":1,"name":"Home","item":"https:\/\/www.fbdm-mcaf.ca\/en\/"},{"@type":"ListItem","position":2,"name":"Don\u2019t Miss These April Events"}]},{"@type":"WebSite","@id":"https:\/\/www.fbdm-mcaf.ca\/en\/#website","url":"https:\/\/www.fbdm-mcaf.ca\/en\/","name":"MCAF","description":"Montreal Comic Arts Festival","potentialAction":[{"@type":"SearchAction","target":{"@type":"EntryPoint","urlTemplate":"https:\/\/www.fbdm-mcaf.ca\/en\/?s={search_term_string}"},"query-input":{"@type":"PropertyValueSpecification","valueRequired":true,"valueName":"search_term_string"}}],"inLanguage":"en-US"},{"@type":"Person","@id":"https:\/\/www.fbdm-mcaf.ca\/en\/#\/schema\/person\/d68db62b132aa2d4d1eeecc77412069c","name":"Virginie Mont-Reynaud","image":{"@type":"ImageObject","inLanguage":"en-US","@id":"https:\/\/secure.gravatar.com\/avatar\/b74abeb947e38d7493fd65ed46cc9a2438693581c8a6b8d45d9a912f82901f14?s=96&d=mm&r=g","url":"https:\/\/secure.gravatar.com\/avatar\/b74abeb947e38d7493fd65ed46cc9a2438693581c8a6b8d45d9a912f82901f14?s=96&d=mm&r=g","contentUrl":"https:\/\/secure.gravatar.com\/avatar\/b74abeb947e38d7493fd65ed46cc9a2438693581c8a6b8d45d9a912f82901f14?s=96&d=mm&r=g","caption":"Virginie Mont-Reynaud"}}]}},"_links":{"self":[{"href":"https:\/\/www.fbdm-mcaf.ca\/en\/wp-json\/wp\/v2\/posts\/28711","targetHints":{"allow":["GET"]}}],"collection":[{"href":"https:\/\/www.fbdm-mcaf.ca\/en\/wp-json\/wp\/v2\/posts"}],"about":[{"href":"https:\/\/www.fbdm-mcaf.ca\/en\/wp-json\/wp\/v2\/types\/post"}],"author":[{"embeddable":true,"href":"https:\/\/www.fbdm-mcaf.ca\/en\/wp-json\/wp\/v2\/users\/2"}],"replies":[{"embeddable":true,"href":"https:\/\/www.fbdm-mcaf.ca\/en\/wp-json\/wp\/v2\/comments?post=28711"}],"version-history":[{"count":4,"href":"https:\/\/www.fbdm-mcaf.ca\/en\/wp-json\/wp\/v2\/posts\/28711\/revisions"}],"predecessor-version":[{"id":28727,"href":"https:\/\/www.fbdm-mcaf.ca\/en\/wp-json\/wp\/v2\/posts\/28711\/revisions\/28727"}],"wp:featuredmedia":[{"embeddable":true,"href":"https:\/\/www.fbdm-mcaf.ca\/en\/wp-json\/wp\/v2\/media\/28698"}],"wp:attachment":[{"href":"https:\/\/www.fbdm-mcaf.ca\/en\/wp-json\/wp\/v2\/media?parent=28711"}],"wp:term":[{"taxonomy":"category","embeddable":true,"href":"https:\/\/www.fbdm-mcaf.ca\/en\/wp-json\/wp\/v2\/categories?post=28711"},{"taxonomy":"post_tag","embeddable":true,"href":"https:\/\/www.fbdm-mcaf.ca\/en\/wp-json\/wp\/v2\/tags?post=28711"}],"curies":[{"name":"wp","href":"https:\/\/api.w.org\/{rel}","templated":true}]}}