{"id":28329,"date":"2022-02-16T11:00:00","date_gmt":"2022-02-16T16:00:00","guid":{"rendered":"https:\/\/www.fbdm-mcaf.ca\/?p=28329"},"modified":"2022-03-02T14:40:56","modified_gmt":"2022-03-02T19:40:56","slug":"the-montreal-comic-arts-festival-will-be-on-saint-denis","status":"publish","type":"post","link":"https:\/\/www.fbdm-mcaf.ca\/en\/univers-bd\/babillard\/press-releases\/the-montreal-comic-arts-festival-will-be-on-saint-denis\/","title":{"rendered":"The Montreal comic Arts Festival on Saint-Denis"},"content":{"rendered":"\n<h4 class=\"wp-block-heading\" id=\"cette-annee-le-festival-bd-de-montreal-s-installera-sur-la-rue-saint-denis-les-27-28-et-29-mai-prochain\">The Montreal Comic Arts Festival Takes Over Saint-Denis Street on May 27, 28 and 29, 2022<\/h4>\n\n\n\n<p><strong>Montreal, February 16, 2022<\/strong> &#8211; The Montreal Comic Arts Festival (MCAF) and the Soci\u00e9t\u00e9 de d\u00e9veloppement commercial (SDC) Rue Saint-Denis are pleased to announce the arrival of the Montreal Comic Arts Festival on Saint-Denis Street on May 27, 28 and 29, 2022.<\/p>\n\n\n\n<p>Since 2011, the Montreal Comic Arts Festival has been welcoming an ever-growing number of comic creators and fans. A true meeting place for the industry&#8217;s movers and shakers and the public, the Montreal Comic Arts Festival is a free, bilingual and public event that celebrates the \u201c9th Art,\u201d with an ongoing mandate to promote the comic arts and those who create them.<\/p>\n\n\n\n<blockquote class=\"wp-block-quote is-layout-flow wp-block-quote-is-layout-flow\"><p>\u201c<em>This partnership between MCAF and the SDC Rue Saint-Denis is excellent news for the upgrowth of the festival and rue Saint-Denis. This demonstrates, once again, the importance of this cultural industry in Le Plateau-Mont-Royal and the complementarity between culture and economic development in Montreal.<\/em>\u201d<\/p><cite>supports the mayor of Plateau-Mont-Royal and responsible for economic and commercial development on the executive committee of the City of Montreal, Mr. Luc Rabouin.<\/cite><\/blockquote>\n\n\n\n<h2 class=\"wp-block-heading\" id=\"mcaf-2022-to-take-place-on-saint-denis-street\"><strong>MCAF 2022 to Take Place on Saint-Denis Street<\/strong><\/h2>\n\n\n\n<p>For this 11th annual edition, the Montreal Comic Arts Festival will be held on the famed Saint-Denis Street! MCAF, previously held in the heart of La Fontaine Park, will have a new home this year, and the organizers of the Festival are proud to bring a new dimension to the event.<\/p>\n\n\n\n<blockquote class=\"wp-block-quote is-layout-flow wp-block-quote-is-layout-flow\"><p>&#8220;<em>It&#8217;s an incredible opportunity to install the Montreal Comic Festival in the form of a street fair on a major public thoroughfare that is closed to traffic\u2014a first for this section of Saint Denis! This change of location ensures greater visibility and better attendance while maintaining the friendly atmosphere so appreciated by our audience and the comic arts community.<\/em>&#8220;<\/p><cite>says Johanne Desrochers, Executive Director of the Montreal Comic Arts Festival.<\/cite><\/blockquote>\n\n\n\n<p>For the occasion, the commercial artery will be closed to traffic in order to accommodate a street fair with more than 100 exhibitors and more than 200 artists under the tents. The public will also have the pleasure of participating in various activities around the theme of comics.<\/p>\n\n\n\n<figure class=\"wp-block-image\"><img decoding=\"async\" src=\"https:\/\/lh5.googleusercontent.com\/Z5gE-NWhSHUddy4gIbHub_2KnfJVo6EsLZOL6AcSTzjyjUNlVfNmngZUidrbMjAAJztwhHyOs3qNnTBnRd1cizwPu5JDJCvy5x34AJb8Fs56Y2YLW6wt8uIq99bc7SdqtKCCD8vS\" alt=\"\"\/><\/figure>\n\n\n\n<p><em><em>Modeling of MCAF on Saint-Denis Street, illustration by Tristan Morissette<\/em><\/em><\/p>\n\n\n\n<h2 class=\"wp-block-heading\" id=\"a-unique-collaboration\"><strong><strong>A Unique Collaboration<\/strong><\/strong><\/h2>\n\n\n\n<p>Part of the Saint-Denis Street Recovery Plan, the arrival of this first edition on a commercial street also marks the first partnership between the Montreal Comic Arts Festival and the SDC Rue Saint-Denis.&nbsp;<\/p>\n\n\n\n<blockquote class=\"wp-block-quote is-layout-flow wp-block-quote-is-layout-flow\"><p>&#8220;We are very hap<em><em>py to welcome the Montreal Comic Arts Festival on our beautiful thoroughfare and to collaborate with MCAF. The promotion of culture through our merchants working in this area and the holding of events is a subject that is close to our hearts. We hope that the public will have as much pleasure in visiting the Festival as we had in organizing it<\/em><\/em>,&#8221;<\/p><cite>says Kriss Naveteur, General Manager of the SDC Rue Saint-Denis.<\/cite><\/blockquote>\n\n\n\n<p class=\"has-text-align-center\">-30-&nbsp;<\/p>\n\n\n\n<div class=\"wp-block-columns is-layout-flex wp-container-core-columns-is-layout-9d6595d7 wp-block-columns-is-layout-flex\">\n<div class=\"wp-block-column is-layout-flow wp-block-column-is-layout-flow\" style=\"flex-basis:50%\">\n<div class=\"wp-block-image\"><figure class=\"aligncenter size-large is-resized\"><img decoding=\"async\" src=\"https:\/\/www.fbdm-mcaf.ca\/wp-content\/uploads\/\/MCAF_logo_WEB_accueil-1-1024x311.png\" alt=\"\" class=\"wp-image-16466\" width=\"250\" srcset=\"https:\/\/www.fbdm-mcaf.ca\/wp-content\/uploads\/MCAF_logo_WEB_accueil-1-1024x311.png 1024w, https:\/\/www.fbdm-mcaf.ca\/wp-content\/uploads\/MCAF_logo_WEB_accueil-1-710x215.png 710w, https:\/\/www.fbdm-mcaf.ca\/wp-content\/uploads\/MCAF_logo_WEB_accueil-1-300x91.png 300w, https:\/\/www.fbdm-mcaf.ca\/wp-content\/uploads\/MCAF_logo_WEB_accueil-1-768x233.png 768w, https:\/\/www.fbdm-mcaf.ca\/wp-content\/uploads\/MCAF_logo_WEB_accueil-1-250x76.png 250w, https:\/\/www.fbdm-mcaf.ca\/wp-content\/uploads\/MCAF_logo_WEB_accueil-1-550x167.png 550w, https:\/\/www.fbdm-mcaf.ca\/wp-content\/uploads\/MCAF_logo_WEB_accueil-1-800x243.png 800w, https:\/\/www.fbdm-mcaf.ca\/wp-content\/uploads\/MCAF_logo_WEB_accueil-1-593x180.png 593w, https:\/\/www.fbdm-mcaf.ca\/wp-content\/uploads\/MCAF_logo_WEB_accueil-1-989x300.png 989w, https:\/\/www.fbdm-mcaf.ca\/wp-content\/uploads\/MCAF_logo_WEB_accueil-1.png 1045w\" sizes=\"(max-width: 1024px) 100vw, 1024px\" \/><\/figure><\/div>\n<\/div>\n\n\n\n<div class=\"wp-block-column is-layout-flow wp-block-column-is-layout-flow\" style=\"flex-basis:50%\">\n<div class=\"wp-block-image\"><figure class=\"aligncenter size-large is-resized\"><img decoding=\"async\" src=\"https:\/\/www.fbdm-mcaf.ca\/wp-content\/uploads\/\/Logo_Gilford_Roy_NOIR-1024x381.png\" alt=\"\" class=\"wp-image-28317\" width=\"200\" srcset=\"https:\/\/www.fbdm-mcaf.ca\/wp-content\/uploads\/Logo_Gilford_Roy_NOIR-1024x381.png 1024w, https:\/\/www.fbdm-mcaf.ca\/wp-content\/uploads\/Logo_Gilford_Roy_NOIR-300x112.png 300w, https:\/\/www.fbdm-mcaf.ca\/wp-content\/uploads\/Logo_Gilford_Roy_NOIR-768x285.png 768w, https:\/\/www.fbdm-mcaf.ca\/wp-content\/uploads\/Logo_Gilford_Roy_NOIR-710x264.png 710w, https:\/\/www.fbdm-mcaf.ca\/wp-content\/uploads\/Logo_Gilford_Roy_NOIR-250x93.png 250w, https:\/\/www.fbdm-mcaf.ca\/wp-content\/uploads\/Logo_Gilford_Roy_NOIR-550x204.png 550w, https:\/\/www.fbdm-mcaf.ca\/wp-content\/uploads\/Logo_Gilford_Roy_NOIR-800x297.png 800w, https:\/\/www.fbdm-mcaf.ca\/wp-content\/uploads\/Logo_Gilford_Roy_NOIR-484x180.png 484w, https:\/\/www.fbdm-mcaf.ca\/wp-content\/uploads\/Logo_Gilford_Roy_NOIR-807x300.png 807w, https:\/\/www.fbdm-mcaf.ca\/wp-content\/uploads\/Logo_Gilford_Roy_NOIR.png 1200w\" sizes=\"(max-width: 1024px) 100vw, 1024px\" \/><\/figure><\/div>\n<\/div>\n<\/div>\n\n\n\n<h3 class=\"wp-block-heading\" id=\"about-mcaf\"><strong>About MCAF<\/strong><\/h3>\n\n\n\n<p>For the past 11 years, the Montreal Comic Arts Festival has provided a platform for exchanges and encounters between comic book creators and publishers and the medium\u2019s ever-growing audience. Through its annual spring event, MCAF promotes Quebec and Canadian comics locally and internationally, while contributing to the development and dissemination of knowledge about the \u201c9th Art.\u201d MCAF has also recently stimulated and supported the work of comic book creators with its annual publications under the banner Les Presses du FBDM | MCAF Press. To learn more about MCAF, visit <a href=\"https:\/\/www.fbdm-mcaf.ca\/en\/\">fbdm-mcaf.ca<\/a>.<\/p>\n\n\n\n<p><strong>The FBDM would like to thank its partners for their precious collaboration: <\/strong>Canada Council for the Arts, Conseil des arts de Montr\u00e9al, Conseil des arts et des lettres du Qu\u00e9bec, Heritage Canada, Emploi Qu\u00e9bec, SODEC, Service de la culture &#8211; Ville de Montr\u00e9al, Arrondissement Le Plateau Mont-Royal.<\/p>\n\n\n\n<h3 class=\"wp-block-heading\" id=\"about-the-sdc-rue-saint-denis\"><strong>About the SDC Rue Saint-Denis<\/strong><\/h3>\n\n\n\n<p>A non-profit organization created in 2010 and representing more than 270 members, the Soci\u00e9t\u00e9 de d\u00e9veloppement commercial Rue Saint-Denis brings together all the businesses located on Saint-Denis Street from Gilford to Roy. Its mission: To contribute to the evolution, dynamism and attractiveness of Saint-Street as a quality commercial, cultural and tourist destination, in order to make it an exceptional and distinctive living environment. To learn more about the SDC Rue Saint-Denis, visit <a href=\"https:\/\/www.ruesaintdenis.ca\/\">ruesaintdenis.ca<\/a>.<\/p>\n\n\n\n<div class=\"wp-block-columns is-layout-flex wp-container-core-columns-is-layout-9d6595d7 wp-block-columns-is-layout-flex\">\n<div class=\"wp-block-column is-layout-flow wp-block-column-is-layout-flow\" style=\"flex-basis:33.34%\">\n<div class=\"wp-block-image\"><figure class=\"aligncenter size-full is-resized\"><img decoding=\"async\" src=\"https:\/\/www.fbdm-mcaf.ca\/wp-content\/uploads\/montreal_2c.jpg\" alt=\"\" class=\"wp-image-28319\" width=\"150\" srcset=\"https:\/\/www.fbdm-mcaf.ca\/wp-content\/uploads\/montreal_2c.jpg 377w, https:\/\/www.fbdm-mcaf.ca\/wp-content\/uploads\/montreal_2c-300x64.jpg 300w, https:\/\/www.fbdm-mcaf.ca\/wp-content\/uploads\/montreal_2c-250x54.jpg 250w\" sizes=\"(max-width: 377px) 100vw, 377px\" \/><\/figure><\/div>\n<\/div>\n\n\n\n<div class=\"wp-block-column is-layout-flow wp-block-column-is-layout-flow\" style=\"flex-basis:33.34%\">\n<div class=\"wp-block-image\"><figure class=\"aligncenter size-full is-resized\"><img decoding=\"async\" src=\"https:\/\/www.fbdm-mcaf.ca\/wp-content\/uploads\/Le-P.-Mont-Royal-2c300.jpg\" alt=\"\" class=\"wp-image-28321\" width=\"150\" srcset=\"https:\/\/www.fbdm-mcaf.ca\/wp-content\/uploads\/Le-P.-Mont-Royal-2c300.jpg 470w, https:\/\/www.fbdm-mcaf.ca\/wp-content\/uploads\/Le-P.-Mont-Royal-2c300-300x82.jpg 300w, https:\/\/www.fbdm-mcaf.ca\/wp-content\/uploads\/Le-P.-Mont-Royal-2c300-250x68.jpg 250w\" sizes=\"(max-width: 470px) 100vw, 470px\" \/><\/figure><\/div>\n<\/div>\n\n\n\n<div class=\"wp-block-column is-layout-flow wp-block-column-is-layout-flow\" style=\"flex-basis:33.33%\">\n<div class=\"wp-block-image\"><figure class=\"aligncenter size-large is-resized\"><img decoding=\"async\" src=\"https:\/\/www.fbdm-mcaf.ca\/wp-content\/uploads\/\/Logo_gouvernement_Quebec-1-1024x222.png\" alt=\"\" class=\"wp-image-28326\" width=\"150\" srcset=\"https:\/\/www.fbdm-mcaf.ca\/wp-content\/uploads\/Logo_gouvernement_Quebec-1-1024x222.png 1024w, https:\/\/www.fbdm-mcaf.ca\/wp-content\/uploads\/Logo_gouvernement_Quebec-1-300x65.png 300w, https:\/\/www.fbdm-mcaf.ca\/wp-content\/uploads\/Logo_gouvernement_Quebec-1-768x166.png 768w, https:\/\/www.fbdm-mcaf.ca\/wp-content\/uploads\/Logo_gouvernement_Quebec-1-1536x333.png 1536w, https:\/\/www.fbdm-mcaf.ca\/wp-content\/uploads\/Logo_gouvernement_Quebec-1-710x154.png 710w, https:\/\/www.fbdm-mcaf.ca\/wp-content\/uploads\/Logo_gouvernement_Quebec-1-250x54.png 250w, https:\/\/www.fbdm-mcaf.ca\/wp-content\/uploads\/Logo_gouvernement_Quebec-1-550x119.png 550w, https:\/\/www.fbdm-mcaf.ca\/wp-content\/uploads\/Logo_gouvernement_Quebec-1-800x173.png 800w, https:\/\/www.fbdm-mcaf.ca\/wp-content\/uploads\/Logo_gouvernement_Quebec-1-831x180.png 831w, https:\/\/www.fbdm-mcaf.ca\/wp-content\/uploads\/Logo_gouvernement_Quebec-1-1386x300.png 1386w, https:\/\/www.fbdm-mcaf.ca\/wp-content\/uploads\/Logo_gouvernement_Quebec-1.png 2000w\" sizes=\"(max-width: 1024px) 100vw, 1024px\" \/><\/figure><\/div>\n<\/div>\n<\/div>\n\n\n\n<h4 class=\"wp-block-heading\" id=\"further-information\">Further Information<\/h4>\n\n\n\n<p><strong>MCAF Contact<\/strong><br>Johanne Desrochers<br>General Direction<br><a href=\"mailto:johanne.desrochers@fbdm-mcaf.ca\" target=\"_blank\" rel=\"noreferrer noopener\">johanne.desrochers@fbdm-mcaf.ca<\/a><\/p>\n\n\n\n<p><strong>Press Agency Rugicomm Contact<\/strong><br>Val\u00e9rie Grig<br>Community relations and management<br><a href=\"mailto:valerie@rugicomm.ca\">valerie@rugicomm.ca<\/a><\/p>\n\n\n\n<p><strong>SDC Saint-Denis contact<\/strong>: <br>Dany St-Jean<br>(514) 212-5457<\/p>\n","protected":false},"excerpt":{"rendered":"<p class=\"post-excerpt\">The Montreal Comic Arts Festival Takes Over Saint-Denis Street on May 27, 28 and 29, 2022<\/p>\n<p><strong>Montreal, February 16, 2022<\/strong> &#8211; The Montreal Comic Arts Festival (MCAF) and the Soci\u00e9t\u00e9 de d\u00e9veloppement commercial (SDC) Rue Saint-Denis are pleased to announce the arrival of the Montreal Comic Arts Festival on Saint-Denis Street on May 27,<\/p>\n<p>&#8230;<\/p>\n<p><a class=\"post-learn-more\" href=\"https:\/\/www.fbdm-mcaf.ca\/en\/univers-bd\/babillard\/press-releases\/the-montreal-comic-arts-festival-will-be-on-saint-denis\/\">Read more<span>&nbsp;><\/span><\/a><\/p><\/p>\n","protected":false},"author":2,"featured_media":28312,"comment_status":"closed","ping_status":"closed","sticky":false,"template":"","format":"standard","meta":{"_acf_changed":false,"_price":"","_stock":"","_tribe_ticket_header":"","_tribe_default_ticket_provider":"","_tribe_ticket_capacity":"0","_ticket_start_date":"","_ticket_end_date":"","_tribe_ticket_show_description":"","_tribe_ticket_show_not_going":false,"_tribe_ticket_use_global_stock":"","_tribe_ticket_global_stock_level":"","_global_stock_mode":"","_global_stock_cap":"","_tribe_rsvp_for_event":"","_tribe_ticket_going_count":"","_tribe_ticket_not_going_count":"","_tribe_tickets_list":"[]","_tribe_ticket_has_attendee_info_fields":false,"footnotes":""},"categories":[97],"tags":[],"class_list":["post-28329","post","type-post","status-publish","format-standard","has-post-thumbnail","hentry","category-press-releases"],"acf":[],"yoast_head":"<!-- This site is optimized with the Yoast SEO plugin v27.5 - https:\/\/yoast.com\/product\/yoast-seo-wordpress\/ -->\n<title>The Montreal comic Arts Festival on Saint-Denis &#8226; MCAF<\/title>\n<meta name=\"robots\" content=\"index, follow, max-snippet:-1, max-image-preview:large, max-video-preview:-1\" \/>\n<link rel=\"canonical\" href=\"https:\/\/www.fbdm-mcaf.ca\/en\/univers-bd\/babillard\/press-releases\/the-montreal-comic-arts-festival-will-be-on-saint-denis\/\" \/>\n<meta property=\"og:locale\" content=\"en_US\" \/>\n<meta property=\"og:type\" content=\"article\" \/>\n<meta property=\"og:title\" content=\"The Montreal comic Arts Festival on Saint-Denis &#8226; MCAF\" \/>\n<meta property=\"og:description\" content=\"The Montreal Comic Arts Festival Takes Over Saint-Denis Street on May 27, 28 and 29, 2022  Montreal, February 16, 2022 &#8211; The Montreal Comic Arts Festival (MCAF) and the Soci\u00e9t\u00e9 de d\u00e9veloppement commercial (SDC) Rue Saint-Denis are pleased to announce the arrival of the Montreal Comic Arts Festival on Saint-Denis Street on May 27,...Read more&nbsp;&gt;\" \/>\n<meta property=\"og:url\" content=\"https:\/\/www.fbdm-mcaf.ca\/en\/univers-bd\/babillard\/press-releases\/the-montreal-comic-arts-festival-will-be-on-saint-denis\/\" \/>\n<meta property=\"og:site_name\" content=\"MCAF\" \/>\n<meta property=\"article:publisher\" content=\"https:\/\/www.facebook.com\/FestivalBDMontreal\/\" \/>\n<meta property=\"article:published_time\" content=\"2022-02-16T16:00:00+00:00\" \/>\n<meta property=\"article:modified_time\" content=\"2022-03-02T19:40:56+00:00\" \/>\n<meta property=\"og:image\" content=\"https:\/\/www.fbdm-mcaf.ca\/wp-content\/uploads\/FBDM-image-finale-article.jpg\" \/>\n\t<meta property=\"og:image:width\" content=\"2400\" \/>\n\t<meta property=\"og:image:height\" content=\"900\" \/>\n\t<meta property=\"og:image:type\" content=\"image\/jpeg\" \/>\n<meta name=\"author\" content=\"Virginie Mont-Reynaud\" \/>\n<meta name=\"twitter:card\" content=\"summary_large_image\" \/>\n<meta name=\"twitter:creator\" content=\"@fbdm_mtl\" \/>\n<meta name=\"twitter:site\" content=\"@fbdm_mtl\" \/>\n<meta name=\"twitter:label1\" content=\"Written by\" \/>\n\t<meta name=\"twitter:data1\" content=\"Virginie Mont-Reynaud\" \/>\n\t<meta name=\"twitter:label2\" content=\"Est. reading time\" \/>\n\t<meta name=\"twitter:data2\" content=\"5 minutes\" \/>\n<script type=\"application\/ld+json\" class=\"yoast-schema-graph\">{\"@context\":\"https:\\\/\\\/schema.org\",\"@graph\":[{\"@type\":\"Article\",\"@id\":\"https:\\\/\\\/www.fbdm-mcaf.ca\\\/en\\\/univers-bd\\\/babillard\\\/press-releases\\\/the-montreal-comic-arts-festival-will-be-on-saint-denis\\\/#article\",\"isPartOf\":{\"@id\":\"https:\\\/\\\/www.fbdm-mcaf.ca\\\/en\\\/univers-bd\\\/babillard\\\/press-releases\\\/the-montreal-comic-arts-festival-will-be-on-saint-denis\\\/\"},\"author\":{\"name\":\"Virginie Mont-Reynaud\",\"@id\":\"https:\\\/\\\/www.fbdm-mcaf.ca\\\/en\\\/#\\\/schema\\\/person\\\/d68db62b132aa2d4d1eeecc77412069c\"},\"headline\":\"The Montreal comic Arts Festival on Saint-Denis\",\"datePublished\":\"2022-02-16T16:00:00+00:00\",\"dateModified\":\"2022-03-02T19:40:56+00:00\",\"mainEntityOfPage\":{\"@id\":\"https:\\\/\\\/www.fbdm-mcaf.ca\\\/en\\\/univers-bd\\\/babillard\\\/press-releases\\\/the-montreal-comic-arts-festival-will-be-on-saint-denis\\\/\"},\"wordCount\":741,\"image\":{\"@id\":\"https:\\\/\\\/www.fbdm-mcaf.ca\\\/en\\\/univers-bd\\\/babillard\\\/press-releases\\\/the-montreal-comic-arts-festival-will-be-on-saint-denis\\\/#primaryimage\"},\"thumbnailUrl\":\"https:\\\/\\\/www.fbdm-mcaf.ca\\\/wp-content\\\/uploads\\\/FBDM-image-finale-article.jpg\",\"articleSection\":[\"Press releases\"],\"inLanguage\":\"en-US\"},{\"@type\":\"WebPage\",\"@id\":\"https:\\\/\\\/www.fbdm-mcaf.ca\\\/en\\\/univers-bd\\\/babillard\\\/press-releases\\\/the-montreal-comic-arts-festival-will-be-on-saint-denis\\\/\",\"url\":\"https:\\\/\\\/www.fbdm-mcaf.ca\\\/en\\\/univers-bd\\\/babillard\\\/press-releases\\\/the-montreal-comic-arts-festival-will-be-on-saint-denis\\\/\",\"name\":\"The Montreal comic Arts Festival on Saint-Denis &#8226; MCAF\",\"isPartOf\":{\"@id\":\"https:\\\/\\\/www.fbdm-mcaf.ca\\\/en\\\/#website\"},\"primaryImageOfPage\":{\"@id\":\"https:\\\/\\\/www.fbdm-mcaf.ca\\\/en\\\/univers-bd\\\/babillard\\\/press-releases\\\/the-montreal-comic-arts-festival-will-be-on-saint-denis\\\/#primaryimage\"},\"image\":{\"@id\":\"https:\\\/\\\/www.fbdm-mcaf.ca\\\/en\\\/univers-bd\\\/babillard\\\/press-releases\\\/the-montreal-comic-arts-festival-will-be-on-saint-denis\\\/#primaryimage\"},\"thumbnailUrl\":\"https:\\\/\\\/www.fbdm-mcaf.ca\\\/wp-content\\\/uploads\\\/FBDM-image-finale-article.jpg\",\"datePublished\":\"2022-02-16T16:00:00+00:00\",\"dateModified\":\"2022-03-02T19:40:56+00:00\",\"author\":{\"@id\":\"https:\\\/\\\/www.fbdm-mcaf.ca\\\/en\\\/#\\\/schema\\\/person\\\/d68db62b132aa2d4d1eeecc77412069c\"},\"breadcrumb\":{\"@id\":\"https:\\\/\\\/www.fbdm-mcaf.ca\\\/en\\\/univers-bd\\\/babillard\\\/press-releases\\\/the-montreal-comic-arts-festival-will-be-on-saint-denis\\\/#breadcrumb\"},\"inLanguage\":\"en-US\",\"potentialAction\":[{\"@type\":\"ReadAction\",\"target\":[\"https:\\\/\\\/www.fbdm-mcaf.ca\\\/en\\\/univers-bd\\\/babillard\\\/press-releases\\\/the-montreal-comic-arts-festival-will-be-on-saint-denis\\\/\"]}]},{\"@type\":\"ImageObject\",\"inLanguage\":\"en-US\",\"@id\":\"https:\\\/\\\/www.fbdm-mcaf.ca\\\/en\\\/univers-bd\\\/babillard\\\/press-releases\\\/the-montreal-comic-arts-festival-will-be-on-saint-denis\\\/#primaryimage\",\"url\":\"https:\\\/\\\/www.fbdm-mcaf.ca\\\/wp-content\\\/uploads\\\/FBDM-image-finale-article.jpg\",\"contentUrl\":\"https:\\\/\\\/www.fbdm-mcaf.ca\\\/wp-content\\\/uploads\\\/FBDM-image-finale-article.jpg\",\"width\":2400,\"height\":900},{\"@type\":\"BreadcrumbList\",\"@id\":\"https:\\\/\\\/www.fbdm-mcaf.ca\\\/en\\\/univers-bd\\\/babillard\\\/press-releases\\\/the-montreal-comic-arts-festival-will-be-on-saint-denis\\\/#breadcrumb\",\"itemListElement\":[{\"@type\":\"ListItem\",\"position\":1,\"name\":\"Home\",\"item\":\"https:\\\/\\\/www.fbdm-mcaf.ca\\\/en\\\/\"},{\"@type\":\"ListItem\",\"position\":2,\"name\":\"The Montreal comic Arts Festival on Saint-Denis\"}]},{\"@type\":\"WebSite\",\"@id\":\"https:\\\/\\\/www.fbdm-mcaf.ca\\\/en\\\/#website\",\"url\":\"https:\\\/\\\/www.fbdm-mcaf.ca\\\/en\\\/\",\"name\":\"MCAF\",\"description\":\"Montreal Comic Arts Festival\",\"potentialAction\":[{\"@type\":\"SearchAction\",\"target\":{\"@type\":\"EntryPoint\",\"urlTemplate\":\"https:\\\/\\\/www.fbdm-mcaf.ca\\\/en\\\/?s={search_term_string}\"},\"query-input\":{\"@type\":\"PropertyValueSpecification\",\"valueRequired\":true,\"valueName\":\"search_term_string\"}}],\"inLanguage\":\"en-US\"},{\"@type\":\"Person\",\"@id\":\"https:\\\/\\\/www.fbdm-mcaf.ca\\\/en\\\/#\\\/schema\\\/person\\\/d68db62b132aa2d4d1eeecc77412069c\",\"name\":\"Virginie Mont-Reynaud\",\"image\":{\"@type\":\"ImageObject\",\"inLanguage\":\"en-US\",\"@id\":\"https:\\\/\\\/secure.gravatar.com\\\/avatar\\\/b74abeb947e38d7493fd65ed46cc9a2438693581c8a6b8d45d9a912f82901f14?s=96&d=mm&r=g\",\"url\":\"https:\\\/\\\/secure.gravatar.com\\\/avatar\\\/b74abeb947e38d7493fd65ed46cc9a2438693581c8a6b8d45d9a912f82901f14?s=96&d=mm&r=g\",\"contentUrl\":\"https:\\\/\\\/secure.gravatar.com\\\/avatar\\\/b74abeb947e38d7493fd65ed46cc9a2438693581c8a6b8d45d9a912f82901f14?s=96&d=mm&r=g\",\"caption\":\"Virginie Mont-Reynaud\"}}]}<\/script>\n<!-- \/ Yoast SEO plugin. -->","yoast_head_json":{"title":"The Montreal comic Arts Festival on Saint-Denis &#8226; MCAF","robots":{"index":"index","follow":"follow","max-snippet":"max-snippet:-1","max-image-preview":"max-image-preview:large","max-video-preview":"max-video-preview:-1"},"canonical":"https:\/\/www.fbdm-mcaf.ca\/en\/univers-bd\/babillard\/press-releases\/the-montreal-comic-arts-festival-will-be-on-saint-denis\/","og_locale":"en_US","og_type":"article","og_title":"The Montreal comic Arts Festival on Saint-Denis &#8226; MCAF","og_description":"The Montreal Comic Arts Festival Takes Over Saint-Denis Street on May 27, 28 and 29, 2022  Montreal, February 16, 2022 &#8211; The Montreal Comic Arts Festival (MCAF) and the Soci\u00e9t\u00e9 de d\u00e9veloppement commercial (SDC) Rue Saint-Denis are pleased to announce the arrival of the Montreal Comic Arts Festival on Saint-Denis Street on May 27,...Read more&nbsp;>","og_url":"https:\/\/www.fbdm-mcaf.ca\/en\/univers-bd\/babillard\/press-releases\/the-montreal-comic-arts-festival-will-be-on-saint-denis\/","og_site_name":"MCAF","article_publisher":"https:\/\/www.facebook.com\/FestivalBDMontreal\/","article_published_time":"2022-02-16T16:00:00+00:00","article_modified_time":"2022-03-02T19:40:56+00:00","og_image":[{"width":2400,"height":900,"url":"https:\/\/www.fbdm-mcaf.ca\/wp-content\/uploads\/FBDM-image-finale-article.jpg","type":"image\/jpeg"}],"author":"Virginie Mont-Reynaud","twitter_card":"summary_large_image","twitter_creator":"@fbdm_mtl","twitter_site":"@fbdm_mtl","twitter_misc":{"Written by":"Virginie Mont-Reynaud","Est. reading time":"5 minutes"},"schema":{"@context":"https:\/\/schema.org","@graph":[{"@type":"Article","@id":"https:\/\/www.fbdm-mcaf.ca\/en\/univers-bd\/babillard\/press-releases\/the-montreal-comic-arts-festival-will-be-on-saint-denis\/#article","isPartOf":{"@id":"https:\/\/www.fbdm-mcaf.ca\/en\/univers-bd\/babillard\/press-releases\/the-montreal-comic-arts-festival-will-be-on-saint-denis\/"},"author":{"name":"Virginie Mont-Reynaud","@id":"https:\/\/www.fbdm-mcaf.ca\/en\/#\/schema\/person\/d68db62b132aa2d4d1eeecc77412069c"},"headline":"The Montreal comic Arts Festival on Saint-Denis","datePublished":"2022-02-16T16:00:00+00:00","dateModified":"2022-03-02T19:40:56+00:00","mainEntityOfPage":{"@id":"https:\/\/www.fbdm-mcaf.ca\/en\/univers-bd\/babillard\/press-releases\/the-montreal-comic-arts-festival-will-be-on-saint-denis\/"},"wordCount":741,"image":{"@id":"https:\/\/www.fbdm-mcaf.ca\/en\/univers-bd\/babillard\/press-releases\/the-montreal-comic-arts-festival-will-be-on-saint-denis\/#primaryimage"},"thumbnailUrl":"https:\/\/www.fbdm-mcaf.ca\/wp-content\/uploads\/FBDM-image-finale-article.jpg","articleSection":["Press releases"],"inLanguage":"en-US"},{"@type":"WebPage","@id":"https:\/\/www.fbdm-mcaf.ca\/en\/univers-bd\/babillard\/press-releases\/the-montreal-comic-arts-festival-will-be-on-saint-denis\/","url":"https:\/\/www.fbdm-mcaf.ca\/en\/univers-bd\/babillard\/press-releases\/the-montreal-comic-arts-festival-will-be-on-saint-denis\/","name":"The Montreal comic Arts Festival on Saint-Denis &#8226; MCAF","isPartOf":{"@id":"https:\/\/www.fbdm-mcaf.ca\/en\/#website"},"primaryImageOfPage":{"@id":"https:\/\/www.fbdm-mcaf.ca\/en\/univers-bd\/babillard\/press-releases\/the-montreal-comic-arts-festival-will-be-on-saint-denis\/#primaryimage"},"image":{"@id":"https:\/\/www.fbdm-mcaf.ca\/en\/univers-bd\/babillard\/press-releases\/the-montreal-comic-arts-festival-will-be-on-saint-denis\/#primaryimage"},"thumbnailUrl":"https:\/\/www.fbdm-mcaf.ca\/wp-content\/uploads\/FBDM-image-finale-article.jpg","datePublished":"2022-02-16T16:00:00+00:00","dateModified":"2022-03-02T19:40:56+00:00","author":{"@id":"https:\/\/www.fbdm-mcaf.ca\/en\/#\/schema\/person\/d68db62b132aa2d4d1eeecc77412069c"},"breadcrumb":{"@id":"https:\/\/www.fbdm-mcaf.ca\/en\/univers-bd\/babillard\/press-releases\/the-montreal-comic-arts-festival-will-be-on-saint-denis\/#breadcrumb"},"inLanguage":"en-US","potentialAction":[{"@type":"ReadAction","target":["https:\/\/www.fbdm-mcaf.ca\/en\/univers-bd\/babillard\/press-releases\/the-montreal-comic-arts-festival-will-be-on-saint-denis\/"]}]},{"@type":"ImageObject","inLanguage":"en-US","@id":"https:\/\/www.fbdm-mcaf.ca\/en\/univers-bd\/babillard\/press-releases\/the-montreal-comic-arts-festival-will-be-on-saint-denis\/#primaryimage","url":"https:\/\/www.fbdm-mcaf.ca\/wp-content\/uploads\/FBDM-image-finale-article.jpg","contentUrl":"https:\/\/www.fbdm-mcaf.ca\/wp-content\/uploads\/FBDM-image-finale-article.jpg","width":2400,"height":900},{"@type":"BreadcrumbList","@id":"https:\/\/www.fbdm-mcaf.ca\/en\/univers-bd\/babillard\/press-releases\/the-montreal-comic-arts-festival-will-be-on-saint-denis\/#breadcrumb","itemListElement":[{"@type":"ListItem","position":1,"name":"Home","item":"https:\/\/www.fbdm-mcaf.ca\/en\/"},{"@type":"ListItem","position":2,"name":"The Montreal comic Arts Festival on Saint-Denis"}]},{"@type":"WebSite","@id":"https:\/\/www.fbdm-mcaf.ca\/en\/#website","url":"https:\/\/www.fbdm-mcaf.ca\/en\/","name":"MCAF","description":"Montreal Comic Arts Festival","potentialAction":[{"@type":"SearchAction","target":{"@type":"EntryPoint","urlTemplate":"https:\/\/www.fbdm-mcaf.ca\/en\/?s={search_term_string}"},"query-input":{"@type":"PropertyValueSpecification","valueRequired":true,"valueName":"search_term_string"}}],"inLanguage":"en-US"},{"@type":"Person","@id":"https:\/\/www.fbdm-mcaf.ca\/en\/#\/schema\/person\/d68db62b132aa2d4d1eeecc77412069c","name":"Virginie Mont-Reynaud","image":{"@type":"ImageObject","inLanguage":"en-US","@id":"https:\/\/secure.gravatar.com\/avatar\/b74abeb947e38d7493fd65ed46cc9a2438693581c8a6b8d45d9a912f82901f14?s=96&d=mm&r=g","url":"https:\/\/secure.gravatar.com\/avatar\/b74abeb947e38d7493fd65ed46cc9a2438693581c8a6b8d45d9a912f82901f14?s=96&d=mm&r=g","contentUrl":"https:\/\/secure.gravatar.com\/avatar\/b74abeb947e38d7493fd65ed46cc9a2438693581c8a6b8d45d9a912f82901f14?s=96&d=mm&r=g","caption":"Virginie Mont-Reynaud"}}]}},"_links":{"self":[{"href":"https:\/\/www.fbdm-mcaf.ca\/en\/wp-json\/wp\/v2\/posts\/28329","targetHints":{"allow":["GET"]}}],"collection":[{"href":"https:\/\/www.fbdm-mcaf.ca\/en\/wp-json\/wp\/v2\/posts"}],"about":[{"href":"https:\/\/www.fbdm-mcaf.ca\/en\/wp-json\/wp\/v2\/types\/post"}],"author":[{"embeddable":true,"href":"https:\/\/www.fbdm-mcaf.ca\/en\/wp-json\/wp\/v2\/users\/2"}],"replies":[{"embeddable":true,"href":"https:\/\/www.fbdm-mcaf.ca\/en\/wp-json\/wp\/v2\/comments?post=28329"}],"version-history":[{"count":3,"href":"https:\/\/www.fbdm-mcaf.ca\/en\/wp-json\/wp\/v2\/posts\/28329\/revisions"}],"predecessor-version":[{"id":28405,"href":"https:\/\/www.fbdm-mcaf.ca\/en\/wp-json\/wp\/v2\/posts\/28329\/revisions\/28405"}],"wp:featuredmedia":[{"embeddable":true,"href":"https:\/\/www.fbdm-mcaf.ca\/en\/wp-json\/wp\/v2\/media\/28312"}],"wp:attachment":[{"href":"https:\/\/www.fbdm-mcaf.ca\/en\/wp-json\/wp\/v2\/media?parent=28329"}],"wp:term":[{"taxonomy":"category","embeddable":true,"href":"https:\/\/www.fbdm-mcaf.ca\/en\/wp-json\/wp\/v2\/categories?post=28329"},{"taxonomy":"post_tag","embeddable":true,"href":"https:\/\/www.fbdm-mcaf.ca\/en\/wp-json\/wp\/v2\/tags?post=28329"}],"curies":[{"name":"wp","href":"https:\/\/api.w.org\/{rel}","templated":true}]}}