{"id":27462,"date":"2021-10-05T11:00:00","date_gmt":"2021-10-05T15:00:00","guid":{"rendered":"https:\/\/www.fbdm-mcaf.ca\/univers-bd\/babillard\/uncategorized\/colloque-international-bd-programmation\/"},"modified":"2021-10-13T15:05:41","modified_gmt":"2021-10-13T19:05:41","slug":"international-comic-arts-conference-program","status":"publish","type":"post","link":"https:\/\/www.fbdm-mcaf.ca\/en\/univers-bd\/babillard\/press-releases\/international-comic-arts-conference-program\/","title":{"rendered":"International Comic Arts Conference &#8211; Program"},"content":{"rendered":"\n<p><strong>Montreal, October 4th 2021 <\/strong>&#8211; The Montreal Comic Arts Festival (MCAF) and the McGill <a href=\"https:\/\/www.mcgill.ca\/centre-montreal\/\"><strong>Centre for Interdisciplinary Research on Montreal (CIRM)<\/strong><\/a> are pleased to invite you to the <em>Shaking the Foundations<\/em> Conference in Montreal, <strong>from October 28 to 30, 2021<\/strong> in the auditorium of BAnQ, Montreal.<\/p>\n\n\n\n<p>In addition to highlighting the MCAF\u2019s 10<sup>th<\/sup> anniversary, this conference will bring together researchers interested in the comic arts and their creators for discussions and presentations of research and field work on the theme of <em>Shaking the Foundations<\/em>. Mario Beaulac, professor in comic arts at the <a href=\"https:\/\/uqo.ca\/emi\"><strong>\u00c9cole multidisciplinaire de l\u2019image<\/strong><\/a> at Universit\u00e9 du Qu\u00e9bec en Outaouais, will oversee the event as scientific director.<\/p>\n\n\n\n<h2 class=\"wp-block-heading\">Shaking the Foundations<\/h2>\n\n\n\n<p>Metropolis, Gotham City, New York, Berlin, Brussels, even Montreal\u2014be they real or dreamlike, dark citadels or beacons of light, urban landscapes often find their way into the creative universes of comic creators. Through the trials of their protagonists and main characters, the city and its foundations are repeatedly abused, redesigned, and reimagined. Buildings are shattered or used as weapons by superheroes, locked in epic battles with their adversaries in the city. Protagonists commute through the city of the future, whether utopian or dystopian, where the artist has taken the opportunity to draw both the boundaries of the <em>expected <\/em>city and the attention of critics and readers to urban design and its limits. Other creators may subvert the medium\u2019s conventions or use architectural and urban metaphors to deconstruct their stories. With each stroke of their pen, comic artists <em>shake the foundations <\/em>of the real and imaginary city, the ways it is represented, and the urban issues it faces.<\/p>\n\n\n\n<p>Which formal or thematic devices do comic artists use to shake these foundations? Proposals may address one or more of the following themes:<\/p>\n\n\n\n<h3 class=\"wp-block-heading\"><strong>Shaking the foundations&#8230;of the city:<\/strong><strong>&nbsp;<\/strong><\/h3>\n\n\n\n<p>The foundations of the city are disrupted in many ways in comics. Its architecture may be shattered, reduced to dust: fights between superheroes and their opponents, war situations, tales about the creation or dismantling of neighbourhoods, etc. The founding principles of architecture or urban planning may also be reinvented by utopian or dystopian visions of the city of the future or imagined urban milieus.<\/p>\n\n\n\n<h3 class=\"wp-block-heading\"><strong>Shaking the foundations&#8230;of society :<\/strong>&nbsp;<\/h3>\n\n\n\n<p>It is also possible for comic artists to question preconceptions of urban societies. By illustrating and addressing some of the concerns experienced in urban centres, comic artists highlight cultural, religious, social, economic, and other disturbances, and thus an established social order that may be criticised at leisure. Consider the works of Guy Delisle (<em>Shenzhen<\/em>, <em>Pyongyang<\/em>), Joe Sacco (<em>Palestine<\/em>, <em>Safe Area Gora\u017ede<\/em>) or Chantal Montellier (<em>Wonder City<\/em>, <em>Tchernobyl mon amour<\/em>).<\/p>\n\n\n\n<h3 class=\"wp-block-heading\"><strong>Shaking the foundations&#8230;of the comic arts :&nbsp;<\/strong><\/h3>\n\n\n\n<p>Finally, creators shake the foundations of the comic arts, namely by using urban or architectural metaphors in order to question their creative processes and storytelling, as does Chris Ware in his <em>Building Stories <\/em>or as Fran\u00e7ois Schuiten and Beno\u00eet Peeters also endeavor in their <em>Les Cit\u00e9s obscures<\/em>.<\/p>\n\n\n\n<h2 class=\"wp-block-heading\">Programming<\/h2>\n\n\n\n<p>Out of the thirty or so paper proposals received, the Scientific Committee of the conference chose eleven to be presented in four sessions from <strong>October 28 to 29 in BAnQ auditorium<\/strong>. Participation is free upon registration and the vaccination passport will be requested to be admitted. All the details can be found on the <a href=\"https:\/\/www.colloque-bd.ca\/\" target=\"_blank\" rel=\"noreferrer noopener\">conference website<\/a>.<\/p>\n\n\n\n<div class=\"wp-block-image\"><figure class=\"alignright size-large is-resized\"><img loading=\"lazy\" decoding=\"async\" src=\"https:\/\/www.fbdm-mcaf.ca\/wp-content\/uploads\/\/FBDM-2021_Affiche-Colloque-683x1024.png\" alt=\"\" class=\"wp-image-27427\" width=\"312\" height=\"468\" srcset=\"https:\/\/www.fbdm-mcaf.ca\/wp-content\/uploads\/FBDM-2021_Affiche-Colloque-683x1024.png 683w, https:\/\/www.fbdm-mcaf.ca\/wp-content\/uploads\/FBDM-2021_Affiche-Colloque-200x300.png 200w, https:\/\/www.fbdm-mcaf.ca\/wp-content\/uploads\/FBDM-2021_Affiche-Colloque-768x1152.png 768w, https:\/\/www.fbdm-mcaf.ca\/wp-content\/uploads\/FBDM-2021_Affiche-Colloque-1024x1536.png 1024w, https:\/\/www.fbdm-mcaf.ca\/wp-content\/uploads\/FBDM-2021_Affiche-Colloque-1365x2048.png 1365w, https:\/\/www.fbdm-mcaf.ca\/wp-content\/uploads\/FBDM-2021_Affiche-Colloque-710x1065.png 710w, https:\/\/www.fbdm-mcaf.ca\/wp-content\/uploads\/FBDM-2021_Affiche-Colloque-250x375.png 250w, https:\/\/www.fbdm-mcaf.ca\/wp-content\/uploads\/FBDM-2021_Affiche-Colloque-550x825.png 550w, https:\/\/www.fbdm-mcaf.ca\/wp-content\/uploads\/FBDM-2021_Affiche-Colloque-800x1200.png 800w, https:\/\/www.fbdm-mcaf.ca\/wp-content\/uploads\/FBDM-2021_Affiche-Colloque-120x180.png 120w, https:\/\/www.fbdm-mcaf.ca\/wp-content\/uploads\/FBDM-2021_Affiche-Colloque-333x500.png 333w, https:\/\/www.fbdm-mcaf.ca\/wp-content\/uploads\/FBDM-2021_Affiche-Colloque.png 1800w\" sizes=\"auto, (max-width: 312px) 100vw, 312px\" \/><\/figure><\/div>\n\n\n\n<p><strong>Opening conference<\/strong><br>Cartoonist Jean-Paul Eid is the guest of honor at the opening conference. Having developed several experimental methods of exploded narration which seek to renew the relationship between the comic strip and the reader, Jean-Paul Eid will know how to talk to us about the role that the 9th art can take in the representation of what surrounds us.<\/p>\n\n\n\n<p><strong>Commented tour<\/strong><br>Because there is nothing like a walk around town to realize the changes that are taking place there.<br>The Montreal Comic Festival (MCAF) and the Centre for Interdisciplinary Research in Montreal Studies (CIRM) invite Montrealers to (re) discover the Centre-Sud through a guided tour through the heart of its streets, to wonder about its identity and to identify some of the factors that have shaken this neighborhood over the past decades. In the company of actors from the community and academics circles, this tour will be led by Richard Shearmur (CIRM \/ McGill) with the participation of cartoonist Richard Suicide, author of <em>Chroniques du Centre-Sud<\/em>. This course is part of the <em>Shaking the Foundations<\/em> Conference and the series of CIRM <em>Montr\u00e9al&nbsp;: la cit\u00e9 des cit\u00e9s.<\/em><\/p>\n\n\n\n<h2 class=\"wp-block-heading\">Detailed Programming<\/h2>\n\n\n\n<h3 class=\"wp-block-heading\"><strong>Thursday October 28<\/strong><\/h3>\n\n\n\n<h4 class=\"wp-block-heading\">2:15 pm \u2022 Welcome Speech<\/h4>\n\n\n\n<h4 class=\"wp-block-heading\">2:30 pm &#8211; 3:30 \u2022 Comics &amp; Museums<\/h4>\n\n\n\n<p>\u27a4 Comics and\/as Museums: Historical Representation at the Intersection of Exhibition Practice and Graphic Narrative<em><br><\/em>By Elizabeth \u201cBiz\u201d Nijdam<br>\u27a4 <em>Faire trembler les fondations de l\u2019institution mus\u00e9ale : quand la bande dessin\u00e9e se joue du mus\u00e9e<\/em><br>Par Zo\u00e9 Vangindertael<\/p>\n\n\n\n<h4 class=\"wp-block-heading\">3:30 pm &#8211; 4:30 pm \u2022 Opening Conference with Jean-Paul Eid<\/h4>\n\n\n\n<h3 class=\"wp-block-heading\"><strong>Friday October 29<\/strong><\/h3>\n\n\n\n<h4 class=\"wp-block-heading\">10:30 am &#8211; 12 pm \u2022 Architecture in Comics&nbsp;<\/h4>\n\n\n\n<p>\u27a4 Drawing Chicago: Architecture and Urban Networks in Chris Ware\u2019s Graphic City<br>By Frederik K\u00f8hlert<br>\u27a4 <em>L\u2019espace architectural et la cartographie au service des rep\u00e8res de lecture dans la bande dessin\u00e9e num\u00e9rique non lin\u00e9aire<\/em><br>Par Margarita Molina Fern\u00e1ndez<br>\u27a4 <em>La ville impossible : les cit\u00e9s mall\u00e9ables de Michael Deforge<\/em><br>Par \u00c9mile Dupr\u00e9<\/p>\n\n\n\n<h4 class=\"wp-block-heading\">2 pm &#8211; 3:30 pm \u2022 Subversion, Feminism &amp; Comics<\/h4>\n\n\n\n<p>\u27a4 <em>Le fanzine ou la subversion-transformation des codes \u00e9ditoriaux de la bande dessin\u00e9e qu\u00e9b\u00e9coise<\/em><br>Par Dolly Tawil, Katia Huber et Marie-\u00c8ve Plamondon<br>\u27a4 <em>L\u2019Anthropologie f\u00e9ministe des soci\u00e9t\u00e9s urbaines en bande dessin\u00e9e : croisements entre le r\u00e9cit autobiographique, l\u2019ethnographie et le dessin<\/em><br>Par Marie-\u00c8ve Carrier-Moisan<br>\u27a4<em> \u00c9critures du r\u00e9el et \u00e9cof\u00e9minisme : d\u00e9construction formelle de normes genr\u00e9es chez Julie Delporte et Catherine Ocelot<\/em><br>Par Virginie Fournier<\/p>\n\n\n\n<h4 class=\"wp-block-heading\">4:30 pm &#8211; 6:30 pm \u2022 Commented Tour with Richard Suicide<\/h4>\n\n\n\n<h3 class=\"wp-block-heading\"><strong>Saturday October 30<\/strong><\/h3>\n\n\n\n<h4 class=\"wp-block-heading\">10:30 am &#8211; 12 pm \u2022 Dystopian Cities in Comics&nbsp;<\/h4>\n\n\n\n<p>\u27a4<em> Passage interdit &#8211; Le Montr\u00e9al morcel\u00e9 d\u2019Hiver nucl\u00e9aire<\/em><br>Par Thara Charland<br>\u27a4 &#8220;Neo-Tokyo is About to Explode&#8221; &#8211; Akira and the Cyberpunk Metropolis<br>By Matthew Poulter<br>\u27a4 <em>Apocalypse et dystopie nucl\u00e9aire : fonctions narratives des repr\u00e9sentations atomiques dans les mangas cyberpunk<\/em><br>Par Alexandre Taalba<\/p>\n\n\n\n<h4 class=\"wp-block-heading\">12 pm \u2022 Closing remarks<\/h4>\n\n\n\n<h2 class=\"wp-block-heading\">Scientific Committee<\/h2>\n\n\n\n<p>In order to choose from among the proposals for papers received, we assembled a scientific committee made up of the following specialists:<\/p>\n\n\n\n<h3 class=\"wp-block-heading\">Scientific Director :<\/h3>\n\n\n\n<p><strong>Mario Beaulac<\/strong>, Professor, \u00c9cole multidisciplinaire de l\u2019image, Universit\u00e9 du Qu\u00e9bec en Outaouais<\/p>\n\n\n\n<h3 class=\"wp-block-heading\">Members of the Scientific Committee :<\/h3>\n\n\n\n<p><strong>Johanne Desrochers<\/strong>, General Director, MCAF<br><strong>Dominique Gazo<\/strong>, Director of Montreal Public Libraries, City of Montreal<br><strong>Anna Giaufret<\/strong>, Associate Professor, Department of Modern and French Languages and Cultures, University of Genova<br><strong>Marc-Andr\u00e9 Goulet<\/strong>,&nbsp; Head of department, Arts and Literature, Grande Biblioth\u00e8que (BanQ)&nbsp;<br><strong>Dominic Hardy<\/strong>, Professor, Department of Art History, Universit\u00e9 du Qu\u00e9bec \u00e0 Montr\u00e9al<br><strong>Nik Luka<\/strong>, Co-Director, CIRM; Associate Professor, School of Urban Planning and Peter Guo-Hua Fu School of Architecture, McGill University<br><strong>Fran\u00e7ois Vigneault,<\/strong> Cartoonist<\/p>\n\n\n\n<h2 class=\"wp-block-heading\">About the Organizing Partners<\/h2>\n\n\n\n<h3 class=\"wp-block-heading\"><strong>The Montreal Comic Arts Festival<\/strong><\/h3>\n\n\n\n<p>Over the last 10 years, MCAF has served as a space for artists and their audiences to meet and exchange ideas. The MCAF\u2019s yearly springtime event serves to promote Qu\u00e9b\u00e9cois and Canadian comic arts on the local and international levels, while contributing to their development and dissemination of knowledge on comics. Recently, MCAF has also stimulated and supported local comic artists thanks to the <a href=\"https:\/\/www.fbdm-mcaf.ca\/en\/about-us\/archives\/mcaf-press\/\"><strong>Presses du FBDM | MCAF Press<\/strong><\/a>.<\/p>\n\n\n\n<h3 class=\"wp-block-heading\"><strong>Centre for Interdisciplinary Research on Montreal<\/strong><\/h3>\n\n\n\n<p>Bringing together 74 researchers from over 15 universities in Montreal, Canada, and abroad, CIRM is at the forefront of interdisciplinary research on Montreal. The centre also contributes to the conception, coordination, and dissemination of research-action projects created in tandem with social, economic, cultural, community, and municipal actors in the city<\/p>\n\n\n\n<h3 class=\"wp-block-heading\"><strong>Organizing Committee<\/strong><\/h3>\n\n\n\n<p><strong>Johanne Desrochers<\/strong>, General Director, MCAF<br><strong>Audray Fontaine<\/strong>, Knowledge Mobilization Coordinator, CIRM<br><strong>Mario Beaulac, <\/strong>Professor, \u00c9cole multidisciplinaire de l\u2019image, Universit\u00e9 du Qu\u00e9bec en Outaouais<br><strong>Louise Guillemette-Labory<\/strong>, Chair of the Board, MCAF<br><strong>Virginie Mont-Reynaud<\/strong>, Programme and Logistics Coordinator, MCAF<\/p>\n\n\n\n<p><strong>The MCAF would like to thank its partners for their precious collaboration:<\/strong><br>Canada Council for the Arts, Montreal Arts Council, Center for Interdisciplinary Research in Montreal Studies (CIRM), Consulate General of France in Quebec, Caisse de la Culture Desjardins<br>Thank you also to our service partners Multidisciplinary School of Image UQO, Acfas, BAnQ, Armada Film<\/p>\n\n\n\n<p><strong>Thanks to Denis Rodier for his magnificent illustration for the conference\u2019s poster.<br><\/strong>And finally thank you to the MCAF volunteer team, without whom the Festival simply couldn\u2019t happen.<\/p>\n\n\n\n<p class=\"has-text-align-center\">&nbsp;&#8211; 30 &#8211;<\/p>\n\n\n\n<h3 class=\"wp-block-heading\">Biographical Notes<\/h3>\n\n\n\n<h4 class=\"wp-block-heading\">Jean-Paul Eid<\/h4>\n\n\n\n<p>Working in the field of comics since 1985, Jean-Paul Eid became known through <em>Les aventures de J\u00e9r\u00f4me Bigras<\/em>, a surreal suburbanite flanked by Rex, his faithful lawn mower. Pages to be read by transparency, interactive scenarios, mirror pages &#8230; Eid has fun deconstructing the very language of comics. Two collections of these adventures, published by \u00c9ditions Logiques, were reissued in 2008 at La Past\u00e8que in an anthology with the evocative title, <em>Des tondeuses et des hommes<\/em>. Bigras reappears in a final adventure, <em>Le fond du trou<\/em> (Grand Prix de la Ville de Qu\u00e9bec and Special Jury Award B\u00e9d\u00e9lys 2012), a perforated album whose hole allows the characters to physically cross the story as one travels through time.<\/p>\n\n\n\n<p>In the meantime, Eid published in 1999 with the playwright Claude Paiement, the science-fiction diptych <em>Le Naufrag\u00e9 de Memoria<\/em> (B\u00e9d\u00e9\u00efs Causa 2000 and 2004 and the B\u00e9d\u00e9lys Qu\u00e9bec 2004 Award) reissued in a single volume under the title <em>Memoria<\/em> at La Past\u00e8que in 2020. The tandem did it again in 2016 with <em>La femme aux cartes postales<\/em>, an ambitious graphic novel that nostalgically evokes the era of Montreal jazz clubs in the 1950s (ACBD award for best Quebec comic book and Grand Prix de la Ville de Quebec 2017).<\/p>\n\n\n\n<p>In 2021, <em>The Little Astronaut <\/em>is released, his most personal work that tenderly and kindly recounts the story of Tom, a little boy born with cerebral palsy.<\/p>\n\n\n\n<p>Jean-Paul Eid also has a career as an illustrator. Since 2016, he has been a comic chronicler on the show <em>Plus on est de fous plus on lit.<\/em><\/p>\n\n\n\n<h4 class=\"wp-block-heading\">Richard Suicide<\/h4>\n\n\n\n<p>Born Beaulieu in 1961, Richard Suicide established himself during the 1990s as one of the major figures of Quebec underground comics &#8211; alongside authors such as Julie Doucet, Henriette Valium, Simon Boss\u00e9 and Siris. In addition to producing strips for the weekly <em>Ici <\/em>as well as numerous illustrations for the <em>Montreal Mirror<\/em>, he has published a series of self-published fanzines and contributed to numerous collectives, including <em>Comix 2000<\/em> at L&#8217;Association as well as <em>Les D\u00e9mons du hockey<\/em> at Gl\u00e9nat Qu\u00e9bec. <\/p>\n\n\n\n<p>His book <em>My Life as a Foot <\/em>(Conundrum Press) was published in 2007.<em> Chroniques du Centre-Sud <\/em>is his second book in French, seventeen years after <em>Gonades cosmiques<\/em>.<\/p>\n\n\n\n<h4 class=\"wp-block-heading\"><strong>Further Informatio<\/strong>n<\/h4>\n\n\n\n<p><strong><strong>MCAF Contact<\/strong><br><\/strong>Johanne Desrochers<br>General Direction<br><a href=\"mailto:johanne.desrochers@fbdm-mcaf.ca\" target=\"_blank\" rel=\"noreferrer noopener\">johanne.desrochers@fbdm-mcaf.ca<\/a><\/p>\n\n\n\n<p><strong>Press Agent Contact<\/strong><br>Lisa Moreau<br><a href=\"mailto:presse@fbdm-mcaf.ca\" target=\"_blank\" rel=\"noreferrer noopener\">presse@fbdm-mcaf.ca<\/a><\/p>\n","protected":false},"excerpt":{"rendered":"<p class=\"post-excerpt\">\n<p><strong>Montreal, October 4th 2021 <\/strong>&#8211; The Montreal Comic Arts Festival (MCAF) and the McGill <strong>Centre for Interdisciplinary Research on Montreal (CIRM)<\/strong> are pleased to invite you to the <em>Shaking the Foundations<\/em> Conference in Montreal, <strong>from October 28 to 30, 2021<\/strong> in the auditorium of BAnQ,<\/p>\n<p>&#8230;<\/p>\n<p><a class=\"post-learn-more\" href=\"https:\/\/www.fbdm-mcaf.ca\/en\/univers-bd\/babillard\/press-releases\/international-comic-arts-conference-program\/\">Read more<span>&nbsp;><\/span><\/a><\/p><\/p>\n","protected":false},"author":2,"featured_media":27412,"comment_status":"closed","ping_status":"closed","sticky":false,"template":"","format":"standard","meta":{"_acf_changed":false,"_price":"","_stock":"","_tribe_ticket_header":"","_tribe_default_ticket_provider":"","_tribe_ticket_capacity":"0","_ticket_start_date":"","_ticket_end_date":"","_tribe_ticket_show_description":"","_tribe_ticket_show_not_going":false,"_tribe_ticket_use_global_stock":"","_tribe_ticket_global_stock_level":"","_global_stock_mode":"","_global_stock_cap":"","_tribe_rsvp_for_event":"","_tribe_ticket_going_count":"","_tribe_ticket_not_going_count":"","_tribe_tickets_list":"[]","_tribe_ticket_has_attendee_info_fields":false,"footnotes":""},"categories":[97],"tags":[],"class_list":["post-27462","post","type-post","status-publish","format-standard","has-post-thumbnail","hentry","category-press-releases"],"acf":[],"yoast_head":"<!-- This site is optimized with the Yoast SEO plugin v27.5 - https:\/\/yoast.com\/product\/yoast-seo-wordpress\/ -->\n<title>International Comic Arts Conference - Program &#8226; MCAF<\/title>\n<meta name=\"robots\" content=\"index, follow, max-snippet:-1, max-image-preview:large, max-video-preview:-1\" \/>\n<link rel=\"canonical\" href=\"https:\/\/www.fbdm-mcaf.ca\/en\/univers-bd\/babillard\/press-releases\/international-comic-arts-conference-program\/\" \/>\n<meta property=\"og:locale\" content=\"en_US\" \/>\n<meta property=\"og:type\" content=\"article\" \/>\n<meta property=\"og:title\" content=\"International Comic Arts Conference - Program &#8226; MCAF\" \/>\n<meta property=\"og:description\" content=\"Montreal, October 4th 2021 &#8211; The Montreal Comic Arts Festival (MCAF) and the McGill Centre for Interdisciplinary Research on Montreal (CIRM) are pleased to invite you to the Shaking the Foundations Conference in Montreal, from October 28 to 30, 2021 in the auditorium of BAnQ,...Read more&nbsp;&gt;\" \/>\n<meta property=\"og:url\" content=\"https:\/\/www.fbdm-mcaf.ca\/en\/univers-bd\/babillard\/press-releases\/international-comic-arts-conference-program\/\" \/>\n<meta property=\"og:site_name\" content=\"MCAF\" \/>\n<meta property=\"article:publisher\" content=\"https:\/\/www.facebook.com\/FestivalBDMontreal\/\" \/>\n<meta property=\"article:published_time\" content=\"2021-10-05T15:00:00+00:00\" \/>\n<meta property=\"article:modified_time\" content=\"2021-10-13T19:05:41+00:00\" \/>\n<meta property=\"og:image\" content=\"https:\/\/www.fbdm-mcaf.ca\/wp-content\/uploads\/FBDM-2021-Colloque_Article_800x300.jpg\" \/>\n\t<meta property=\"og:image:width\" content=\"800\" \/>\n\t<meta property=\"og:image:height\" content=\"300\" \/>\n\t<meta property=\"og:image:type\" content=\"image\/jpeg\" \/>\n<meta name=\"author\" content=\"Virginie Mont-Reynaud\" \/>\n<meta name=\"twitter:card\" content=\"summary_large_image\" \/>\n<meta name=\"twitter:creator\" content=\"@fbdm_mtl\" \/>\n<meta name=\"twitter:site\" content=\"@fbdm_mtl\" \/>\n<meta name=\"twitter:label1\" content=\"Written by\" \/>\n\t<meta name=\"twitter:data1\" content=\"Virginie Mont-Reynaud\" \/>\n\t<meta name=\"twitter:label2\" content=\"Est. reading time\" \/>\n\t<meta name=\"twitter:data2\" content=\"8 minutes\" \/>\n<script type=\"application\/ld+json\" class=\"yoast-schema-graph\">{\"@context\":\"https:\\\/\\\/schema.org\",\"@graph\":[{\"@type\":\"Article\",\"@id\":\"https:\\\/\\\/www.fbdm-mcaf.ca\\\/en\\\/univers-bd\\\/babillard\\\/press-releases\\\/international-comic-arts-conference-program\\\/#article\",\"isPartOf\":{\"@id\":\"https:\\\/\\\/www.fbdm-mcaf.ca\\\/en\\\/univers-bd\\\/babillard\\\/press-releases\\\/international-comic-arts-conference-program\\\/\"},\"author\":{\"name\":\"Virginie Mont-Reynaud\",\"@id\":\"https:\\\/\\\/www.fbdm-mcaf.ca\\\/en\\\/#\\\/schema\\\/person\\\/d68db62b132aa2d4d1eeecc77412069c\"},\"headline\":\"International Comic Arts Conference &#8211; Program\",\"datePublished\":\"2021-10-05T15:00:00+00:00\",\"dateModified\":\"2021-10-13T19:05:41+00:00\",\"mainEntityOfPage\":{\"@id\":\"https:\\\/\\\/www.fbdm-mcaf.ca\\\/en\\\/univers-bd\\\/babillard\\\/press-releases\\\/international-comic-arts-conference-program\\\/\"},\"wordCount\":1804,\"image\":{\"@id\":\"https:\\\/\\\/www.fbdm-mcaf.ca\\\/en\\\/univers-bd\\\/babillard\\\/press-releases\\\/international-comic-arts-conference-program\\\/#primaryimage\"},\"thumbnailUrl\":\"https:\\\/\\\/www.fbdm-mcaf.ca\\\/wp-content\\\/uploads\\\/FBDM-2021-Colloque_Article_800x300.jpg\",\"articleSection\":[\"Press releases\"],\"inLanguage\":\"en-US\"},{\"@type\":\"WebPage\",\"@id\":\"https:\\\/\\\/www.fbdm-mcaf.ca\\\/en\\\/univers-bd\\\/babillard\\\/press-releases\\\/international-comic-arts-conference-program\\\/\",\"url\":\"https:\\\/\\\/www.fbdm-mcaf.ca\\\/en\\\/univers-bd\\\/babillard\\\/press-releases\\\/international-comic-arts-conference-program\\\/\",\"name\":\"International Comic Arts Conference - Program &#8226; MCAF\",\"isPartOf\":{\"@id\":\"https:\\\/\\\/www.fbdm-mcaf.ca\\\/en\\\/#website\"},\"primaryImageOfPage\":{\"@id\":\"https:\\\/\\\/www.fbdm-mcaf.ca\\\/en\\\/univers-bd\\\/babillard\\\/press-releases\\\/international-comic-arts-conference-program\\\/#primaryimage\"},\"image\":{\"@id\":\"https:\\\/\\\/www.fbdm-mcaf.ca\\\/en\\\/univers-bd\\\/babillard\\\/press-releases\\\/international-comic-arts-conference-program\\\/#primaryimage\"},\"thumbnailUrl\":\"https:\\\/\\\/www.fbdm-mcaf.ca\\\/wp-content\\\/uploads\\\/FBDM-2021-Colloque_Article_800x300.jpg\",\"datePublished\":\"2021-10-05T15:00:00+00:00\",\"dateModified\":\"2021-10-13T19:05:41+00:00\",\"author\":{\"@id\":\"https:\\\/\\\/www.fbdm-mcaf.ca\\\/en\\\/#\\\/schema\\\/person\\\/d68db62b132aa2d4d1eeecc77412069c\"},\"breadcrumb\":{\"@id\":\"https:\\\/\\\/www.fbdm-mcaf.ca\\\/en\\\/univers-bd\\\/babillard\\\/press-releases\\\/international-comic-arts-conference-program\\\/#breadcrumb\"},\"inLanguage\":\"en-US\",\"potentialAction\":[{\"@type\":\"ReadAction\",\"target\":[\"https:\\\/\\\/www.fbdm-mcaf.ca\\\/en\\\/univers-bd\\\/babillard\\\/press-releases\\\/international-comic-arts-conference-program\\\/\"]}]},{\"@type\":\"ImageObject\",\"inLanguage\":\"en-US\",\"@id\":\"https:\\\/\\\/www.fbdm-mcaf.ca\\\/en\\\/univers-bd\\\/babillard\\\/press-releases\\\/international-comic-arts-conference-program\\\/#primaryimage\",\"url\":\"https:\\\/\\\/www.fbdm-mcaf.ca\\\/wp-content\\\/uploads\\\/FBDM-2021-Colloque_Article_800x300.jpg\",\"contentUrl\":\"https:\\\/\\\/www.fbdm-mcaf.ca\\\/wp-content\\\/uploads\\\/FBDM-2021-Colloque_Article_800x300.jpg\",\"width\":800,\"height\":300},{\"@type\":\"BreadcrumbList\",\"@id\":\"https:\\\/\\\/www.fbdm-mcaf.ca\\\/en\\\/univers-bd\\\/babillard\\\/press-releases\\\/international-comic-arts-conference-program\\\/#breadcrumb\",\"itemListElement\":[{\"@type\":\"ListItem\",\"position\":1,\"name\":\"Home\",\"item\":\"https:\\\/\\\/www.fbdm-mcaf.ca\\\/en\\\/\"},{\"@type\":\"ListItem\",\"position\":2,\"name\":\"International Comic Arts Conference &#8211; Program\"}]},{\"@type\":\"WebSite\",\"@id\":\"https:\\\/\\\/www.fbdm-mcaf.ca\\\/en\\\/#website\",\"url\":\"https:\\\/\\\/www.fbdm-mcaf.ca\\\/en\\\/\",\"name\":\"MCAF\",\"description\":\"Montreal Comic Arts Festival\",\"potentialAction\":[{\"@type\":\"SearchAction\",\"target\":{\"@type\":\"EntryPoint\",\"urlTemplate\":\"https:\\\/\\\/www.fbdm-mcaf.ca\\\/en\\\/?s={search_term_string}\"},\"query-input\":{\"@type\":\"PropertyValueSpecification\",\"valueRequired\":true,\"valueName\":\"search_term_string\"}}],\"inLanguage\":\"en-US\"},{\"@type\":\"Person\",\"@id\":\"https:\\\/\\\/www.fbdm-mcaf.ca\\\/en\\\/#\\\/schema\\\/person\\\/d68db62b132aa2d4d1eeecc77412069c\",\"name\":\"Virginie Mont-Reynaud\",\"image\":{\"@type\":\"ImageObject\",\"inLanguage\":\"en-US\",\"@id\":\"https:\\\/\\\/secure.gravatar.com\\\/avatar\\\/b74abeb947e38d7493fd65ed46cc9a2438693581c8a6b8d45d9a912f82901f14?s=96&d=mm&r=g\",\"url\":\"https:\\\/\\\/secure.gravatar.com\\\/avatar\\\/b74abeb947e38d7493fd65ed46cc9a2438693581c8a6b8d45d9a912f82901f14?s=96&d=mm&r=g\",\"contentUrl\":\"https:\\\/\\\/secure.gravatar.com\\\/avatar\\\/b74abeb947e38d7493fd65ed46cc9a2438693581c8a6b8d45d9a912f82901f14?s=96&d=mm&r=g\",\"caption\":\"Virginie Mont-Reynaud\"}}]}<\/script>\n<!-- \/ Yoast SEO plugin. -->","yoast_head_json":{"title":"International Comic Arts Conference - Program &#8226; MCAF","robots":{"index":"index","follow":"follow","max-snippet":"max-snippet:-1","max-image-preview":"max-image-preview:large","max-video-preview":"max-video-preview:-1"},"canonical":"https:\/\/www.fbdm-mcaf.ca\/en\/univers-bd\/babillard\/press-releases\/international-comic-arts-conference-program\/","og_locale":"en_US","og_type":"article","og_title":"International Comic Arts Conference - Program &#8226; MCAF","og_description":"Montreal, October 4th 2021 &#8211; The Montreal Comic Arts Festival (MCAF) and the McGill Centre for Interdisciplinary Research on Montreal (CIRM) are pleased to invite you to the Shaking the Foundations Conference in Montreal, from October 28 to 30, 2021 in the auditorium of BAnQ,...Read more&nbsp;>","og_url":"https:\/\/www.fbdm-mcaf.ca\/en\/univers-bd\/babillard\/press-releases\/international-comic-arts-conference-program\/","og_site_name":"MCAF","article_publisher":"https:\/\/www.facebook.com\/FestivalBDMontreal\/","article_published_time":"2021-10-05T15:00:00+00:00","article_modified_time":"2021-10-13T19:05:41+00:00","og_image":[{"width":800,"height":300,"url":"https:\/\/www.fbdm-mcaf.ca\/wp-content\/uploads\/FBDM-2021-Colloque_Article_800x300.jpg","type":"image\/jpeg"}],"author":"Virginie Mont-Reynaud","twitter_card":"summary_large_image","twitter_creator":"@fbdm_mtl","twitter_site":"@fbdm_mtl","twitter_misc":{"Written by":"Virginie Mont-Reynaud","Est. reading time":"8 minutes"},"schema":{"@context":"https:\/\/schema.org","@graph":[{"@type":"Article","@id":"https:\/\/www.fbdm-mcaf.ca\/en\/univers-bd\/babillard\/press-releases\/international-comic-arts-conference-program\/#article","isPartOf":{"@id":"https:\/\/www.fbdm-mcaf.ca\/en\/univers-bd\/babillard\/press-releases\/international-comic-arts-conference-program\/"},"author":{"name":"Virginie Mont-Reynaud","@id":"https:\/\/www.fbdm-mcaf.ca\/en\/#\/schema\/person\/d68db62b132aa2d4d1eeecc77412069c"},"headline":"International Comic Arts Conference &#8211; Program","datePublished":"2021-10-05T15:00:00+00:00","dateModified":"2021-10-13T19:05:41+00:00","mainEntityOfPage":{"@id":"https:\/\/www.fbdm-mcaf.ca\/en\/univers-bd\/babillard\/press-releases\/international-comic-arts-conference-program\/"},"wordCount":1804,"image":{"@id":"https:\/\/www.fbdm-mcaf.ca\/en\/univers-bd\/babillard\/press-releases\/international-comic-arts-conference-program\/#primaryimage"},"thumbnailUrl":"https:\/\/www.fbdm-mcaf.ca\/wp-content\/uploads\/FBDM-2021-Colloque_Article_800x300.jpg","articleSection":["Press releases"],"inLanguage":"en-US"},{"@type":"WebPage","@id":"https:\/\/www.fbdm-mcaf.ca\/en\/univers-bd\/babillard\/press-releases\/international-comic-arts-conference-program\/","url":"https:\/\/www.fbdm-mcaf.ca\/en\/univers-bd\/babillard\/press-releases\/international-comic-arts-conference-program\/","name":"International Comic Arts Conference - Program &#8226; MCAF","isPartOf":{"@id":"https:\/\/www.fbdm-mcaf.ca\/en\/#website"},"primaryImageOfPage":{"@id":"https:\/\/www.fbdm-mcaf.ca\/en\/univers-bd\/babillard\/press-releases\/international-comic-arts-conference-program\/#primaryimage"},"image":{"@id":"https:\/\/www.fbdm-mcaf.ca\/en\/univers-bd\/babillard\/press-releases\/international-comic-arts-conference-program\/#primaryimage"},"thumbnailUrl":"https:\/\/www.fbdm-mcaf.ca\/wp-content\/uploads\/FBDM-2021-Colloque_Article_800x300.jpg","datePublished":"2021-10-05T15:00:00+00:00","dateModified":"2021-10-13T19:05:41+00:00","author":{"@id":"https:\/\/www.fbdm-mcaf.ca\/en\/#\/schema\/person\/d68db62b132aa2d4d1eeecc77412069c"},"breadcrumb":{"@id":"https:\/\/www.fbdm-mcaf.ca\/en\/univers-bd\/babillard\/press-releases\/international-comic-arts-conference-program\/#breadcrumb"},"inLanguage":"en-US","potentialAction":[{"@type":"ReadAction","target":["https:\/\/www.fbdm-mcaf.ca\/en\/univers-bd\/babillard\/press-releases\/international-comic-arts-conference-program\/"]}]},{"@type":"ImageObject","inLanguage":"en-US","@id":"https:\/\/www.fbdm-mcaf.ca\/en\/univers-bd\/babillard\/press-releases\/international-comic-arts-conference-program\/#primaryimage","url":"https:\/\/www.fbdm-mcaf.ca\/wp-content\/uploads\/FBDM-2021-Colloque_Article_800x300.jpg","contentUrl":"https:\/\/www.fbdm-mcaf.ca\/wp-content\/uploads\/FBDM-2021-Colloque_Article_800x300.jpg","width":800,"height":300},{"@type":"BreadcrumbList","@id":"https:\/\/www.fbdm-mcaf.ca\/en\/univers-bd\/babillard\/press-releases\/international-comic-arts-conference-program\/#breadcrumb","itemListElement":[{"@type":"ListItem","position":1,"name":"Home","item":"https:\/\/www.fbdm-mcaf.ca\/en\/"},{"@type":"ListItem","position":2,"name":"International Comic Arts Conference &#8211; Program"}]},{"@type":"WebSite","@id":"https:\/\/www.fbdm-mcaf.ca\/en\/#website","url":"https:\/\/www.fbdm-mcaf.ca\/en\/","name":"MCAF","description":"Montreal Comic Arts Festival","potentialAction":[{"@type":"SearchAction","target":{"@type":"EntryPoint","urlTemplate":"https:\/\/www.fbdm-mcaf.ca\/en\/?s={search_term_string}"},"query-input":{"@type":"PropertyValueSpecification","valueRequired":true,"valueName":"search_term_string"}}],"inLanguage":"en-US"},{"@type":"Person","@id":"https:\/\/www.fbdm-mcaf.ca\/en\/#\/schema\/person\/d68db62b132aa2d4d1eeecc77412069c","name":"Virginie Mont-Reynaud","image":{"@type":"ImageObject","inLanguage":"en-US","@id":"https:\/\/secure.gravatar.com\/avatar\/b74abeb947e38d7493fd65ed46cc9a2438693581c8a6b8d45d9a912f82901f14?s=96&d=mm&r=g","url":"https:\/\/secure.gravatar.com\/avatar\/b74abeb947e38d7493fd65ed46cc9a2438693581c8a6b8d45d9a912f82901f14?s=96&d=mm&r=g","contentUrl":"https:\/\/secure.gravatar.com\/avatar\/b74abeb947e38d7493fd65ed46cc9a2438693581c8a6b8d45d9a912f82901f14?s=96&d=mm&r=g","caption":"Virginie Mont-Reynaud"}}]}},"_links":{"self":[{"href":"https:\/\/www.fbdm-mcaf.ca\/en\/wp-json\/wp\/v2\/posts\/27462","targetHints":{"allow":["GET"]}}],"collection":[{"href":"https:\/\/www.fbdm-mcaf.ca\/en\/wp-json\/wp\/v2\/posts"}],"about":[{"href":"https:\/\/www.fbdm-mcaf.ca\/en\/wp-json\/wp\/v2\/types\/post"}],"author":[{"embeddable":true,"href":"https:\/\/www.fbdm-mcaf.ca\/en\/wp-json\/wp\/v2\/users\/2"}],"replies":[{"embeddable":true,"href":"https:\/\/www.fbdm-mcaf.ca\/en\/wp-json\/wp\/v2\/comments?post=27462"}],"version-history":[{"count":4,"href":"https:\/\/www.fbdm-mcaf.ca\/en\/wp-json\/wp\/v2\/posts\/27462\/revisions"}],"predecessor-version":[{"id":27484,"href":"https:\/\/www.fbdm-mcaf.ca\/en\/wp-json\/wp\/v2\/posts\/27462\/revisions\/27484"}],"wp:featuredmedia":[{"embeddable":true,"href":"https:\/\/www.fbdm-mcaf.ca\/en\/wp-json\/wp\/v2\/media\/27412"}],"wp:attachment":[{"href":"https:\/\/www.fbdm-mcaf.ca\/en\/wp-json\/wp\/v2\/media?parent=27462"}],"wp:term":[{"taxonomy":"category","embeddable":true,"href":"https:\/\/www.fbdm-mcaf.ca\/en\/wp-json\/wp\/v2\/categories?post=27462"},{"taxonomy":"post_tag","embeddable":true,"href":"https:\/\/www.fbdm-mcaf.ca\/en\/wp-json\/wp\/v2\/tags?post=27462"}],"curies":[{"name":"wp","href":"https:\/\/api.w.org\/{rel}","templated":true}]}}