{"id":26347,"date":"2021-05-06T09:00:00","date_gmt":"2021-05-06T13:00:00","guid":{"rendered":"https:\/\/www.fbdm-mcaf.ca\/?p=26347"},"modified":"2021-05-06T10:19:33","modified_gmt":"2021-05-06T14:19:33","slug":"announcing-the-programming-for-the-10th-annual-montreal-comic-arts-festival","status":"publish","type":"post","link":"https:\/\/www.fbdm-mcaf.ca\/en\/univers-bd\/babillard\/press-releases\/announcing-the-programming-for-the-10th-annual-montreal-comic-arts-festival\/","title":{"rendered":"PROGRAMMING FOR THE 10th ANNUAL MCAF"},"content":{"rendered":"\n<p><strong>Montreal, May 6, 2021<\/strong> &#8211; The Montreal Comic Arts Festival (MCAF) is celebrating its first decade with three full days of activities, presented live and online on May 28, 29, and 30. This 100% virtual event will bring the Festival experience straight to attendees, no matter where they are. This year\u2019s programming highlights, as always, the work of the amazing creators who are at the heart of the event.<\/p>\n\n\n\n<p>Working closely with the comic arts community, MCAF has developed a lineup of panels, workshops, and interviews that showcase the very best of the 9th Art. Following a call for proposals in February, the MCAF team worked with artists, writers, journalists, and publishers to create a unique program that will appeal to all audiences.<\/p>\n\n\n\n<h2 class=\"wp-block-heading\"><strong>A Wide-Ranging Slate of Events<\/strong><\/h2>\n\n\n\n<p>A variety of fantastic virtual activities will be presented over the three days of the Festival: Workshops, round-table discussions bringing together cartoonists from near and far to discuss unique themes (including \u201cMonster Love,\u201d \u201cAfterlives and Alternate Worlds,\u201d \u201cPortrait de l\u2019artiste,\u201d \u201cCr\u00e9ation inclusive,\u201d \u201c10 ans de BD qu\u00e9becoise,\u201d and&nbsp; \u201cLa science en BD\u201d), in-depth conversations with creators (Jean-Paul Eid, Yasmine Phan and Djibril Morissette-Phan, Zviane, Louis R\u00e9millard, Scott Snyder and Charles Soule, and Syan Rose), and live drawing sessions. Naturally, the lineup also includes the presentation of the 22nd annual B\u00e9d\u00e9lys Awards on the opening night of the Festival!<\/p>\n\n\n\n<div class=\"wp-block-image\"><figure class=\"alignright size-large is-resized\"><img decoding=\"async\" src=\"https:\/\/www.fbdm-mcaf.ca\/wp-content\/uploads\/FBDM-2021_Affiche-finale-3-683x1024.jpg\" alt=\"\" class=\"wp-image-26097\" width=\"300\" srcset=\"https:\/\/www.fbdm-mcaf.ca\/wp-content\/uploads\/FBDM-2021_Affiche-finale-3-683x1024.jpg 683w, https:\/\/www.fbdm-mcaf.ca\/wp-content\/uploads\/FBDM-2021_Affiche-finale-3-200x300.jpg 200w, https:\/\/www.fbdm-mcaf.ca\/wp-content\/uploads\/FBDM-2021_Affiche-finale-3-768x1152.jpg 768w, https:\/\/www.fbdm-mcaf.ca\/wp-content\/uploads\/FBDM-2021_Affiche-finale-3-1024x1536.jpg 1024w, https:\/\/www.fbdm-mcaf.ca\/wp-content\/uploads\/FBDM-2021_Affiche-finale-3-1365x2048.jpg 1365w, https:\/\/www.fbdm-mcaf.ca\/wp-content\/uploads\/FBDM-2021_Affiche-finale-3-710x1065.jpg 710w, https:\/\/www.fbdm-mcaf.ca\/wp-content\/uploads\/FBDM-2021_Affiche-finale-3-250x375.jpg 250w, https:\/\/www.fbdm-mcaf.ca\/wp-content\/uploads\/FBDM-2021_Affiche-finale-3-550x825.jpg 550w, https:\/\/www.fbdm-mcaf.ca\/wp-content\/uploads\/FBDM-2021_Affiche-finale-3-800x1200.jpg 800w, https:\/\/www.fbdm-mcaf.ca\/wp-content\/uploads\/FBDM-2021_Affiche-finale-3-120x180.jpg 120w, https:\/\/www.fbdm-mcaf.ca\/wp-content\/uploads\/FBDM-2021_Affiche-finale-3-333x500.jpg 333w, https:\/\/www.fbdm-mcaf.ca\/wp-content\/uploads\/FBDM-2021_Affiche-finale-3-scaled.jpg 1707w\" sizes=\"(max-width: 683px) 100vw, 683px\" \/><figcaption>Poster by Denis Rodier<\/figcaption><\/figure><\/div>\n\n\n\n<p>This year\u2019s live drawing sessions will be can\u2019t miss events, with pairs of artists discussing their work live as they create works of art for the camera. This series of illustrated encounters, presented in French and English, will reunite unforgettable duos such as Jean-Paul Eid and R\u00e9al Godbout, Alex A. and F\u00e9lix Laflamme, Cab and Cathon, Boum and Lunarbaboon. These meetings of the minds (and pens) will be hosted by Jeik Dion (co-creator of the B\u00e9d\u00e9lys Award-nominated <em>Aliss<\/em>).<\/p>\n\n\n\n<p>The best comics from the last year will be well-represented in the Festival\u2019s programming, with conversations connecting cartoonists from all over the world of comics.&nbsp;<\/p>\n\n\n\n<p>Two international events deserve a special mention. On Saturday morning the Trade Commission of Chile &#8211; ProChile will be hosting a Q&amp;A session dedicated to women cartoonists of Chile (one of the creators, Elisa Echeverr\u00eda Parra, will also be participating in the \u201cMonster Love\u201d panel as well). The next day, a group of Ukranian creators will share their experiences in adapting Herge\u2019s classic Tintin.<\/p>\n\n\n\n<p>Thanks to a collaboration with the brand new Cin\u00e9ma Public, film and comics will be meeting and mixing, with a special screening of the film Turbo Kid, followed by a conversation with the Roadkill Superstar Collective (Anouk Whissell, Yoann-Karl Whissel et Fran\u00e7ois Simard) et the cartoonist Jeik Dion, creator of the official Turbo Kid comic book.&nbsp;<\/p>\n\n\n\n<h3 class=\"wp-block-heading\"><strong>Technology to The Rescue<\/strong><\/h3>\n\n\n\n<p>With the ongoing constraints of the pandemic, for the second year in a row MCAF\u2019s programming will be presented live and direct on screens across the globe. While nothing can beat an in-person Festival on a beautiful sunny day in the midst of Park La Fontaine, it has to be noted that modern technology allows the Montreal Comic Arts Festival to present events and guests that would have been impossible to recreate in person! With distances erased, our round table discussions and interviews bring together people from here and elsewhere to both artistic and social current affairs, allowing a more in-depth and varied look at the whole of comics.&nbsp;<\/p>\n\n\n\n<p>All activities are broadcast live on the festival&#8217;s website, Facebook page and Youtube channel simultaneously. All workshops will be hosted on Zoom to encourage exchanges between the teachers and participants. Capsules will be presented each morning to highlight elements from the Festival\u2019s 10th anniversary year.<\/p>\n\n\n\n<h2 class=\"wp-block-heading\"><strong>May, Comic Arts Month<\/strong><\/h2>\n\n\n\n<p>And that\u2019s not all! All month long, MCAF will be celebrating Comics Month with a panoply of offerings, hosted alongside our partners including the Salon du Livre de Montr\u00e9al, BAnQ, and our sister events the Toronto Comic Arts Festival, Vancouver Comic Arts Festival, and Festival Qu\u00e9bec BD. What\u2019s more, the campaign \u201cMoi, Je Lis de la BD\u201d will highlight the comic arts with 10 short videos featuring some unexpected comic fans from all walks of life, from artists to politicians! Fun prizes will be shared as part of this campaign.&nbsp;<\/p>\n\n\n\n<p>For up-to-date information on MCAF\u2019s programming and all the activities for Comics Month, follow our <a href=\"https:\/\/www.fbdm-mcaf.ca\/en\/\">website <\/a>and our official <a href=\"https:\/\/www.facebook.com\/FestivalBDMontreal\">Facebook<\/a> and <a href=\"https:\/\/www.instagram.com\/fbdm_mtl\/\">Instagram<\/a> accounts. And don\u2019t forget to check out our frequently-updated <a href=\"https:\/\/www.fbdm-mcaf.ca\/en\/comics-universe\/calendar\/\">Comic Arts Calendar online<\/a>!<\/p>\n\n\n\n<h3 class=\"wp-block-heading\"><strong>About MCAF<\/strong><\/h3>\n\n\n\n<p>This year MCAF is celebrating its 10th anniversary! To mark the occasion, a full lineup of programming will be presented live online on May 28, 29 and 30th, celebrating the work of cartoonists from here and abroad. This year is also marked by the appearance of the Festival\u2019s second anthology, X, published by Presses du FBDM | MCAF Press.<\/p>\n\n\n\n<p><strong>As always MCAF would like to thank our partners for their support and collaboration: <\/strong><br>Emploi Qu\u00e9bec, Conseil des arts du Canada, Conseil des arts de Montr\u00e9al, SODEC, Patrimoine Canada, Service de la culture &#8211; Ville de Montr\u00e9al, and the Arrondissement Le Plateau Mont-Royal. <br>Special thanks also to our media partners LesLibraires.ca, Culture Cible, and the \u201cbooktubers\u201d Nos Lectures Bleues, Evelynebiz and Abookandacup.&nbsp;<\/p>\n\n\n\n<p><strong>Thanks to Denis Rodier for his magnificent illustration for this year\u2019s poster.<br><\/strong>And finally thank you to the MCAF volunteer team, without whom the Festival simply couldn\u2019t happen.<\/p>\n\n\n\n<p class=\"has-text-align-center\">&#8211; 30 &#8211;<\/p>\n\n\n\n<h4 class=\"wp-block-heading\"><strong>Further Informatio<\/strong>n<\/h4>\n\n\n\n<p><strong>MCAF Contact<\/strong><br>Johanne Desrochers<br>General Direction<br><a href=\"mailto:johanne.desrochers@fbdm-mcaf.ca\" target=\"_blank\" rel=\"noreferrer noopener\">johanne.desrochers@fbdm-mcaf.ca<\/a><\/p>\n\n\n\n<p><strong>Press Agency Rugicomm Contact<\/strong><br>Camille P. Parent<br>Community relations and management<br><a href=\"mailto:camille@rugicomm.ca\" target=\"_blank\" rel=\"noreferrer noopener\">camille@rugicomm.ca<\/a><\/p>\n","protected":false},"excerpt":{"rendered":"<p class=\"post-excerpt\">\n<p><strong>Montreal, May 6, 2021<\/strong> &#8211; The Montreal Comic Arts Festival (MCAF) is celebrating its first decade with three full days of activities, presented live and online on May 28, 29, and 30. This 100% virtual event will bring the Festival experience straight to attendees, no matter where they are.<\/p>\n<p>&#8230;<\/p>\n<p><a class=\"post-learn-more\" href=\"https:\/\/www.fbdm-mcaf.ca\/en\/univers-bd\/babillard\/press-releases\/announcing-the-programming-for-the-10th-annual-montreal-comic-arts-festival\/\">Read more<span>&nbsp;><\/span><\/a><\/p><\/p>\n","protected":false},"author":2,"featured_media":26348,"comment_status":"closed","ping_status":"closed","sticky":false,"template":"","format":"standard","meta":{"_acf_changed":false,"_price":"","_stock":"","_tribe_ticket_header":"","_tribe_default_ticket_provider":"","_tribe_ticket_capacity":"0","_ticket_start_date":"","_ticket_end_date":"","_tribe_ticket_show_description":"","_tribe_ticket_show_not_going":false,"_tribe_ticket_use_global_stock":"","_tribe_ticket_global_stock_level":"","_global_stock_mode":"","_global_stock_cap":"","_tribe_rsvp_for_event":"","_tribe_ticket_going_count":"","_tribe_ticket_not_going_count":"","_tribe_tickets_list":"[]","_tribe_ticket_has_attendee_info_fields":false,"footnotes":""},"categories":[97],"tags":[],"class_list":["post-26347","post","type-post","status-publish","format-standard","has-post-thumbnail","hentry","category-press-releases"],"acf":[],"yoast_head":"<!-- This site is optimized with the Yoast SEO plugin v27.5 - https:\/\/yoast.com\/product\/yoast-seo-wordpress\/ -->\n<title>PROGRAMMING FOR THE 10th ANNUAL MCAF &#8226; MCAF<\/title>\n<meta name=\"robots\" content=\"index, follow, max-snippet:-1, max-image-preview:large, max-video-preview:-1\" \/>\n<link rel=\"canonical\" href=\"https:\/\/www.fbdm-mcaf.ca\/en\/univers-bd\/babillard\/press-releases\/announcing-the-programming-for-the-10th-annual-montreal-comic-arts-festival\/\" \/>\n<meta property=\"og:locale\" content=\"en_US\" \/>\n<meta property=\"og:type\" content=\"article\" \/>\n<meta property=\"og:title\" content=\"PROGRAMMING FOR THE 10th ANNUAL MCAF &#8226; MCAF\" \/>\n<meta property=\"og:description\" content=\"Montreal, May 6, 2021 &#8211; The Montreal Comic Arts Festival (MCAF) is celebrating its first decade with three full days of activities, presented live and online on May 28, 29, and 30. This 100% virtual event will bring the Festival experience straight to attendees, no matter where they are....Read more&nbsp;&gt;\" \/>\n<meta property=\"og:url\" content=\"https:\/\/www.fbdm-mcaf.ca\/en\/univers-bd\/babillard\/press-releases\/announcing-the-programming-for-the-10th-annual-montreal-comic-arts-festival\/\" \/>\n<meta property=\"og:site_name\" content=\"MCAF\" \/>\n<meta property=\"article:publisher\" content=\"https:\/\/www.facebook.com\/FestivalBDMontreal\/\" \/>\n<meta property=\"article:published_time\" content=\"2021-05-06T13:00:00+00:00\" \/>\n<meta property=\"article:modified_time\" content=\"2021-05-06T14:19:33+00:00\" \/>\n<meta property=\"og:image\" content=\"https:\/\/www.fbdm-mcaf.ca\/wp-content\/uploads\/FBDM-2021_Devoilement_Prog_Article_800x300_ENG.png\" \/>\n\t<meta property=\"og:image:width\" content=\"800\" \/>\n\t<meta property=\"og:image:height\" content=\"300\" \/>\n\t<meta property=\"og:image:type\" content=\"image\/png\" \/>\n<meta name=\"author\" content=\"Virginie Mont-Reynaud\" \/>\n<meta name=\"twitter:card\" content=\"summary_large_image\" \/>\n<meta name=\"twitter:creator\" content=\"@fbdm_mtl\" \/>\n<meta name=\"twitter:site\" content=\"@fbdm_mtl\" \/>\n<meta name=\"twitter:label1\" content=\"Written by\" \/>\n\t<meta name=\"twitter:data1\" content=\"Virginie Mont-Reynaud\" \/>\n\t<meta name=\"twitter:label2\" content=\"Est. reading time\" \/>\n\t<meta name=\"twitter:data2\" content=\"5 minutes\" \/>\n<script type=\"application\/ld+json\" class=\"yoast-schema-graph\">{\"@context\":\"https:\\\/\\\/schema.org\",\"@graph\":[{\"@type\":\"Article\",\"@id\":\"https:\\\/\\\/www.fbdm-mcaf.ca\\\/en\\\/univers-bd\\\/babillard\\\/press-releases\\\/announcing-the-programming-for-the-10th-annual-montreal-comic-arts-festival\\\/#article\",\"isPartOf\":{\"@id\":\"https:\\\/\\\/www.fbdm-mcaf.ca\\\/en\\\/univers-bd\\\/babillard\\\/press-releases\\\/announcing-the-programming-for-the-10th-annual-montreal-comic-arts-festival\\\/\"},\"author\":{\"name\":\"Virginie Mont-Reynaud\",\"@id\":\"https:\\\/\\\/www.fbdm-mcaf.ca\\\/en\\\/#\\\/schema\\\/person\\\/d68db62b132aa2d4d1eeecc77412069c\"},\"headline\":\"PROGRAMMING FOR THE 10th ANNUAL MCAF\",\"datePublished\":\"2021-05-06T13:00:00+00:00\",\"dateModified\":\"2021-05-06T14:19:33+00:00\",\"mainEntityOfPage\":{\"@id\":\"https:\\\/\\\/www.fbdm-mcaf.ca\\\/en\\\/univers-bd\\\/babillard\\\/press-releases\\\/announcing-the-programming-for-the-10th-annual-montreal-comic-arts-festival\\\/\"},\"wordCount\":954,\"image\":{\"@id\":\"https:\\\/\\\/www.fbdm-mcaf.ca\\\/en\\\/univers-bd\\\/babillard\\\/press-releases\\\/announcing-the-programming-for-the-10th-annual-montreal-comic-arts-festival\\\/#primaryimage\"},\"thumbnailUrl\":\"https:\\\/\\\/www.fbdm-mcaf.ca\\\/wp-content\\\/uploads\\\/FBDM-2021_Devoilement_Prog_Article_800x300_ENG.png\",\"articleSection\":[\"Press releases\"],\"inLanguage\":\"en-US\"},{\"@type\":\"WebPage\",\"@id\":\"https:\\\/\\\/www.fbdm-mcaf.ca\\\/en\\\/univers-bd\\\/babillard\\\/press-releases\\\/announcing-the-programming-for-the-10th-annual-montreal-comic-arts-festival\\\/\",\"url\":\"https:\\\/\\\/www.fbdm-mcaf.ca\\\/en\\\/univers-bd\\\/babillard\\\/press-releases\\\/announcing-the-programming-for-the-10th-annual-montreal-comic-arts-festival\\\/\",\"name\":\"PROGRAMMING FOR THE 10th ANNUAL MCAF &#8226; MCAF\",\"isPartOf\":{\"@id\":\"https:\\\/\\\/www.fbdm-mcaf.ca\\\/en\\\/#website\"},\"primaryImageOfPage\":{\"@id\":\"https:\\\/\\\/www.fbdm-mcaf.ca\\\/en\\\/univers-bd\\\/babillard\\\/press-releases\\\/announcing-the-programming-for-the-10th-annual-montreal-comic-arts-festival\\\/#primaryimage\"},\"image\":{\"@id\":\"https:\\\/\\\/www.fbdm-mcaf.ca\\\/en\\\/univers-bd\\\/babillard\\\/press-releases\\\/announcing-the-programming-for-the-10th-annual-montreal-comic-arts-festival\\\/#primaryimage\"},\"thumbnailUrl\":\"https:\\\/\\\/www.fbdm-mcaf.ca\\\/wp-content\\\/uploads\\\/FBDM-2021_Devoilement_Prog_Article_800x300_ENG.png\",\"datePublished\":\"2021-05-06T13:00:00+00:00\",\"dateModified\":\"2021-05-06T14:19:33+00:00\",\"author\":{\"@id\":\"https:\\\/\\\/www.fbdm-mcaf.ca\\\/en\\\/#\\\/schema\\\/person\\\/d68db62b132aa2d4d1eeecc77412069c\"},\"breadcrumb\":{\"@id\":\"https:\\\/\\\/www.fbdm-mcaf.ca\\\/en\\\/univers-bd\\\/babillard\\\/press-releases\\\/announcing-the-programming-for-the-10th-annual-montreal-comic-arts-festival\\\/#breadcrumb\"},\"inLanguage\":\"en-US\",\"potentialAction\":[{\"@type\":\"ReadAction\",\"target\":[\"https:\\\/\\\/www.fbdm-mcaf.ca\\\/en\\\/univers-bd\\\/babillard\\\/press-releases\\\/announcing-the-programming-for-the-10th-annual-montreal-comic-arts-festival\\\/\"]}]},{\"@type\":\"ImageObject\",\"inLanguage\":\"en-US\",\"@id\":\"https:\\\/\\\/www.fbdm-mcaf.ca\\\/en\\\/univers-bd\\\/babillard\\\/press-releases\\\/announcing-the-programming-for-the-10th-annual-montreal-comic-arts-festival\\\/#primaryimage\",\"url\":\"https:\\\/\\\/www.fbdm-mcaf.ca\\\/wp-content\\\/uploads\\\/FBDM-2021_Devoilement_Prog_Article_800x300_ENG.png\",\"contentUrl\":\"https:\\\/\\\/www.fbdm-mcaf.ca\\\/wp-content\\\/uploads\\\/FBDM-2021_Devoilement_Prog_Article_800x300_ENG.png\",\"width\":800,\"height\":300},{\"@type\":\"BreadcrumbList\",\"@id\":\"https:\\\/\\\/www.fbdm-mcaf.ca\\\/en\\\/univers-bd\\\/babillard\\\/press-releases\\\/announcing-the-programming-for-the-10th-annual-montreal-comic-arts-festival\\\/#breadcrumb\",\"itemListElement\":[{\"@type\":\"ListItem\",\"position\":1,\"name\":\"Home\",\"item\":\"https:\\\/\\\/www.fbdm-mcaf.ca\\\/en\\\/\"},{\"@type\":\"ListItem\",\"position\":2,\"name\":\"PROGRAMMING FOR THE 10th ANNUAL MCAF\"}]},{\"@type\":\"WebSite\",\"@id\":\"https:\\\/\\\/www.fbdm-mcaf.ca\\\/en\\\/#website\",\"url\":\"https:\\\/\\\/www.fbdm-mcaf.ca\\\/en\\\/\",\"name\":\"MCAF\",\"description\":\"Montreal Comic Arts Festival\",\"potentialAction\":[{\"@type\":\"SearchAction\",\"target\":{\"@type\":\"EntryPoint\",\"urlTemplate\":\"https:\\\/\\\/www.fbdm-mcaf.ca\\\/en\\\/?s={search_term_string}\"},\"query-input\":{\"@type\":\"PropertyValueSpecification\",\"valueRequired\":true,\"valueName\":\"search_term_string\"}}],\"inLanguage\":\"en-US\"},{\"@type\":\"Person\",\"@id\":\"https:\\\/\\\/www.fbdm-mcaf.ca\\\/en\\\/#\\\/schema\\\/person\\\/d68db62b132aa2d4d1eeecc77412069c\",\"name\":\"Virginie Mont-Reynaud\",\"image\":{\"@type\":\"ImageObject\",\"inLanguage\":\"en-US\",\"@id\":\"https:\\\/\\\/secure.gravatar.com\\\/avatar\\\/b74abeb947e38d7493fd65ed46cc9a2438693581c8a6b8d45d9a912f82901f14?s=96&d=mm&r=g\",\"url\":\"https:\\\/\\\/secure.gravatar.com\\\/avatar\\\/b74abeb947e38d7493fd65ed46cc9a2438693581c8a6b8d45d9a912f82901f14?s=96&d=mm&r=g\",\"contentUrl\":\"https:\\\/\\\/secure.gravatar.com\\\/avatar\\\/b74abeb947e38d7493fd65ed46cc9a2438693581c8a6b8d45d9a912f82901f14?s=96&d=mm&r=g\",\"caption\":\"Virginie Mont-Reynaud\"}}]}<\/script>\n<!-- \/ Yoast SEO plugin. -->","yoast_head_json":{"title":"PROGRAMMING FOR THE 10th ANNUAL MCAF &#8226; MCAF","robots":{"index":"index","follow":"follow","max-snippet":"max-snippet:-1","max-image-preview":"max-image-preview:large","max-video-preview":"max-video-preview:-1"},"canonical":"https:\/\/www.fbdm-mcaf.ca\/en\/univers-bd\/babillard\/press-releases\/announcing-the-programming-for-the-10th-annual-montreal-comic-arts-festival\/","og_locale":"en_US","og_type":"article","og_title":"PROGRAMMING FOR THE 10th ANNUAL MCAF &#8226; MCAF","og_description":"Montreal, May 6, 2021 &#8211; The Montreal Comic Arts Festival (MCAF) is celebrating its first decade with three full days of activities, presented live and online on May 28, 29, and 30. This 100% virtual event will bring the Festival experience straight to attendees, no matter where they are....Read more&nbsp;>","og_url":"https:\/\/www.fbdm-mcaf.ca\/en\/univers-bd\/babillard\/press-releases\/announcing-the-programming-for-the-10th-annual-montreal-comic-arts-festival\/","og_site_name":"MCAF","article_publisher":"https:\/\/www.facebook.com\/FestivalBDMontreal\/","article_published_time":"2021-05-06T13:00:00+00:00","article_modified_time":"2021-05-06T14:19:33+00:00","og_image":[{"width":800,"height":300,"url":"https:\/\/www.fbdm-mcaf.ca\/wp-content\/uploads\/FBDM-2021_Devoilement_Prog_Article_800x300_ENG.png","type":"image\/png"}],"author":"Virginie Mont-Reynaud","twitter_card":"summary_large_image","twitter_creator":"@fbdm_mtl","twitter_site":"@fbdm_mtl","twitter_misc":{"Written by":"Virginie Mont-Reynaud","Est. reading time":"5 minutes"},"schema":{"@context":"https:\/\/schema.org","@graph":[{"@type":"Article","@id":"https:\/\/www.fbdm-mcaf.ca\/en\/univers-bd\/babillard\/press-releases\/announcing-the-programming-for-the-10th-annual-montreal-comic-arts-festival\/#article","isPartOf":{"@id":"https:\/\/www.fbdm-mcaf.ca\/en\/univers-bd\/babillard\/press-releases\/announcing-the-programming-for-the-10th-annual-montreal-comic-arts-festival\/"},"author":{"name":"Virginie Mont-Reynaud","@id":"https:\/\/www.fbdm-mcaf.ca\/en\/#\/schema\/person\/d68db62b132aa2d4d1eeecc77412069c"},"headline":"PROGRAMMING FOR THE 10th ANNUAL MCAF","datePublished":"2021-05-06T13:00:00+00:00","dateModified":"2021-05-06T14:19:33+00:00","mainEntityOfPage":{"@id":"https:\/\/www.fbdm-mcaf.ca\/en\/univers-bd\/babillard\/press-releases\/announcing-the-programming-for-the-10th-annual-montreal-comic-arts-festival\/"},"wordCount":954,"image":{"@id":"https:\/\/www.fbdm-mcaf.ca\/en\/univers-bd\/babillard\/press-releases\/announcing-the-programming-for-the-10th-annual-montreal-comic-arts-festival\/#primaryimage"},"thumbnailUrl":"https:\/\/www.fbdm-mcaf.ca\/wp-content\/uploads\/FBDM-2021_Devoilement_Prog_Article_800x300_ENG.png","articleSection":["Press releases"],"inLanguage":"en-US"},{"@type":"WebPage","@id":"https:\/\/www.fbdm-mcaf.ca\/en\/univers-bd\/babillard\/press-releases\/announcing-the-programming-for-the-10th-annual-montreal-comic-arts-festival\/","url":"https:\/\/www.fbdm-mcaf.ca\/en\/univers-bd\/babillard\/press-releases\/announcing-the-programming-for-the-10th-annual-montreal-comic-arts-festival\/","name":"PROGRAMMING FOR THE 10th ANNUAL MCAF &#8226; MCAF","isPartOf":{"@id":"https:\/\/www.fbdm-mcaf.ca\/en\/#website"},"primaryImageOfPage":{"@id":"https:\/\/www.fbdm-mcaf.ca\/en\/univers-bd\/babillard\/press-releases\/announcing-the-programming-for-the-10th-annual-montreal-comic-arts-festival\/#primaryimage"},"image":{"@id":"https:\/\/www.fbdm-mcaf.ca\/en\/univers-bd\/babillard\/press-releases\/announcing-the-programming-for-the-10th-annual-montreal-comic-arts-festival\/#primaryimage"},"thumbnailUrl":"https:\/\/www.fbdm-mcaf.ca\/wp-content\/uploads\/FBDM-2021_Devoilement_Prog_Article_800x300_ENG.png","datePublished":"2021-05-06T13:00:00+00:00","dateModified":"2021-05-06T14:19:33+00:00","author":{"@id":"https:\/\/www.fbdm-mcaf.ca\/en\/#\/schema\/person\/d68db62b132aa2d4d1eeecc77412069c"},"breadcrumb":{"@id":"https:\/\/www.fbdm-mcaf.ca\/en\/univers-bd\/babillard\/press-releases\/announcing-the-programming-for-the-10th-annual-montreal-comic-arts-festival\/#breadcrumb"},"inLanguage":"en-US","potentialAction":[{"@type":"ReadAction","target":["https:\/\/www.fbdm-mcaf.ca\/en\/univers-bd\/babillard\/press-releases\/announcing-the-programming-for-the-10th-annual-montreal-comic-arts-festival\/"]}]},{"@type":"ImageObject","inLanguage":"en-US","@id":"https:\/\/www.fbdm-mcaf.ca\/en\/univers-bd\/babillard\/press-releases\/announcing-the-programming-for-the-10th-annual-montreal-comic-arts-festival\/#primaryimage","url":"https:\/\/www.fbdm-mcaf.ca\/wp-content\/uploads\/FBDM-2021_Devoilement_Prog_Article_800x300_ENG.png","contentUrl":"https:\/\/www.fbdm-mcaf.ca\/wp-content\/uploads\/FBDM-2021_Devoilement_Prog_Article_800x300_ENG.png","width":800,"height":300},{"@type":"BreadcrumbList","@id":"https:\/\/www.fbdm-mcaf.ca\/en\/univers-bd\/babillard\/press-releases\/announcing-the-programming-for-the-10th-annual-montreal-comic-arts-festival\/#breadcrumb","itemListElement":[{"@type":"ListItem","position":1,"name":"Home","item":"https:\/\/www.fbdm-mcaf.ca\/en\/"},{"@type":"ListItem","position":2,"name":"PROGRAMMING FOR THE 10th ANNUAL MCAF"}]},{"@type":"WebSite","@id":"https:\/\/www.fbdm-mcaf.ca\/en\/#website","url":"https:\/\/www.fbdm-mcaf.ca\/en\/","name":"MCAF","description":"Montreal Comic Arts Festival","potentialAction":[{"@type":"SearchAction","target":{"@type":"EntryPoint","urlTemplate":"https:\/\/www.fbdm-mcaf.ca\/en\/?s={search_term_string}"},"query-input":{"@type":"PropertyValueSpecification","valueRequired":true,"valueName":"search_term_string"}}],"inLanguage":"en-US"},{"@type":"Person","@id":"https:\/\/www.fbdm-mcaf.ca\/en\/#\/schema\/person\/d68db62b132aa2d4d1eeecc77412069c","name":"Virginie Mont-Reynaud","image":{"@type":"ImageObject","inLanguage":"en-US","@id":"https:\/\/secure.gravatar.com\/avatar\/b74abeb947e38d7493fd65ed46cc9a2438693581c8a6b8d45d9a912f82901f14?s=96&d=mm&r=g","url":"https:\/\/secure.gravatar.com\/avatar\/b74abeb947e38d7493fd65ed46cc9a2438693581c8a6b8d45d9a912f82901f14?s=96&d=mm&r=g","contentUrl":"https:\/\/secure.gravatar.com\/avatar\/b74abeb947e38d7493fd65ed46cc9a2438693581c8a6b8d45d9a912f82901f14?s=96&d=mm&r=g","caption":"Virginie Mont-Reynaud"}}]}},"_links":{"self":[{"href":"https:\/\/www.fbdm-mcaf.ca\/en\/wp-json\/wp\/v2\/posts\/26347","targetHints":{"allow":["GET"]}}],"collection":[{"href":"https:\/\/www.fbdm-mcaf.ca\/en\/wp-json\/wp\/v2\/posts"}],"about":[{"href":"https:\/\/www.fbdm-mcaf.ca\/en\/wp-json\/wp\/v2\/types\/post"}],"author":[{"embeddable":true,"href":"https:\/\/www.fbdm-mcaf.ca\/en\/wp-json\/wp\/v2\/users\/2"}],"replies":[{"embeddable":true,"href":"https:\/\/www.fbdm-mcaf.ca\/en\/wp-json\/wp\/v2\/comments?post=26347"}],"version-history":[{"count":5,"href":"https:\/\/www.fbdm-mcaf.ca\/en\/wp-json\/wp\/v2\/posts\/26347\/revisions"}],"predecessor-version":[{"id":26422,"href":"https:\/\/www.fbdm-mcaf.ca\/en\/wp-json\/wp\/v2\/posts\/26347\/revisions\/26422"}],"wp:featuredmedia":[{"embeddable":true,"href":"https:\/\/www.fbdm-mcaf.ca\/en\/wp-json\/wp\/v2\/media\/26348"}],"wp:attachment":[{"href":"https:\/\/www.fbdm-mcaf.ca\/en\/wp-json\/wp\/v2\/media?parent=26347"}],"wp:term":[{"taxonomy":"category","embeddable":true,"href":"https:\/\/www.fbdm-mcaf.ca\/en\/wp-json\/wp\/v2\/categories?post=26347"},{"taxonomy":"post_tag","embeddable":true,"href":"https:\/\/www.fbdm-mcaf.ca\/en\/wp-json\/wp\/v2\/tags?post=26347"}],"curies":[{"name":"wp","href":"https:\/\/api.w.org\/{rel}","templated":true}]}}