{"id":25735,"date":"2021-03-18T13:19:53","date_gmt":"2021-03-18T17:19:53","guid":{"rendered":"https:\/\/www.fbdm-mcaf.ca\/univers-bd\/babillard\/uncategorized\/22e-prix-bedelys-devoilement-des-finalistes\/"},"modified":"2021-05-18T20:54:29","modified_gmt":"2021-05-19T00:54:29","slug":"22th-bedelys-awards-finalists","status":"publish","type":"post","link":"https:\/\/www.fbdm-mcaf.ca\/en\/univers-bd\/babillard\/press-releases\/22th-bedelys-awards-finalists\/","title":{"rendered":"22th B\u00c9D\u00c9LYS AWARDS &#8211; FINALISTS"},"content":{"rendered":"\n<p><strong>Montreal, March 18, 2021<\/strong> &#8211; The Montreal Comic Arts Festival (MCAF) has announced the finalists for the 22th B\u00e9d\u00e9lys Awards in all five categories: B\u00e9d\u00e9lys International Award, B\u00e9d\u00e9lys Youth Award, B\u00e9d\u00e9lys Independent Award Francophone, B\u00e9d\u00e9lys Independent Award Anglophone, and the B\u00e9d\u00e9lys Qu\u00e9bec Award. The finalists are revealed to the public online, via a series of videos narrated by radio hosts Pierre Therrien and Jean-Michel Berthiaume.<\/p>\n\n\n\n<p>The comic arts are enjoying a growing audience in Quebec, and the B\u00e9d\u00e9lys Awards highlight the excellence of the creators who have given readers joy over the last year, even in the midst of a pandemic. The 29 finalists were selected by juries of readers: librarians, community professionals and elementary students. Without further ado, the finalists are:<\/p>\n\n\n\n<h3 class=\"wp-block-heading\"><strong>B\u00c9D\u00c9LYS INTERNATIONAL&nbsp;<\/strong><\/h3>\n\n\n\n<p>Best comic book published in French-language outside of Qu\u00e9bec<\/p>\n\n\n\n<ul class=\"wp-block-list\"><li><strong><em>Ana\u00efs Nin : Sur la mer des mensonges<\/em><\/strong>, L\u00e9onie Bischoff (Casterman)<\/li><li><strong><em>Carbone &amp; Silicium<\/em><\/strong>, Mathieu Bablet (Ankama)<\/li><li><strong><em>Clyde Fans<\/em><\/strong><em>, <\/em>Seth (Delcourt)<\/li><li><strong><em>Eileen Gray : Une maison sous le soleil<\/em><\/strong>, Charlotte Malterre-Barthes &amp; Zosia Dzierzawska (Dargaud)<\/li><li><strong><em>G\u00e9ante<\/em><\/strong>, Jean-Christophe Deveney et Tamarit (Delcourt)<\/li><li><strong><em>Hors-saison<\/em><\/strong>, James Sturm (Delcourt)<\/li><li><strong><em>L\u2019accident de chasse<\/em><\/strong><em>, <\/em>David Carlson &amp; Landis Blair (Sonatine)<\/li><li><strong><em>Peau d\u2019homme<\/em><\/strong><em>,<\/em> Hubert &amp; Zanzim (Gl\u00e9nat)<\/li><li><strong><em>Pucelle 1 : D\u00e9butante<\/em><\/strong><em>, <\/em>Florence Dupr\u00e9 la Tour (Dargaud)<\/li><li><strong><em>Vernon Subutex<\/em><\/strong><em>, <\/em>Virginie Despentes &amp; Luz (Albin Michel)<\/li><\/ul>\n\n\n\n<h3 class=\"wp-block-heading\"><strong>B\u00c9D\u00c9LYS YOUTH&nbsp;<\/strong><\/h3>\n\n\n\n<p>Best French-language comic book published in Quebec for an audience of 7 to 14 years of age<\/p>\n\n\n\n<ul class=\"wp-block-list\"><li><strong><em>Blue au pays des songes<\/em><\/strong>, Davide Tosello (Vents d\u2019Ouest)<\/li><li><strong><em>Nat tout court<\/em><\/strong>, Maria Scrivan (Scholastic)<\/li><li><strong><em>Nico Bravo et le chien d\u2019Had\u00e8s<\/em><\/strong>, Mike Cavallaro (Kinaye)&nbsp;<\/li><li><strong><em>Omniscients<\/em><\/strong>, Vincent Dugomier &amp; Renata Castellani (Lombard)<\/li><li><strong><em>Sacr\u00e9es Sorci\u00e8res<\/em><\/strong>, P\u00e9n\u00e9lope Bagieu (Gallimard)<\/li><\/ul>\n\n\n\n<h3 class=\"wp-block-heading\"><strong>B\u00c9D\u00c9LYS INDEPENDENT FRANCOPHONE&nbsp;<\/strong><\/h3>\n\n\n\n<p>Best self-published francophone comic book created in Quebec<\/p>\n\n\n\n<ul class=\"wp-block-list\"><li><strong><em>Boumeries volume 10<\/em><\/strong><em>, <\/em>Boum&nbsp;<\/li><li><strong><em>Grosses col\u00e8res<\/em><\/strong><em>, <\/em>Val-Bleu<\/li><li><strong><em>Kalipso Volume 1<\/em><\/strong>, Marie Blanchet&nbsp;<\/li><li><strong><em>Le feu des jours<\/em><\/strong><em>, <\/em>Colin Effray<\/li><li><strong><em>Saperli<\/em><\/strong>, Catherin&nbsp;<\/li><\/ul>\n\n\n\n<h3 class=\"wp-block-heading\"><strong>B\u00c9D\u00c9LYS INDEPENDENT ANGLOPHONE&nbsp;<\/strong><\/h3>\n\n\n\n<p>Best self-published anglophone comic book created in Quebec<\/p>\n\n\n\n<ul class=\"wp-block-list\"><li><strong><em>Frog and Toad are Queer<\/em><\/strong>, Nina Drew<\/li><li><strong><em>Hi, Stranger<\/em><\/strong>, Anouk<\/li><li><strong><em>Kalipso Part 01<\/em><\/strong>, Marie Blanchet<\/li><li><strong><em>OKOK Comics Volume 1<\/em><\/strong>, Colin L. Racicot<\/li><\/ul>\n\n\n\n<h3 class=\"wp-block-heading\"><strong>B\u00c9D\u00c9LYS QU\u00c9BEC&nbsp;<\/strong><\/h3>\n\n\n\n<p>Best comic book created and published in Quebec&nbsp;<\/p>\n\n\n\n<ul class=\"wp-block-list\"><li><strong><em>Aliss<\/em><\/strong>, Patrick Sen\u00e9cal &amp; Jeik Dion (Front Froid &amp; Alire)<\/li><li><strong><em>Bou\u00e9e<\/em><\/strong>, Catherine Lepage (La Past\u00e8que)&nbsp;<\/li><li><strong><em>Casa Rod\u00e9o<\/em><\/strong>, Thom (Pow Pow)<\/li><li><strong><em>C\u2019est comme \u00e7a que je disparais<\/em><\/strong>, Mirion Malle (Pow Pow)<\/li><li><strong><em>Temps libre<\/em><\/strong>, M\u00e9lanie Leclerc (M\u00e9canique G\u00e9n\u00e9rale)<\/li><\/ul>\n\n\n\n<p>For more details on the books and the careers of the nominated creators, we invite you to consult the attached <a href=\"https:\/\/drive.google.com\/drive\/folders\/1p6mWM8ZjzyWypjhxpsS0LZOBgO0OV_WI?usp=sharing\" target=\"_blank\" rel=\"noreferrer noopener\">media kit<\/a>.<\/p>\n\n\n\n<div class=\"wp-block-image\"><figure class=\"aligncenter size-large\"><img loading=\"lazy\" decoding=\"async\" width=\"683\" height=\"1024\" src=\"https:\/\/www.fbdm-mcaf.ca\/wp-content\/uploads\/\/Affiche-22e-prix-Bedelys_Sophie-Bedard-1-683x1024.jpg\" alt=\"\" class=\"wp-image-25754\" srcset=\"https:\/\/www.fbdm-mcaf.ca\/wp-content\/uploads\/Affiche-22e-prix-Bedelys_Sophie-Bedard-1-683x1024.jpg 683w, https:\/\/www.fbdm-mcaf.ca\/wp-content\/uploads\/Affiche-22e-prix-Bedelys_Sophie-Bedard-1-200x300.jpg 200w, https:\/\/www.fbdm-mcaf.ca\/wp-content\/uploads\/Affiche-22e-prix-Bedelys_Sophie-Bedard-1-768x1152.jpg 768w, https:\/\/www.fbdm-mcaf.ca\/wp-content\/uploads\/Affiche-22e-prix-Bedelys_Sophie-Bedard-1-1024x1536.jpg 1024w, https:\/\/www.fbdm-mcaf.ca\/wp-content\/uploads\/Affiche-22e-prix-Bedelys_Sophie-Bedard-1-1365x2048.jpg 1365w, https:\/\/www.fbdm-mcaf.ca\/wp-content\/uploads\/Affiche-22e-prix-Bedelys_Sophie-Bedard-1-710x1065.jpg 710w, https:\/\/www.fbdm-mcaf.ca\/wp-content\/uploads\/Affiche-22e-prix-Bedelys_Sophie-Bedard-1-250x375.jpg 250w, https:\/\/www.fbdm-mcaf.ca\/wp-content\/uploads\/Affiche-22e-prix-Bedelys_Sophie-Bedard-1-550x825.jpg 550w, https:\/\/www.fbdm-mcaf.ca\/wp-content\/uploads\/Affiche-22e-prix-Bedelys_Sophie-Bedard-1-800x1200.jpg 800w, https:\/\/www.fbdm-mcaf.ca\/wp-content\/uploads\/Affiche-22e-prix-Bedelys_Sophie-Bedard-1-120x180.jpg 120w, https:\/\/www.fbdm-mcaf.ca\/wp-content\/uploads\/Affiche-22e-prix-Bedelys_Sophie-Bedard-1-333x500.jpg 333w, https:\/\/www.fbdm-mcaf.ca\/wp-content\/uploads\/Affiche-22e-prix-Bedelys_Sophie-Bedard-1-scaled.jpg 1707w\" sizes=\"auto, (max-width: 683px) 100vw, 683px\" \/><figcaption><br>The poster for the 22th B\u00e9d\u00e9lys Awards is designed by Sophie B\u00e9dard, winner of the 21st B\u00e9d\u00e9lys Qu\u00e9bec.<\/figcaption><\/figure><\/div>\n\n\n\n<p>The winners of the 22th B\u00e9d\u00e9lys Awards will be <strong>announced on May 28, 2021 as part of the 10th annual Montreal Comic Arts Festival<\/strong>. At that time, a prize of $1000 will be presented to both the winners of the B\u00e9d\u00e9lys Independent Francophone and B\u00e9d\u00e9lys Independent Anglophone awards. An additional prize of $1000 will be presented to the winner of the B\u00e9d\u00e9lys Qu\u00e9bec Award. All the winners will receive a unique trophy, hand-crafted from recycled objects by the artist Karl Dup\u00e9r\u00e9-Richer, who has been creating the B\u00e9d\u00e9lys Award trophies for the last 12 years.<\/p>\n\n\n\n<h3 class=\"wp-block-heading\"><strong>About MCAF<\/strong><\/h3>\n\n\n\n<p>This year, MCAF is celebrating its 10th anniversary! The Festival will be a hybrid event this year, combining elements of the all-virtual event held in 2020 and the traditional open-air events of years past. All health and social-distancing guidelines will be followed. This year will also see the publication of <em>X, <\/em>the second annual anthology from Presses du FBDM | MCAF Press, currently available <a href=\"https:\/\/laruchequebec.com\/en\/projet\/prevente-de-x-recueil-de-bd\">here<\/a> for pre-sale!<\/p>\n\n\n\n<p><strong>MCAF would like to thank its partners for their support and participation<\/strong>: Emploi Qu\u00e9bec, the Canada Council for the Arts, Conseil des Arts de Montr\u00e9al, Canadian Heritage, SODEC, Service de la culture Ville de Montr\u00e9al, and the Arrondissement Le Plateau Mont-Royal.&nbsp;<br>Thanks as well to our media partners, the \u201cbooktubers\u201d&nbsp; Nos Lectures Bleues, Evelynebiz et Abookandacup.<\/p>\n\n\n\n<p>Thanks to Sophie B\u00e9dard for her beautiful illustration.&nbsp;<\/p>\n\n\n\n<p>Finally, many thanks to the hard-working volunteers, without whom the event couldn\u2019t take place.<\/p>\n\n\n\n<p class=\"has-text-align-center\">&#8211; 30 &#8211;<\/p>\n\n\n\n<h4 class=\"wp-block-heading\"><strong>Further Informatio<\/strong>n<\/h4>\n\n\n\n<p><strong><strong>MCAF Contact<\/strong><\/strong><br>Johanne Desrochers<br>General Direction<br><a href=\"mailto:johanne.desrochers@fbdm-mcaf.ca\">johanne.desrochers@fbdm-mcaf.ca<\/a><\/p>\n\n\n\n<p><strong><strong>Press Agency Rugicomm Cont<\/strong>act<\/strong><br>Camille P. Parent<br>Community relations and management<br><a href=\"mailto:camille@rugicomm.ca\">camille@rugicomm.ca<\/a><\/p>\n","protected":false},"excerpt":{"rendered":"<p class=\"post-excerpt\">\n<p><strong>Montreal, March 18, 2021<\/strong> &#8211; The Montreal Comic Arts Festival (MCAF) has announced the finalists for the 22th B\u00e9d\u00e9lys Awards in all five categories: B\u00e9d\u00e9lys International Award, B\u00e9d\u00e9lys Youth Award, B\u00e9d\u00e9lys Independent Award Francophone, B\u00e9d\u00e9lys Independent Award Anglophone, and the B\u00e9d\u00e9lys Qu\u00e9bec Award. The finalists are revealed to the public online,<\/p>\n<p>&#8230;<\/p>\n<p><a class=\"post-learn-more\" href=\"https:\/\/www.fbdm-mcaf.ca\/en\/univers-bd\/babillard\/press-releases\/22th-bedelys-awards-finalists\/\">Read more<span>&nbsp;><\/span><\/a><\/p><\/p>\n","protected":false},"author":2,"featured_media":25736,"comment_status":"closed","ping_status":"closed","sticky":false,"template":"","format":"standard","meta":{"_acf_changed":false,"_price":"","_stock":"","_tribe_ticket_header":"","_tribe_default_ticket_provider":"","_tribe_ticket_capacity":"0","_ticket_start_date":"","_ticket_end_date":"","_tribe_ticket_show_description":"","_tribe_ticket_show_not_going":false,"_tribe_ticket_use_global_stock":"","_tribe_ticket_global_stock_level":"","_global_stock_mode":"","_global_stock_cap":"","_tribe_rsvp_for_event":"","_tribe_ticket_going_count":"","_tribe_ticket_not_going_count":"","_tribe_tickets_list":"[]","_tribe_ticket_has_attendee_info_fields":false,"footnotes":""},"categories":[97],"tags":[],"class_list":["post-25735","post","type-post","status-publish","format-standard","has-post-thumbnail","hentry","category-press-releases"],"acf":[],"yoast_head":"<!-- This site is optimized with the Yoast SEO plugin v27.5 - https:\/\/yoast.com\/product\/yoast-seo-wordpress\/ -->\n<title>22th B\u00c9D\u00c9LYS AWARDS - FINALISTS &#8226; MCAF<\/title>\n<meta name=\"robots\" content=\"index, follow, max-snippet:-1, max-image-preview:large, max-video-preview:-1\" \/>\n<link rel=\"canonical\" href=\"https:\/\/www.fbdm-mcaf.ca\/en\/univers-bd\/babillard\/press-releases\/22th-bedelys-awards-finalists\/\" \/>\n<meta property=\"og:locale\" content=\"en_US\" \/>\n<meta property=\"og:type\" content=\"article\" \/>\n<meta property=\"og:title\" content=\"22th B\u00c9D\u00c9LYS AWARDS - FINALISTS &#8226; MCAF\" \/>\n<meta property=\"og:description\" content=\"Montreal, March 18, 2021 &#8211; The Montreal Comic Arts Festival (MCAF) has announced the finalists for the 22th B\u00e9d\u00e9lys Awards in all five categories: B\u00e9d\u00e9lys International Award, B\u00e9d\u00e9lys Youth Award, B\u00e9d\u00e9lys Independent Award Francophone, B\u00e9d\u00e9lys Independent Award Anglophone, and the B\u00e9d\u00e9lys Qu\u00e9bec Award. The finalists are revealed to the public online,...Read more&nbsp;&gt;\" \/>\n<meta property=\"og:url\" content=\"https:\/\/www.fbdm-mcaf.ca\/en\/univers-bd\/babillard\/press-releases\/22th-bedelys-awards-finalists\/\" \/>\n<meta property=\"og:site_name\" content=\"MCAF\" \/>\n<meta property=\"article:publisher\" content=\"https:\/\/www.facebook.com\/FestivalBDMontreal\/\" \/>\n<meta property=\"article:published_time\" content=\"2021-03-18T17:19:53+00:00\" \/>\n<meta property=\"article:modified_time\" content=\"2021-05-19T00:54:29+00:00\" \/>\n<meta property=\"og:image\" content=\"https:\/\/www.fbdm-mcaf.ca\/wp-content\/uploads\/FBDM-Bedelys_2020_Finalistes_Article-site_800x300_ENG.png\" \/>\n\t<meta property=\"og:image:width\" content=\"800\" \/>\n\t<meta property=\"og:image:height\" content=\"300\" \/>\n\t<meta property=\"og:image:type\" content=\"image\/png\" \/>\n<meta name=\"author\" content=\"Virginie Mont-Reynaud\" \/>\n<meta name=\"twitter:card\" content=\"summary_large_image\" \/>\n<meta name=\"twitter:creator\" content=\"@fbdm_mtl\" \/>\n<meta name=\"twitter:site\" content=\"@fbdm_mtl\" \/>\n<meta name=\"twitter:label1\" content=\"Written by\" \/>\n\t<meta name=\"twitter:data1\" content=\"Virginie Mont-Reynaud\" \/>\n\t<meta name=\"twitter:label2\" content=\"Est. reading time\" \/>\n\t<meta name=\"twitter:data2\" content=\"4 minutes\" \/>\n<script type=\"application\/ld+json\" class=\"yoast-schema-graph\">{\"@context\":\"https:\\\/\\\/schema.org\",\"@graph\":[{\"@type\":\"Article\",\"@id\":\"https:\\\/\\\/www.fbdm-mcaf.ca\\\/en\\\/univers-bd\\\/babillard\\\/press-releases\\\/22th-bedelys-awards-finalists\\\/#article\",\"isPartOf\":{\"@id\":\"https:\\\/\\\/www.fbdm-mcaf.ca\\\/en\\\/univers-bd\\\/babillard\\\/press-releases\\\/22th-bedelys-awards-finalists\\\/\"},\"author\":{\"name\":\"Virginie Mont-Reynaud\",\"@id\":\"https:\\\/\\\/www.fbdm-mcaf.ca\\\/en\\\/#\\\/schema\\\/person\\\/d68db62b132aa2d4d1eeecc77412069c\"},\"headline\":\"22th B\u00c9D\u00c9LYS AWARDS &#8211; FINALISTS\",\"datePublished\":\"2021-03-18T17:19:53+00:00\",\"dateModified\":\"2021-05-19T00:54:29+00:00\",\"mainEntityOfPage\":{\"@id\":\"https:\\\/\\\/www.fbdm-mcaf.ca\\\/en\\\/univers-bd\\\/babillard\\\/press-releases\\\/22th-bedelys-awards-finalists\\\/\"},\"wordCount\":758,\"image\":{\"@id\":\"https:\\\/\\\/www.fbdm-mcaf.ca\\\/en\\\/univers-bd\\\/babillard\\\/press-releases\\\/22th-bedelys-awards-finalists\\\/#primaryimage\"},\"thumbnailUrl\":\"https:\\\/\\\/www.fbdm-mcaf.ca\\\/wp-content\\\/uploads\\\/FBDM-Bedelys_2020_Finalistes_Article-site_800x300_ENG.png\",\"articleSection\":[\"Press releases\"],\"inLanguage\":\"en-US\"},{\"@type\":\"WebPage\",\"@id\":\"https:\\\/\\\/www.fbdm-mcaf.ca\\\/en\\\/univers-bd\\\/babillard\\\/press-releases\\\/22th-bedelys-awards-finalists\\\/\",\"url\":\"https:\\\/\\\/www.fbdm-mcaf.ca\\\/en\\\/univers-bd\\\/babillard\\\/press-releases\\\/22th-bedelys-awards-finalists\\\/\",\"name\":\"22th B\u00c9D\u00c9LYS AWARDS - FINALISTS &#8226; MCAF\",\"isPartOf\":{\"@id\":\"https:\\\/\\\/www.fbdm-mcaf.ca\\\/en\\\/#website\"},\"primaryImageOfPage\":{\"@id\":\"https:\\\/\\\/www.fbdm-mcaf.ca\\\/en\\\/univers-bd\\\/babillard\\\/press-releases\\\/22th-bedelys-awards-finalists\\\/#primaryimage\"},\"image\":{\"@id\":\"https:\\\/\\\/www.fbdm-mcaf.ca\\\/en\\\/univers-bd\\\/babillard\\\/press-releases\\\/22th-bedelys-awards-finalists\\\/#primaryimage\"},\"thumbnailUrl\":\"https:\\\/\\\/www.fbdm-mcaf.ca\\\/wp-content\\\/uploads\\\/FBDM-Bedelys_2020_Finalistes_Article-site_800x300_ENG.png\",\"datePublished\":\"2021-03-18T17:19:53+00:00\",\"dateModified\":\"2021-05-19T00:54:29+00:00\",\"author\":{\"@id\":\"https:\\\/\\\/www.fbdm-mcaf.ca\\\/en\\\/#\\\/schema\\\/person\\\/d68db62b132aa2d4d1eeecc77412069c\"},\"breadcrumb\":{\"@id\":\"https:\\\/\\\/www.fbdm-mcaf.ca\\\/en\\\/univers-bd\\\/babillard\\\/press-releases\\\/22th-bedelys-awards-finalists\\\/#breadcrumb\"},\"inLanguage\":\"en-US\",\"potentialAction\":[{\"@type\":\"ReadAction\",\"target\":[\"https:\\\/\\\/www.fbdm-mcaf.ca\\\/en\\\/univers-bd\\\/babillard\\\/press-releases\\\/22th-bedelys-awards-finalists\\\/\"]}]},{\"@type\":\"ImageObject\",\"inLanguage\":\"en-US\",\"@id\":\"https:\\\/\\\/www.fbdm-mcaf.ca\\\/en\\\/univers-bd\\\/babillard\\\/press-releases\\\/22th-bedelys-awards-finalists\\\/#primaryimage\",\"url\":\"https:\\\/\\\/www.fbdm-mcaf.ca\\\/wp-content\\\/uploads\\\/FBDM-Bedelys_2020_Finalistes_Article-site_800x300_ENG.png\",\"contentUrl\":\"https:\\\/\\\/www.fbdm-mcaf.ca\\\/wp-content\\\/uploads\\\/FBDM-Bedelys_2020_Finalistes_Article-site_800x300_ENG.png\",\"width\":800,\"height\":300},{\"@type\":\"BreadcrumbList\",\"@id\":\"https:\\\/\\\/www.fbdm-mcaf.ca\\\/en\\\/univers-bd\\\/babillard\\\/press-releases\\\/22th-bedelys-awards-finalists\\\/#breadcrumb\",\"itemListElement\":[{\"@type\":\"ListItem\",\"position\":1,\"name\":\"Home\",\"item\":\"https:\\\/\\\/www.fbdm-mcaf.ca\\\/en\\\/\"},{\"@type\":\"ListItem\",\"position\":2,\"name\":\"22th B\u00c9D\u00c9LYS AWARDS &#8211; FINALISTS\"}]},{\"@type\":\"WebSite\",\"@id\":\"https:\\\/\\\/www.fbdm-mcaf.ca\\\/en\\\/#website\",\"url\":\"https:\\\/\\\/www.fbdm-mcaf.ca\\\/en\\\/\",\"name\":\"MCAF\",\"description\":\"Montreal Comic Arts Festival\",\"potentialAction\":[{\"@type\":\"SearchAction\",\"target\":{\"@type\":\"EntryPoint\",\"urlTemplate\":\"https:\\\/\\\/www.fbdm-mcaf.ca\\\/en\\\/?s={search_term_string}\"},\"query-input\":{\"@type\":\"PropertyValueSpecification\",\"valueRequired\":true,\"valueName\":\"search_term_string\"}}],\"inLanguage\":\"en-US\"},{\"@type\":\"Person\",\"@id\":\"https:\\\/\\\/www.fbdm-mcaf.ca\\\/en\\\/#\\\/schema\\\/person\\\/d68db62b132aa2d4d1eeecc77412069c\",\"name\":\"Virginie Mont-Reynaud\",\"image\":{\"@type\":\"ImageObject\",\"inLanguage\":\"en-US\",\"@id\":\"https:\\\/\\\/secure.gravatar.com\\\/avatar\\\/b74abeb947e38d7493fd65ed46cc9a2438693581c8a6b8d45d9a912f82901f14?s=96&d=mm&r=g\",\"url\":\"https:\\\/\\\/secure.gravatar.com\\\/avatar\\\/b74abeb947e38d7493fd65ed46cc9a2438693581c8a6b8d45d9a912f82901f14?s=96&d=mm&r=g\",\"contentUrl\":\"https:\\\/\\\/secure.gravatar.com\\\/avatar\\\/b74abeb947e38d7493fd65ed46cc9a2438693581c8a6b8d45d9a912f82901f14?s=96&d=mm&r=g\",\"caption\":\"Virginie Mont-Reynaud\"}}]}<\/script>\n<!-- \/ Yoast SEO plugin. -->","yoast_head_json":{"title":"22th B\u00c9D\u00c9LYS AWARDS - FINALISTS &#8226; MCAF","robots":{"index":"index","follow":"follow","max-snippet":"max-snippet:-1","max-image-preview":"max-image-preview:large","max-video-preview":"max-video-preview:-1"},"canonical":"https:\/\/www.fbdm-mcaf.ca\/en\/univers-bd\/babillard\/press-releases\/22th-bedelys-awards-finalists\/","og_locale":"en_US","og_type":"article","og_title":"22th B\u00c9D\u00c9LYS AWARDS - FINALISTS &#8226; MCAF","og_description":"Montreal, March 18, 2021 &#8211; The Montreal Comic Arts Festival (MCAF) has announced the finalists for the 22th B\u00e9d\u00e9lys Awards in all five categories: B\u00e9d\u00e9lys International Award, B\u00e9d\u00e9lys Youth Award, B\u00e9d\u00e9lys Independent Award Francophone, B\u00e9d\u00e9lys Independent Award Anglophone, and the B\u00e9d\u00e9lys Qu\u00e9bec Award. The finalists are revealed to the public online,...Read more&nbsp;>","og_url":"https:\/\/www.fbdm-mcaf.ca\/en\/univers-bd\/babillard\/press-releases\/22th-bedelys-awards-finalists\/","og_site_name":"MCAF","article_publisher":"https:\/\/www.facebook.com\/FestivalBDMontreal\/","article_published_time":"2021-03-18T17:19:53+00:00","article_modified_time":"2021-05-19T00:54:29+00:00","og_image":[{"width":800,"height":300,"url":"https:\/\/www.fbdm-mcaf.ca\/wp-content\/uploads\/FBDM-Bedelys_2020_Finalistes_Article-site_800x300_ENG.png","type":"image\/png"}],"author":"Virginie Mont-Reynaud","twitter_card":"summary_large_image","twitter_creator":"@fbdm_mtl","twitter_site":"@fbdm_mtl","twitter_misc":{"Written by":"Virginie Mont-Reynaud","Est. reading time":"4 minutes"},"schema":{"@context":"https:\/\/schema.org","@graph":[{"@type":"Article","@id":"https:\/\/www.fbdm-mcaf.ca\/en\/univers-bd\/babillard\/press-releases\/22th-bedelys-awards-finalists\/#article","isPartOf":{"@id":"https:\/\/www.fbdm-mcaf.ca\/en\/univers-bd\/babillard\/press-releases\/22th-bedelys-awards-finalists\/"},"author":{"name":"Virginie Mont-Reynaud","@id":"https:\/\/www.fbdm-mcaf.ca\/en\/#\/schema\/person\/d68db62b132aa2d4d1eeecc77412069c"},"headline":"22th B\u00c9D\u00c9LYS AWARDS &#8211; FINALISTS","datePublished":"2021-03-18T17:19:53+00:00","dateModified":"2021-05-19T00:54:29+00:00","mainEntityOfPage":{"@id":"https:\/\/www.fbdm-mcaf.ca\/en\/univers-bd\/babillard\/press-releases\/22th-bedelys-awards-finalists\/"},"wordCount":758,"image":{"@id":"https:\/\/www.fbdm-mcaf.ca\/en\/univers-bd\/babillard\/press-releases\/22th-bedelys-awards-finalists\/#primaryimage"},"thumbnailUrl":"https:\/\/www.fbdm-mcaf.ca\/wp-content\/uploads\/FBDM-Bedelys_2020_Finalistes_Article-site_800x300_ENG.png","articleSection":["Press releases"],"inLanguage":"en-US"},{"@type":"WebPage","@id":"https:\/\/www.fbdm-mcaf.ca\/en\/univers-bd\/babillard\/press-releases\/22th-bedelys-awards-finalists\/","url":"https:\/\/www.fbdm-mcaf.ca\/en\/univers-bd\/babillard\/press-releases\/22th-bedelys-awards-finalists\/","name":"22th B\u00c9D\u00c9LYS AWARDS - FINALISTS &#8226; MCAF","isPartOf":{"@id":"https:\/\/www.fbdm-mcaf.ca\/en\/#website"},"primaryImageOfPage":{"@id":"https:\/\/www.fbdm-mcaf.ca\/en\/univers-bd\/babillard\/press-releases\/22th-bedelys-awards-finalists\/#primaryimage"},"image":{"@id":"https:\/\/www.fbdm-mcaf.ca\/en\/univers-bd\/babillard\/press-releases\/22th-bedelys-awards-finalists\/#primaryimage"},"thumbnailUrl":"https:\/\/www.fbdm-mcaf.ca\/wp-content\/uploads\/FBDM-Bedelys_2020_Finalistes_Article-site_800x300_ENG.png","datePublished":"2021-03-18T17:19:53+00:00","dateModified":"2021-05-19T00:54:29+00:00","author":{"@id":"https:\/\/www.fbdm-mcaf.ca\/en\/#\/schema\/person\/d68db62b132aa2d4d1eeecc77412069c"},"breadcrumb":{"@id":"https:\/\/www.fbdm-mcaf.ca\/en\/univers-bd\/babillard\/press-releases\/22th-bedelys-awards-finalists\/#breadcrumb"},"inLanguage":"en-US","potentialAction":[{"@type":"ReadAction","target":["https:\/\/www.fbdm-mcaf.ca\/en\/univers-bd\/babillard\/press-releases\/22th-bedelys-awards-finalists\/"]}]},{"@type":"ImageObject","inLanguage":"en-US","@id":"https:\/\/www.fbdm-mcaf.ca\/en\/univers-bd\/babillard\/press-releases\/22th-bedelys-awards-finalists\/#primaryimage","url":"https:\/\/www.fbdm-mcaf.ca\/wp-content\/uploads\/FBDM-Bedelys_2020_Finalistes_Article-site_800x300_ENG.png","contentUrl":"https:\/\/www.fbdm-mcaf.ca\/wp-content\/uploads\/FBDM-Bedelys_2020_Finalistes_Article-site_800x300_ENG.png","width":800,"height":300},{"@type":"BreadcrumbList","@id":"https:\/\/www.fbdm-mcaf.ca\/en\/univers-bd\/babillard\/press-releases\/22th-bedelys-awards-finalists\/#breadcrumb","itemListElement":[{"@type":"ListItem","position":1,"name":"Home","item":"https:\/\/www.fbdm-mcaf.ca\/en\/"},{"@type":"ListItem","position":2,"name":"22th B\u00c9D\u00c9LYS AWARDS &#8211; FINALISTS"}]},{"@type":"WebSite","@id":"https:\/\/www.fbdm-mcaf.ca\/en\/#website","url":"https:\/\/www.fbdm-mcaf.ca\/en\/","name":"MCAF","description":"Montreal Comic Arts Festival","potentialAction":[{"@type":"SearchAction","target":{"@type":"EntryPoint","urlTemplate":"https:\/\/www.fbdm-mcaf.ca\/en\/?s={search_term_string}"},"query-input":{"@type":"PropertyValueSpecification","valueRequired":true,"valueName":"search_term_string"}}],"inLanguage":"en-US"},{"@type":"Person","@id":"https:\/\/www.fbdm-mcaf.ca\/en\/#\/schema\/person\/d68db62b132aa2d4d1eeecc77412069c","name":"Virginie Mont-Reynaud","image":{"@type":"ImageObject","inLanguage":"en-US","@id":"https:\/\/secure.gravatar.com\/avatar\/b74abeb947e38d7493fd65ed46cc9a2438693581c8a6b8d45d9a912f82901f14?s=96&d=mm&r=g","url":"https:\/\/secure.gravatar.com\/avatar\/b74abeb947e38d7493fd65ed46cc9a2438693581c8a6b8d45d9a912f82901f14?s=96&d=mm&r=g","contentUrl":"https:\/\/secure.gravatar.com\/avatar\/b74abeb947e38d7493fd65ed46cc9a2438693581c8a6b8d45d9a912f82901f14?s=96&d=mm&r=g","caption":"Virginie Mont-Reynaud"}}]}},"_links":{"self":[{"href":"https:\/\/www.fbdm-mcaf.ca\/en\/wp-json\/wp\/v2\/posts\/25735","targetHints":{"allow":["GET"]}}],"collection":[{"href":"https:\/\/www.fbdm-mcaf.ca\/en\/wp-json\/wp\/v2\/posts"}],"about":[{"href":"https:\/\/www.fbdm-mcaf.ca\/en\/wp-json\/wp\/v2\/types\/post"}],"author":[{"embeddable":true,"href":"https:\/\/www.fbdm-mcaf.ca\/en\/wp-json\/wp\/v2\/users\/2"}],"replies":[{"embeddable":true,"href":"https:\/\/www.fbdm-mcaf.ca\/en\/wp-json\/wp\/v2\/comments?post=25735"}],"version-history":[{"count":5,"href":"https:\/\/www.fbdm-mcaf.ca\/en\/wp-json\/wp\/v2\/posts\/25735\/revisions"}],"predecessor-version":[{"id":26669,"href":"https:\/\/www.fbdm-mcaf.ca\/en\/wp-json\/wp\/v2\/posts\/25735\/revisions\/26669"}],"wp:featuredmedia":[{"embeddable":true,"href":"https:\/\/www.fbdm-mcaf.ca\/en\/wp-json\/wp\/v2\/media\/25736"}],"wp:attachment":[{"href":"https:\/\/www.fbdm-mcaf.ca\/en\/wp-json\/wp\/v2\/media?parent=25735"}],"wp:term":[{"taxonomy":"category","embeddable":true,"href":"https:\/\/www.fbdm-mcaf.ca\/en\/wp-json\/wp\/v2\/categories?post=25735"},{"taxonomy":"post_tag","embeddable":true,"href":"https:\/\/www.fbdm-mcaf.ca\/en\/wp-json\/wp\/v2\/tags?post=25735"}],"curies":[{"name":"wp","href":"https:\/\/api.w.org\/{rel}","templated":true}]}}