{"id":25338,"date":"2021-01-13T13:56:18","date_gmt":"2021-01-13T18:56:18","guid":{"rendered":"https:\/\/www.fbdm-mcaf.ca\/univers-bd\/babillard\/uncategorized\/appel-a-communications-colloque-bd\/"},"modified":"2021-04-01T15:18:34","modified_gmt":"2021-04-01T19:18:34","slug":"call-for-papers-comic-arts-conference","status":"publish","type":"post","link":"https:\/\/www.fbdm-mcaf.ca\/en\/univers-bd\/babillard\/annonces-en\/call-for-papers-comic-arts-conference\/","title":{"rendered":"Call for Papers &#8211; Comic Arts Conference"},"content":{"rendered":"\n<h3 class=\"wp-block-heading\"><em>Shaking the Foundations<\/em><\/h3>\n\n\n\n<h4 class=\"wp-block-heading\"><strong>MCAF Anniversary-Conference<\/strong><\/h4>\n\n\n\n<p>The Montreal Comic Arts Festival (MCAF) and the McGill <a href=\"https:\/\/www.mcgill.ca\/centre-montreal\/\" target=\"_blank\" rel=\"noreferrer noopener\">Centre for Interdisciplinary Research on Montreal (CIRM)<\/a> are pleased to invite you to the <em>Shaking the Foundations<\/em> Conference in Montreal, <strong>from October&nbsp;28 to 30, 2021<\/strong>. In addition to highlighting the MCAF\u2019s 10<sup>th<\/sup>&nbsp;anniversary, this conference will bring together researchers interested in the comic arts and their creators for discussions and presentations of research and field work. Mario Beaulac, professor in comic arts at the <a href=\"https:\/\/uqo.ca\/emi\" target=\"_blank\" rel=\"noreferrer noopener\">\u00c9cole multidisciplinaire de l\u2019image<\/a><em> <\/em>at Universit\u00e9 du Qu\u00e9bec en Outaouais, will oversee the event as scientific director.<\/p>\n\n\n\n<h2 class=\"wp-block-heading\"><em>Shaking the Foundations<\/em><\/h2>\n\n\n\n<p>Metropolis, Gotham City, New York, Berlin, Brussels, even Montreal\u2014be they real or dreamlike, dark citadels or beacons of light, urban landscapes often find their way into the creative universes of comic creators. Through the trials of their protagonists and main characters, the city and its foundations are repeatedly abused, redesigned, and reimagined. Buildings are shattered or used as weapons by superheroes, locked in epic battles with their adversaries in the city. Protagonists commute through the city of the future, whether utopian or dystopian, where the artist has taken the opportunity to draw both the boundaries of the <em>expected <\/em>city and the attention of critics and readers to urban design and its limits. Other creators may subvert the medium\u2019s conventions or use architectural and urban metaphors to deconstruct their stories. With each stroke of their pen, comic artists <em>shake the foundations <\/em>of the real and imaginary city, the ways it is represented, and the urban issues it faces.<\/p>\n\n\n\n<p>Which formal or thematic devices do comic artists use to shake these foundations? Proposals may address one or more of the following themes:&nbsp;<\/p>\n\n\n\n<h3 class=\"wp-block-heading\">1. <strong><strong>Shaking the foundations\u2026 of the city:<\/strong><\/strong><\/h3>\n\n\n\n<p>The foundations of the city are disrupted in many ways in comics. Its architecture may be shattered, reduced to dust (fights between superheroes and their opponents, war situations, tales about the creation or dismantling of neighbourhoods, etc.). The founding principles of architecture or urban planning may also be reinvented by utopian or dystopian visions of the city of the future or imagined urban milieus (bringing to mind Winsor McCay, M\u0153bius, the cathedral skyscrapers of modernity inspired by Hugh Ferris, etc.).<\/p>\n\n\n\n<h3 class=\"wp-block-heading\">2. <strong><strong>Shaking the foundations\u2026 of society:<\/strong><\/strong><\/h3>\n\n\n\n<p>It is also possible for comic artists to question preconceptions of urban societies. By illustrating and addressing some of the concerns experienced in urban centres, comic artists highlight cultural, religious, social, economic, and other disturbances, and thus an established social order that may be criticised at leisure. Consider the works of Guy Delisle (<em>Shenzhen<\/em>, <em>Pyongyang<\/em>), Joe Sacco (<em>Palestine<\/em>, <em>Safe Area Gora\u017ede<\/em>) or Chantal Montellier (<em>Wonder City<\/em>, <em>Tchernobyl mon amour<\/em>).<\/p>\n\n\n\n<h3 class=\"wp-block-heading\">3. <strong><strong>Shaking the foundations\u2026 of the comic arts:<\/strong><\/strong><\/h3>\n\n\n\n<p>Finally, creators shake the foundations of the comic arts, namely by using urban or architectural metaphors in order to question their creative processes and storytelling, as does Chris Ware in his <em>Building Stories <\/em>or as Fran\u00e7ois Schuiten and Beno\u00eet Peeters also endeavor in their <em>Les Cit\u00e9s obscures<\/em>.<\/p>\n\n\n\n<h2 class=\"wp-block-heading\"><strong>Call for Papers<\/strong><\/h2>\n\n\n\n<p>We invite anyone interested in participating in this anniversary-conference to submit a paper presentation\u2014in French or English. Your proposal must be submitted by email to <a href=\"mailto:criem-cirm.arts@mcgill.ca\" target=\"_blank\" rel=\"noreferrer noopener\">criem-cirm.arts@mcgill.ca<\/a>. The submission deadline is <strong>April\u00a011, 2021<\/strong>.<\/p>\n\n\n\n<p>Abstracts should not be longer than 500&nbsp;words, excluding references, and should be accompanied by a biographical note (150&nbsp;words maximum) specifying the contributor\u2019s name and affiliation. The presentations should be of approximately 20&nbsp;minutes in length. A question period will follow the presentations.<\/p>\n\n\n\n<p>Presentations could be published in the conference proceedings.&nbsp;<\/p>\n\n\n\n<h4 class=\"wp-block-heading\"><strong>Health Measures<\/strong><\/h4>\n\n\n\n<p>We sincerely hope to welcome you in person, in Montreal in October 2021. However, the organising committee of our anniversary-conference will pay close attention to the evolving health situation and will prepare to hold the event remotely if need be. Additionally, the field activities included in the programming will be adapted to the health measures in place.<\/p>\n\n\n\n<h4 class=\"wp-block-heading\"><strong>Important Dates<\/strong><\/h4>\n\n\n\n<p>April 2, 2021 Submission Deadline<br>May 1, 2021 Selected Presenters Notified<br>June 1, 2021 Confirmation of Participation<br>October 28\u201330, 2021 <em>Shaking the Foundations \u2013 <\/em>1<sup>st<\/sup> MCAF Conference<\/p>\n\n\n\n<h2 class=\"wp-block-heading\"><strong>About Us<\/strong><\/h2>\n\n\n\n<h3 class=\"wp-block-heading\">Scientific Committee<\/h3>\n\n\n\n<h4 class=\"wp-block-heading\"><strong>Scientific Director&nbsp;<\/strong><\/h4>\n\n\n\n<p><strong>Mario Beaulac<\/strong>, Professor, \u00c9cole multidisciplinaire de l\u2019image, Universit\u00e9 du Qu\u00e9bec en Outaouais<\/p>\n\n\n\n<h4 class=\"wp-block-heading\"><strong>Members of the Scientific Committee<\/strong><\/h4>\n\n\n\n<p><strong>Johanne Desrochers<\/strong>, General Director, MCAF<br><strong>Dominique Gazo<\/strong>, Director of Montreal Public Libraries, City of Montreal<br><strong>Anna Giaufret<\/strong>, Associate Professor, Department of Modern and French Languages and Cultures, University of Genova<br><strong>Marc-Andr\u00e9 Goulet<\/strong>, Head of department, Arts&nbsp;and Literature, Grande Biblioth\u00e8que (BanQ)&nbsp;<br><strong>Dominic Hardy<\/strong>, Professor, Department of Art History, University of Quebec in Montreal<br><strong>Nik Luka<\/strong>, Interim Director, CIRM; Associate Professor, School of Urban Planning and Peter Guo-Hua Fu School of Architecture, McGill University<br><strong>Fran\u00e7ois Vigneault<\/strong>, Cartoonist<\/p>\n\n\n\n<h3 class=\"wp-block-heading\">The Montreal Comic Arts Festival<\/h3>\n\n\n\n<p>Over the last 10 years, MCAF has served as a space for artists and their audiences to meet and exchange ideas. The MCAF\u2019s yearly springtime event serves to promote Qu\u00e9b\u00e9cois and Canadian comic arts on the local and international levels, while contributing to their development and dissemination of knowledge on comics. Recently, MCAF has also stimulated and supported local comic artists thanks to the <a href=\"https:\/\/www.fbdm-mcaf.ca\/en\/about-us\/archives\/mcaf-press\/\" target=\"_blank\" rel=\"noreferrer noopener\">Presses du FBDM | MCAF Press<\/a>.<\/p>\n\n\n\n<h3 class=\"wp-block-heading\">Centre for Interdisciplinary Research on Montreal<\/h3>\n\n\n\n<p>Bringing together 69 researchers from over 15 universities in Montreal, Canada, and abroad, CIRM is at the forefront of interdisciplinary research on Montreal. The centre also contributes to the conception, coordination, and dissemination of research-action projects created in tandem with social, economic, cultural, community, and municipal actors in the city<\/p>\n\n\n\n<h3 class=\"wp-block-heading\">Organizing Committee<\/h3>\n\n\n\n<p><strong>Johanne Desrochers<\/strong>, General Director, MCAF<br><strong>Audray Fontaine<\/strong>, Knowledge Mobilization Coordinator, CIRM<br><strong>Louise Guillemette-Labory<\/strong>, Board Director, MCAF<br><strong>Virginie Mont-Reynaud<\/strong>, Programme and Logistics Coordinator, MCAF<\/p>\n\n\n\n<h3 class=\"wp-block-heading\"><strong>Contact<\/strong><\/h3>\n\n\n\n<p>For information concerning the submission of presentation proposals and the conference, please contact the organizers of the event at the following email address: <a href=\"mailto:criem-cirm.arts@mcgill.ca\" target=\"_blank\" rel=\"noreferrer noopener\">criem-cirm.arts@mcgill.ca<\/a>.<\/p>\n","protected":false},"excerpt":{"rendered":"<p class=\"post-excerpt\"><em>Shaking the Foundations<\/em><\/p>\n<p><strong>MCAF Anniversary-Conference<\/strong><\/p>\n<p>The Montreal Comic Arts Festival (MCAF) and the McGill Centre for Interdisciplinary Research on Montreal (CIRM) are pleased to invite you to the <em>Shaking the Foundations<\/em> Conference in Montreal, <strong>from October&nbsp;28 to 30, 2021<\/strong>. In addition to highlighting the MCAF\u2019s 10th&nbsp;anniversary,<\/p>\n<p>&#8230;<\/p>\n<p><a class=\"post-learn-more\" href=\"https:\/\/www.fbdm-mcaf.ca\/en\/univers-bd\/babillard\/annonces-en\/call-for-papers-comic-arts-conference\/\">Read more<span>&nbsp;><\/span><\/a><\/p><\/p>\n","protected":false},"author":2,"featured_media":25331,"comment_status":"closed","ping_status":"closed","sticky":false,"template":"","format":"standard","meta":{"_acf_changed":false,"_price":"","_stock":"","_tribe_ticket_header":"","_tribe_default_ticket_provider":"","_tribe_ticket_capacity":"0","_ticket_start_date":"","_ticket_end_date":"","_tribe_ticket_show_description":"","_tribe_ticket_show_not_going":false,"_tribe_ticket_use_global_stock":"","_tribe_ticket_global_stock_level":"","_global_stock_mode":"","_global_stock_cap":"","_tribe_rsvp_for_event":"","_tribe_ticket_going_count":"","_tribe_ticket_not_going_count":"","_tribe_tickets_list":"[]","_tribe_ticket_has_attendee_info_fields":false,"footnotes":""},"categories":[124],"tags":[],"class_list":["post-25338","post","type-post","status-publish","format-standard","has-post-thumbnail","hentry","category-annonces-en"],"acf":[],"yoast_head":"<!-- This site is optimized with the Yoast SEO plugin v27.5 - https:\/\/yoast.com\/product\/yoast-seo-wordpress\/ -->\n<title>Call for Papers - Comic Arts Conference &#8226; MCAF<\/title>\n<meta name=\"robots\" content=\"index, follow, max-snippet:-1, max-image-preview:large, max-video-preview:-1\" \/>\n<link rel=\"canonical\" href=\"https:\/\/www.fbdm-mcaf.ca\/en\/univers-bd\/babillard\/annonces-en\/call-for-papers-comic-arts-conference\/\" \/>\n<meta property=\"og:locale\" content=\"en_US\" \/>\n<meta property=\"og:type\" content=\"article\" \/>\n<meta property=\"og:title\" content=\"Call for Papers - Comic Arts Conference &#8226; MCAF\" \/>\n<meta property=\"og:description\" content=\"Shaking the Foundations  MCAF Anniversary-Conference  The Montreal Comic Arts Festival (MCAF) and the McGill Centre for Interdisciplinary Research on Montreal (CIRM) are pleased to invite you to the Shaking the Foundations Conference in Montreal, from October&nbsp;28 to 30, 2021. In addition to highlighting the MCAF\u2019s 10th&nbsp;anniversary,...Read more&nbsp;&gt;\" \/>\n<meta property=\"og:url\" content=\"https:\/\/www.fbdm-mcaf.ca\/en\/univers-bd\/babillard\/annonces-en\/call-for-papers-comic-arts-conference\/\" \/>\n<meta property=\"og:site_name\" content=\"MCAF\" \/>\n<meta property=\"article:publisher\" content=\"https:\/\/www.facebook.com\/FestivalBDMontreal\/\" \/>\n<meta property=\"article:published_time\" content=\"2021-01-13T18:56:18+00:00\" \/>\n<meta property=\"article:modified_time\" content=\"2021-04-01T19:18:34+00:00\" \/>\n<meta property=\"og:image\" content=\"https:\/\/www.fbdm-mcaf.ca\/wp-content\/uploads\/research.jpg\" \/>\n\t<meta property=\"og:image:width\" content=\"800\" \/>\n\t<meta property=\"og:image:height\" content=\"300\" \/>\n\t<meta property=\"og:image:type\" content=\"image\/jpeg\" \/>\n<meta name=\"author\" content=\"Virginie Mont-Reynaud\" \/>\n<meta name=\"twitter:card\" content=\"summary_large_image\" \/>\n<meta name=\"twitter:creator\" content=\"@fbdm_mtl\" \/>\n<meta name=\"twitter:site\" content=\"@fbdm_mtl\" \/>\n<meta name=\"twitter:label1\" content=\"Written by\" \/>\n\t<meta name=\"twitter:data1\" content=\"Virginie Mont-Reynaud\" \/>\n\t<meta name=\"twitter:label2\" content=\"Est. reading time\" \/>\n\t<meta name=\"twitter:data2\" content=\"5 minutes\" \/>\n<script type=\"application\/ld+json\" class=\"yoast-schema-graph\">{\"@context\":\"https:\\\/\\\/schema.org\",\"@graph\":[{\"@type\":\"Article\",\"@id\":\"https:\\\/\\\/www.fbdm-mcaf.ca\\\/en\\\/univers-bd\\\/babillard\\\/annonces-en\\\/call-for-papers-comic-arts-conference\\\/#article\",\"isPartOf\":{\"@id\":\"https:\\\/\\\/www.fbdm-mcaf.ca\\\/en\\\/univers-bd\\\/babillard\\\/annonces-en\\\/call-for-papers-comic-arts-conference\\\/\"},\"author\":{\"name\":\"Virginie Mont-Reynaud\",\"@id\":\"https:\\\/\\\/www.fbdm-mcaf.ca\\\/en\\\/#\\\/schema\\\/person\\\/d68db62b132aa2d4d1eeecc77412069c\"},\"headline\":\"Call for Papers &#8211; Comic Arts Conference\",\"datePublished\":\"2021-01-13T18:56:18+00:00\",\"dateModified\":\"2021-04-01T19:18:34+00:00\",\"mainEntityOfPage\":{\"@id\":\"https:\\\/\\\/www.fbdm-mcaf.ca\\\/en\\\/univers-bd\\\/babillard\\\/annonces-en\\\/call-for-papers-comic-arts-conference\\\/\"},\"wordCount\":966,\"image\":{\"@id\":\"https:\\\/\\\/www.fbdm-mcaf.ca\\\/en\\\/univers-bd\\\/babillard\\\/annonces-en\\\/call-for-papers-comic-arts-conference\\\/#primaryimage\"},\"thumbnailUrl\":\"https:\\\/\\\/www.fbdm-mcaf.ca\\\/wp-content\\\/uploads\\\/research.jpg\",\"articleSection\":[\"Annonces\"],\"inLanguage\":\"en-US\"},{\"@type\":\"WebPage\",\"@id\":\"https:\\\/\\\/www.fbdm-mcaf.ca\\\/en\\\/univers-bd\\\/babillard\\\/annonces-en\\\/call-for-papers-comic-arts-conference\\\/\",\"url\":\"https:\\\/\\\/www.fbdm-mcaf.ca\\\/en\\\/univers-bd\\\/babillard\\\/annonces-en\\\/call-for-papers-comic-arts-conference\\\/\",\"name\":\"Call for Papers - Comic Arts Conference &#8226; MCAF\",\"isPartOf\":{\"@id\":\"https:\\\/\\\/www.fbdm-mcaf.ca\\\/en\\\/#website\"},\"primaryImageOfPage\":{\"@id\":\"https:\\\/\\\/www.fbdm-mcaf.ca\\\/en\\\/univers-bd\\\/babillard\\\/annonces-en\\\/call-for-papers-comic-arts-conference\\\/#primaryimage\"},\"image\":{\"@id\":\"https:\\\/\\\/www.fbdm-mcaf.ca\\\/en\\\/univers-bd\\\/babillard\\\/annonces-en\\\/call-for-papers-comic-arts-conference\\\/#primaryimage\"},\"thumbnailUrl\":\"https:\\\/\\\/www.fbdm-mcaf.ca\\\/wp-content\\\/uploads\\\/research.jpg\",\"datePublished\":\"2021-01-13T18:56:18+00:00\",\"dateModified\":\"2021-04-01T19:18:34+00:00\",\"author\":{\"@id\":\"https:\\\/\\\/www.fbdm-mcaf.ca\\\/en\\\/#\\\/schema\\\/person\\\/d68db62b132aa2d4d1eeecc77412069c\"},\"breadcrumb\":{\"@id\":\"https:\\\/\\\/www.fbdm-mcaf.ca\\\/en\\\/univers-bd\\\/babillard\\\/annonces-en\\\/call-for-papers-comic-arts-conference\\\/#breadcrumb\"},\"inLanguage\":\"en-US\",\"potentialAction\":[{\"@type\":\"ReadAction\",\"target\":[\"https:\\\/\\\/www.fbdm-mcaf.ca\\\/en\\\/univers-bd\\\/babillard\\\/annonces-en\\\/call-for-papers-comic-arts-conference\\\/\"]}]},{\"@type\":\"ImageObject\",\"inLanguage\":\"en-US\",\"@id\":\"https:\\\/\\\/www.fbdm-mcaf.ca\\\/en\\\/univers-bd\\\/babillard\\\/annonces-en\\\/call-for-papers-comic-arts-conference\\\/#primaryimage\",\"url\":\"https:\\\/\\\/www.fbdm-mcaf.ca\\\/wp-content\\\/uploads\\\/research.jpg\",\"contentUrl\":\"https:\\\/\\\/www.fbdm-mcaf.ca\\\/wp-content\\\/uploads\\\/research.jpg\",\"width\":800,\"height\":300},{\"@type\":\"BreadcrumbList\",\"@id\":\"https:\\\/\\\/www.fbdm-mcaf.ca\\\/en\\\/univers-bd\\\/babillard\\\/annonces-en\\\/call-for-papers-comic-arts-conference\\\/#breadcrumb\",\"itemListElement\":[{\"@type\":\"ListItem\",\"position\":1,\"name\":\"Home\",\"item\":\"https:\\\/\\\/www.fbdm-mcaf.ca\\\/en\\\/\"},{\"@type\":\"ListItem\",\"position\":2,\"name\":\"Call for Papers &#8211; Comic Arts Conference\"}]},{\"@type\":\"WebSite\",\"@id\":\"https:\\\/\\\/www.fbdm-mcaf.ca\\\/en\\\/#website\",\"url\":\"https:\\\/\\\/www.fbdm-mcaf.ca\\\/en\\\/\",\"name\":\"MCAF\",\"description\":\"Montreal Comic Arts Festival\",\"potentialAction\":[{\"@type\":\"SearchAction\",\"target\":{\"@type\":\"EntryPoint\",\"urlTemplate\":\"https:\\\/\\\/www.fbdm-mcaf.ca\\\/en\\\/?s={search_term_string}\"},\"query-input\":{\"@type\":\"PropertyValueSpecification\",\"valueRequired\":true,\"valueName\":\"search_term_string\"}}],\"inLanguage\":\"en-US\"},{\"@type\":\"Person\",\"@id\":\"https:\\\/\\\/www.fbdm-mcaf.ca\\\/en\\\/#\\\/schema\\\/person\\\/d68db62b132aa2d4d1eeecc77412069c\",\"name\":\"Virginie Mont-Reynaud\",\"image\":{\"@type\":\"ImageObject\",\"inLanguage\":\"en-US\",\"@id\":\"https:\\\/\\\/secure.gravatar.com\\\/avatar\\\/b74abeb947e38d7493fd65ed46cc9a2438693581c8a6b8d45d9a912f82901f14?s=96&d=mm&r=g\",\"url\":\"https:\\\/\\\/secure.gravatar.com\\\/avatar\\\/b74abeb947e38d7493fd65ed46cc9a2438693581c8a6b8d45d9a912f82901f14?s=96&d=mm&r=g\",\"contentUrl\":\"https:\\\/\\\/secure.gravatar.com\\\/avatar\\\/b74abeb947e38d7493fd65ed46cc9a2438693581c8a6b8d45d9a912f82901f14?s=96&d=mm&r=g\",\"caption\":\"Virginie Mont-Reynaud\"}}]}<\/script>\n<!-- \/ Yoast SEO plugin. -->","yoast_head_json":{"title":"Call for Papers - Comic Arts Conference &#8226; MCAF","robots":{"index":"index","follow":"follow","max-snippet":"max-snippet:-1","max-image-preview":"max-image-preview:large","max-video-preview":"max-video-preview:-1"},"canonical":"https:\/\/www.fbdm-mcaf.ca\/en\/univers-bd\/babillard\/annonces-en\/call-for-papers-comic-arts-conference\/","og_locale":"en_US","og_type":"article","og_title":"Call for Papers - Comic Arts Conference &#8226; MCAF","og_description":"Shaking the Foundations  MCAF Anniversary-Conference  The Montreal Comic Arts Festival (MCAF) and the McGill Centre for Interdisciplinary Research on Montreal (CIRM) are pleased to invite you to the Shaking the Foundations Conference in Montreal, from October&nbsp;28 to 30, 2021. In addition to highlighting the MCAF\u2019s 10th&nbsp;anniversary,...Read more&nbsp;>","og_url":"https:\/\/www.fbdm-mcaf.ca\/en\/univers-bd\/babillard\/annonces-en\/call-for-papers-comic-arts-conference\/","og_site_name":"MCAF","article_publisher":"https:\/\/www.facebook.com\/FestivalBDMontreal\/","article_published_time":"2021-01-13T18:56:18+00:00","article_modified_time":"2021-04-01T19:18:34+00:00","og_image":[{"width":800,"height":300,"url":"https:\/\/www.fbdm-mcaf.ca\/wp-content\/uploads\/research.jpg","type":"image\/jpeg"}],"author":"Virginie Mont-Reynaud","twitter_card":"summary_large_image","twitter_creator":"@fbdm_mtl","twitter_site":"@fbdm_mtl","twitter_misc":{"Written by":"Virginie Mont-Reynaud","Est. reading time":"5 minutes"},"schema":{"@context":"https:\/\/schema.org","@graph":[{"@type":"Article","@id":"https:\/\/www.fbdm-mcaf.ca\/en\/univers-bd\/babillard\/annonces-en\/call-for-papers-comic-arts-conference\/#article","isPartOf":{"@id":"https:\/\/www.fbdm-mcaf.ca\/en\/univers-bd\/babillard\/annonces-en\/call-for-papers-comic-arts-conference\/"},"author":{"name":"Virginie Mont-Reynaud","@id":"https:\/\/www.fbdm-mcaf.ca\/en\/#\/schema\/person\/d68db62b132aa2d4d1eeecc77412069c"},"headline":"Call for Papers &#8211; Comic Arts Conference","datePublished":"2021-01-13T18:56:18+00:00","dateModified":"2021-04-01T19:18:34+00:00","mainEntityOfPage":{"@id":"https:\/\/www.fbdm-mcaf.ca\/en\/univers-bd\/babillard\/annonces-en\/call-for-papers-comic-arts-conference\/"},"wordCount":966,"image":{"@id":"https:\/\/www.fbdm-mcaf.ca\/en\/univers-bd\/babillard\/annonces-en\/call-for-papers-comic-arts-conference\/#primaryimage"},"thumbnailUrl":"https:\/\/www.fbdm-mcaf.ca\/wp-content\/uploads\/research.jpg","articleSection":["Annonces"],"inLanguage":"en-US"},{"@type":"WebPage","@id":"https:\/\/www.fbdm-mcaf.ca\/en\/univers-bd\/babillard\/annonces-en\/call-for-papers-comic-arts-conference\/","url":"https:\/\/www.fbdm-mcaf.ca\/en\/univers-bd\/babillard\/annonces-en\/call-for-papers-comic-arts-conference\/","name":"Call for Papers - Comic Arts Conference &#8226; MCAF","isPartOf":{"@id":"https:\/\/www.fbdm-mcaf.ca\/en\/#website"},"primaryImageOfPage":{"@id":"https:\/\/www.fbdm-mcaf.ca\/en\/univers-bd\/babillard\/annonces-en\/call-for-papers-comic-arts-conference\/#primaryimage"},"image":{"@id":"https:\/\/www.fbdm-mcaf.ca\/en\/univers-bd\/babillard\/annonces-en\/call-for-papers-comic-arts-conference\/#primaryimage"},"thumbnailUrl":"https:\/\/www.fbdm-mcaf.ca\/wp-content\/uploads\/research.jpg","datePublished":"2021-01-13T18:56:18+00:00","dateModified":"2021-04-01T19:18:34+00:00","author":{"@id":"https:\/\/www.fbdm-mcaf.ca\/en\/#\/schema\/person\/d68db62b132aa2d4d1eeecc77412069c"},"breadcrumb":{"@id":"https:\/\/www.fbdm-mcaf.ca\/en\/univers-bd\/babillard\/annonces-en\/call-for-papers-comic-arts-conference\/#breadcrumb"},"inLanguage":"en-US","potentialAction":[{"@type":"ReadAction","target":["https:\/\/www.fbdm-mcaf.ca\/en\/univers-bd\/babillard\/annonces-en\/call-for-papers-comic-arts-conference\/"]}]},{"@type":"ImageObject","inLanguage":"en-US","@id":"https:\/\/www.fbdm-mcaf.ca\/en\/univers-bd\/babillard\/annonces-en\/call-for-papers-comic-arts-conference\/#primaryimage","url":"https:\/\/www.fbdm-mcaf.ca\/wp-content\/uploads\/research.jpg","contentUrl":"https:\/\/www.fbdm-mcaf.ca\/wp-content\/uploads\/research.jpg","width":800,"height":300},{"@type":"BreadcrumbList","@id":"https:\/\/www.fbdm-mcaf.ca\/en\/univers-bd\/babillard\/annonces-en\/call-for-papers-comic-arts-conference\/#breadcrumb","itemListElement":[{"@type":"ListItem","position":1,"name":"Home","item":"https:\/\/www.fbdm-mcaf.ca\/en\/"},{"@type":"ListItem","position":2,"name":"Call for Papers &#8211; Comic Arts Conference"}]},{"@type":"WebSite","@id":"https:\/\/www.fbdm-mcaf.ca\/en\/#website","url":"https:\/\/www.fbdm-mcaf.ca\/en\/","name":"MCAF","description":"Montreal Comic Arts Festival","potentialAction":[{"@type":"SearchAction","target":{"@type":"EntryPoint","urlTemplate":"https:\/\/www.fbdm-mcaf.ca\/en\/?s={search_term_string}"},"query-input":{"@type":"PropertyValueSpecification","valueRequired":true,"valueName":"search_term_string"}}],"inLanguage":"en-US"},{"@type":"Person","@id":"https:\/\/www.fbdm-mcaf.ca\/en\/#\/schema\/person\/d68db62b132aa2d4d1eeecc77412069c","name":"Virginie Mont-Reynaud","image":{"@type":"ImageObject","inLanguage":"en-US","@id":"https:\/\/secure.gravatar.com\/avatar\/b74abeb947e38d7493fd65ed46cc9a2438693581c8a6b8d45d9a912f82901f14?s=96&d=mm&r=g","url":"https:\/\/secure.gravatar.com\/avatar\/b74abeb947e38d7493fd65ed46cc9a2438693581c8a6b8d45d9a912f82901f14?s=96&d=mm&r=g","contentUrl":"https:\/\/secure.gravatar.com\/avatar\/b74abeb947e38d7493fd65ed46cc9a2438693581c8a6b8d45d9a912f82901f14?s=96&d=mm&r=g","caption":"Virginie Mont-Reynaud"}}]}},"_links":{"self":[{"href":"https:\/\/www.fbdm-mcaf.ca\/en\/wp-json\/wp\/v2\/posts\/25338","targetHints":{"allow":["GET"]}}],"collection":[{"href":"https:\/\/www.fbdm-mcaf.ca\/en\/wp-json\/wp\/v2\/posts"}],"about":[{"href":"https:\/\/www.fbdm-mcaf.ca\/en\/wp-json\/wp\/v2\/types\/post"}],"author":[{"embeddable":true,"href":"https:\/\/www.fbdm-mcaf.ca\/en\/wp-json\/wp\/v2\/users\/2"}],"replies":[{"embeddable":true,"href":"https:\/\/www.fbdm-mcaf.ca\/en\/wp-json\/wp\/v2\/comments?post=25338"}],"version-history":[{"count":5,"href":"https:\/\/www.fbdm-mcaf.ca\/en\/wp-json\/wp\/v2\/posts\/25338\/revisions"}],"predecessor-version":[{"id":25869,"href":"https:\/\/www.fbdm-mcaf.ca\/en\/wp-json\/wp\/v2\/posts\/25338\/revisions\/25869"}],"wp:featuredmedia":[{"embeddable":true,"href":"https:\/\/www.fbdm-mcaf.ca\/en\/wp-json\/wp\/v2\/media\/25331"}],"wp:attachment":[{"href":"https:\/\/www.fbdm-mcaf.ca\/en\/wp-json\/wp\/v2\/media?parent=25338"}],"wp:term":[{"taxonomy":"category","embeddable":true,"href":"https:\/\/www.fbdm-mcaf.ca\/en\/wp-json\/wp\/v2\/categories?post=25338"},{"taxonomy":"post_tag","embeddable":true,"href":"https:\/\/www.fbdm-mcaf.ca\/en\/wp-json\/wp\/v2\/tags?post=25338"}],"curies":[{"name":"wp","href":"https:\/\/api.w.org\/{rel}","templated":true}]}}