{"id":23548,"date":"2020-05-22T20:00:00","date_gmt":"2020-05-23T00:00:00","guid":{"rendered":"https:\/\/www.fbdm-mcaf.ca\/?p=23548"},"modified":"2020-07-03T14:42:52","modified_gmt":"2020-07-03T18:42:52","slug":"les-21e-prix-bedelys-ont-leurs-laureats","status":"publish","type":"post","link":"https:\/\/www.fbdm-mcaf.ca\/en\/univers-bd\/babillard\/press-releases\/les-21e-prix-bedelys-ont-leurs-laureats\/","title":{"rendered":"The 21st B\u00e9d\u00e9lys Awards Have their Winners!"},"content":{"rendered":"\n<p><strong>(May 22nd, 2020)<\/strong> We already knew the finalists for the B\u00e9d\u00e9lys Awards, it is now time to celebrate the winners! MCAF proudly announced the winners during a virtual evening, on May 22 at 7 pm.<\/p>\n\n\n\n<p>The 21st B\u00e9d\u00e9lys Awards are marked by the incredible quality of the works presented, which made the jury&#8217;s deliberations extremely difficult. Let\u2019s recall that these juries are composed of professionals from the literary world. The trophies of these awards are original works made from recycled materials by Montreal artist Karl Dup\u00e9r\u00e9-Richer for the 11th year in a row. They have been awarded to prestigious creators such as Michel Rabagliati, Leif Tande, Fanny Britt and Emmanuel Guibert to name only a few.<\/p>\n\n\n\n<p>In addition to these trophies, 3 grants of $1,000 are offered to the winners of the Ind\u00e9pendant, Independent and Qu\u00e9bec awards. We would like to thank <em>les Amis de la biblioth\u00e8que de Montr\u00e9al<\/em> who have been offering the $1,000 grant for the winner of the B\u00e9d\u00e9lys Qu\u00e9bec for several years.<\/p>\n\n\n\n<p>Waiting is now over! Here is the list of the winners for the B\u00e9d\u00e9lys Awards 2019:<\/p>\n\n\n\n<h2 class=\"wp-block-heading\"><strong>B\u00e9d\u00e9lys \u00e9tranger:<\/strong> <strong><em>Sabrina<\/em>, Nick Drnaso<\/strong><\/h2>\n\n\n\n<h3 class=\"wp-block-heading\">Best comic book published in French outside of Qu\u00e9bec<\/h3>\n\n\n\n<p>The jury finally decided on <em>Sabrina<\/em>, because the work simply stands out as a must-have in contemporary comics. One is immediately blown away by the great coherence and stylistic unity of the work. Through a story with very topical themes (conspiracy theories, the perverse effect of social media), Drnaso builds realistic characters that are not always easily revealed to the reader, but whose complexity can be guessed.<\/p>\n\n\n\n<p>Drnaso\u2019s illustration also amazes: a drawing of glacial precision, almost rigid, never cluttered with unnecessary details. The choice of colors also contributes to the sinister staging of the story. Always in dark and pastel palettes, the coloring evokes the gloom of the environments as well as the oppressive side of history. Some passages contrast with the general graphic analysis of the album in a new way: pages with a large number of boxes, overloaded with texts and icons, evoke the infinite flow of Web comments and the unhealthy curiosity that drives us to continue reading these often violent and cruel messages.<\/p>\n\n\n\n<p>If <em>Sabrina<\/em>\u2019s reading can sometimes be distressing because of the cruelty of her story, she does not leave indifferent. It is a multi-faceted work that requires a lot of its readers and that will certainly stand as a new classic of the 9th art<\/p>\n\n\n\n<h4 class=\"wp-block-heading\">Let&#8217;s recall that the other finalists for the B\u00e9d\u00e9lys \u00e9tranger are:&nbsp;<\/h4>\n\n\n\n<ul class=\"wp-block-list\"><li><em>Dans un rayon de soleil<\/em>, Tillie Walden<\/li><li><em>Le dieu vagabond<\/em>, Fabrizio Dori<\/li><li><em>Enferme-moi si tu peux<\/em>, Pandolfo et Risbjerg&nbsp;<\/li><li><em>Les entrailles de New York<\/em>, Julia Wertz<\/li><li><em>In waves<\/em>, AJ Dungo<\/li><li><em>Nagasaki<\/em>, Agn\u00e8s Hostache &nbsp; &nbsp;<\/li><li><em>Penss et les plis du monde<\/em>, J\u00e9r\u00e9mie Moreau<\/li><li><em>Pr\u00e9f\u00e9rence syst\u00e8me<\/em>, Ugo Bienvenu<\/li><li>S<em>aison des roses<\/em>, Chlo\u00e9 Wary<\/li><\/ul>\n\n\n\n<h2 class=\"wp-block-heading\"><strong>B\u00e9d\u00e9lys jeunesse: <\/strong><strong><em>Un \u00e9t\u00e9 d\u2019enfer<\/em><\/strong><strong>, Vera Brosgol<\/strong><\/h2>\n\n\n\n<h3 class=\"wp-block-heading\">Best French-language comic book published in Quebec for 7 to 12 years of age<\/h3>\n\n\n\n<p>Vera Brosgol and the B\u00e9d\u00e9lys Awards go hand in hand! The American cartoonist wins this trophy for the second time, with this autobiographical story of a young Russian woman who immigrated to the United States and who struggles to integrate with the children of Manhattan because of differences of background and social class. Her parents then send her to a summer camp for Russian girls and nothing goes as planned!<\/p>\n\n\n\n<p>This B\u00e9d\u00e9lys is awarded by a jury of young readers.<\/p>\n\n\n\n<h4 class=\"wp-block-heading\">Let&#8217;s recall that the other finalists for the B\u00e9d\u00e9lys jeunesse are:&nbsp;<\/h4>\n\n\n\n<ul class=\"wp-block-list\"><li><em>Hercule, agent intergalactique<\/em>, Dalena et Zabus<\/li><li>L<em>\u00e9gendes Zurbaines<\/em>, Nick Bruno, Paul Downs, Michael Yates<\/li><li><em>Animal Jack<\/em>, Kid Toussaint et Miss Prickly&nbsp;<\/li><li><em>109, rue des Soupirs<\/em>, Yomgui et Mr Tan&nbsp;<\/li><\/ul>\n\n\n\n<h2 class=\"wp-block-heading\"><strong>B\u00e9d\u00e9lys ind\u00e9pendant:<\/strong> <strong><em>Apo<\/em><\/strong><strong>, Catherin<\/strong><\/h2>\n\n\n\n<h3 class=\"wp-block-heading\">Best self-published french-language comics created in Quebec<\/h3>\n\n\n\n<p><em>Apo <\/em>is one of the most fascinating fables where themes such as death and mourning are explored. In the background, what we are really offered is a touching and unadorned story about friendship and the bond that unites us to our loved ones beyond death. Catherine Plante has charmed the jury with this rich and captivating initiatory quest.<\/p>\n\n\n\n<p>The illustrations are at the same time imprinted with immense softness and great strength. A light and delicate line pushes us sometimes to introspection, then later to embrace the sadness and anger of the one left behind. The author suggests here a wonderfully well-crafted first comic book that can only make us want to discover what she will then have to offer us.<\/p>\n\n\n\n<h4 class=\"wp-block-heading\">Let&#8217;s recall that the other finalists for the B\u00e9d\u00e9lys ind\u00e9pendant are:&nbsp;<\/h4>\n\n\n\n<ul class=\"wp-block-list\"><li><em>Respire<\/em>, Rabot<\/li><li><em>L\u2019interpr\u00e9tation des bois<\/em>, Rod Legrand<\/li><li><em>Boumeries (volume 9)<\/em>, Boum<\/li><li><em>L\u2019arm\u00e9e du Soleil (tome 1), Anouk<\/em><\/li><\/ul>\n\n\n\n<h2 class=\"wp-block-heading\"><strong>B\u00e9d\u00e9lys independent: <\/strong><strong><em>Stone Fruit<\/em><\/strong><strong>, Lee Lai<\/strong><\/h2>\n\n\n\n<h3 class=\"wp-block-heading\">Best self-published english-language comics created in Quebec<\/h3>\n\n\n\n<p>A fully realized, sophisticated work, <em>Stone Fruit<\/em> is an examination of the often fraught exercise of queer family-making. Playing with tone, subtext, and a precise balance of magic realism, the story follows Bron and Ray as they navigate their relationship and their biweekly play dates with Ray\u2019s niece. There is specificity to the storytelling and universality to the feeling as we watch the tensions between biological and chosen families unfold. Lai\u2019s work, part of an exciting and vibrant Australian new wave, is self-assured and insightful, penetrating to the heart of what brings us together and keeps us apart. The illustration style is as tender yet fierce as the love the characters have for one another. This is a first chapter that feels complete while also building anticipation for what is yet to come. We commend the artist for this early volume, and look forward to the publication of the complete<em> Stone Fruit<\/em> by Fantagraphics in 2021.<\/p>\n\n\n\n<p>For the first time in their history, the Prix B\u00e9d\u00e9lys presents an award to English-speaking Quebecers, a logical step to highlight their contribution to the 9th art.<\/p>\n\n\n\n<h4 class=\"wp-block-heading\">Let&#8217;s recall that the other finalists for the B\u00e9d\u00e9lys independent are:&nbsp;<\/h4>\n\n\n\n<ul class=\"wp-block-list\"><li><em>ARC Twenty-Nine<\/em>, Marc Michaud<\/li><li><em>Paint the Town Red<\/em>, Kiakas et Mukanik<\/li><li><em>Everything is Super<\/em>, Captain Rottsteak<\/li><\/ul>\n\n\n\n<h2 class=\"wp-block-heading\"><strong>B\u00e9d\u00e9lys Qu\u00e9bec: <\/strong><strong><em>Les petits gar\u00e7ons<\/em><\/strong><strong>, Sophie B\u00e9dard&nbsp;<\/strong><\/h2>\n\n\n\n<h3 class=\"wp-block-heading\">Best French-language comic book created and published in Quebec<\/h3>\n\n\n\n<p>Five years after having us live all kinds of emotions with <em>Glorieux Printemps<\/em>, her series on the end of high school, the new comic book published by Sophie B\u00e9dard at Pow Pow Editions tackles similar themes, but in the fringe of young adults.<br>The jury of B\u00e9d\u00e9lys Qu\u00e9bec was delighted by the characters of <em>Les petits Gar\u00e7ons<\/em> and dazzled by the way they are quickly but very rightly established. Strong female protagonists with personalities that are both fair, credible and very different from each other are clearly presented by a few lines of dialogue so that we quickly focus on them, even if they remain complex and evolve over the course of the narrative. The dialogues are precisely a force: biting, funny and touching, but above all they sound real and make the whole slice of life credible and authentic. It turns out to be an uninhibited exploration of female sexuality and relationships of friendship staged in a breathtaking rhythm by which we allow ourselves to be absorbed until the end of the reading. Staging, because Sophie B\u00e9dard really masters this art not only to make characters very expressive by her trait, but also to make them live and interact in space in a dynamic way, going so far as to give the illusion that they have their own lives. Both coming from the genre of the comedy of mores and melodrama, <em>Les Petits gar\u00e7ons<\/em> is a unique work that can be enjoyed.<\/p>\n\n\n\n<h3 class=\"wp-block-heading\"><strong>Special mention : <\/strong><strong><em>Le Projet Shiatsung<\/em><\/strong><strong>, Brigitte Archambault<\/strong><\/h3>\n\n\n\n<p>This year, the jury of the B\u00e9d\u00e9lys Qu\u00e9bec choose to award a special mention to <em>Le Projet Shiatsung<\/em> by Brigitte Archambault, published by M\u00e9canique g\u00e9n\u00e9rale.<br>In<em> Le Projet Shiatsung<\/em>, the reader is led to discover the way of life of a young woman without name who grew up alone in an isolated bungalow with only contact a screen named Shiatsung that supports all her needs: education, food, entertainment, while exercising close control. In this relationship with the machine, the young woman develops certain frustrations and a deep sense of loneliness that leads her to seek answers to her questions, questions that are deeply human. Who am I? Why am I here? What is the purpose of my existence? Am I alone? Despite this discouraging dystopian account of the future of humanity, one feels that a form of redemption is possible through nature. The members of the jury would like to emphasize the originality of this first work by the comic artist, who offers us a universe little explored in the world of Quebec comics, that of dystopia. The innovative graphic style, which goes through a dynamic layout, various typographical games, a rather technical drawing yet very focused on the body and the movement as well as clean lines, testifies to the very strong artistic personality of Archambault. This creator is undeniably an artist to watch out for and the jurors are already eager to see where she will take them in her next project.<\/p>\n\n\n\n<h4 class=\"wp-block-heading\">Let&#8217;s recall that the other finalists for the B\u00e9d\u00e9lys Qu\u00e9bec are:&nbsp;<\/h4>\n\n\n\n<ul class=\"wp-block-list\"><li><em>Le Mouchequetaire<\/em>, Antonin Buisson<\/li><li><em>Le Projet Shiatsung<\/em>, Brigitte Archambault<\/li><li><em>Comment les paradis fiscaux ont ruin\u00e9 mon petit-d\u00e9jeuner<\/em>, Fran\u00e7ois Samson-Dunlop<\/li><li><em>Wendy<\/em>, Walter Scott<\/li><\/ul>\n\n\n\n<h3 class=\"wp-block-heading\"><strong>About the 9th edition<\/strong><\/h3>\n\n\n\n<p>MCAF will be held entirely online this year for 3 days, from May 22 to 24, 2020 on our website. Workshops, Q&amp;A, panels and live drawing are just a few of the many activities planned! The festival is also proud to announce that we are officially launching the <strong>Presses du FBDM | MCAF Press<\/strong>, its first book will be published for the festival.<\/p>\n\n\n\n<h4 class=\"wp-block-heading\"><strong>The Montreal Comic Arts Festival thanks its partners<\/strong><\/h4>\n\n\n\n<p>MCAF would like to highlight the collaboration of its partners who contribute to the success of this 9th edition.<\/p>\n\n\n\n<p>Thanks to : Patrimoine Canada; Conseil des Arts du Canada; Conseil des arts de Montr\u00e9al; SODEC, Division Festivals et \u00e9v\u00e9nements culturels de Montr\u00e9al; l\u2019Arrondissement Le-Plateau-Mont-Royal; Caisse de la culture Desjardins; Consulat g\u00e9n\u00e9ral of France in Qu\u00e9bec; l\u2019Institut Goethe and the Centre de la francophonie des Am\u00e9riques.<\/p>\n\n\n\n<p>Our media partners : Culture Cible; La Fabrique culturelle, LesLibraires.ca;&nbsp; CISM 89.3, la revue PLANCHES; as well as our booktubers : Elise, from \u201cA Book and a Cup\u201d; Ariane, from \u201cMiz Litt\u00e9rature\u201d and Chantal, from \u201cLa Biblioth\u00e8que Jaune\u201d.<\/p>\n\n\n\n<p>The participation and commitment of the team, which is largely made up of volunteers, cannot be ignored, as they enthusiastically embarked on a huge project just eight weeks before the end.<\/p>\n\n\n\n<p class=\"has-text-align-center\">&#8211;&nbsp; &nbsp; &nbsp; 30&nbsp; &nbsp; &#8211;<\/p>\n\n\n\n<h4 class=\"wp-block-heading\"><strong>Further Information<\/strong>:<\/h4>\n\n\n\n<p>Quentin Hocquinghem<br>Communications Coordinator<br>(514) 649 7352<br><a href=\"mailto:press@fbdm-montreal.ca\" target=\"_blank\" rel=\"noreferrer noopener\">press@fbdm-mcaf.ca<\/a><\/p>\n","protected":false},"excerpt":{"rendered":"<p class=\"post-excerpt\">\n<p><strong>(May 22nd, 2020)<\/strong> We already knew the finalists for the B\u00e9d\u00e9lys Awards, it is now time to celebrate the winners! MCAF proudly announced the winners during a virtual evening, on May 22 at 7 pm.<\/p>\n<p>The 21st B\u00e9d\u00e9lys Awards are marked by the incredible quality of the works presented,<\/p>\n<p>&#8230;<\/p>\n<p><a class=\"post-learn-more\" href=\"https:\/\/www.fbdm-mcaf.ca\/en\/univers-bd\/babillard\/press-releases\/les-21e-prix-bedelys-ont-leurs-laureats\/\">Read more<span>&nbsp;><\/span><\/a><\/p><\/p>\n","protected":false},"author":2,"featured_media":23545,"comment_status":"closed","ping_status":"closed","sticky":false,"template":"","format":"standard","meta":{"_acf_changed":false,"_price":"","_stock":"","_tribe_ticket_header":"","_tribe_default_ticket_provider":"","_tribe_ticket_capacity":"0","_ticket_start_date":"","_ticket_end_date":"","_tribe_ticket_show_description":"","_tribe_ticket_show_not_going":false,"_tribe_ticket_use_global_stock":"","_tribe_ticket_global_stock_level":"","_global_stock_mode":"","_global_stock_cap":"","_tribe_rsvp_for_event":"","_tribe_ticket_going_count":"","_tribe_ticket_not_going_count":"","_tribe_tickets_list":"[]","_tribe_ticket_has_attendee_info_fields":false,"footnotes":""},"categories":[97],"tags":[],"class_list":["post-23548","post","type-post","status-publish","format-standard","has-post-thumbnail","hentry","category-press-releases"],"acf":[],"yoast_head":"<!-- This site is optimized with the Yoast SEO plugin v27.5 - https:\/\/yoast.com\/product\/yoast-seo-wordpress\/ -->\n<title>The 21st B\u00e9d\u00e9lys Awards Have their Winners! &#8226; MCAF<\/title>\n<meta name=\"robots\" content=\"index, follow, max-snippet:-1, max-image-preview:large, max-video-preview:-1\" \/>\n<link rel=\"canonical\" href=\"https:\/\/www.fbdm-mcaf.ca\/en\/univers-bd\/babillard\/press-releases\/les-21e-prix-bedelys-ont-leurs-laureats\/\" \/>\n<meta property=\"og:locale\" content=\"en_US\" \/>\n<meta property=\"og:type\" content=\"article\" \/>\n<meta property=\"og:title\" content=\"The 21st B\u00e9d\u00e9lys Awards Have their Winners! &#8226; MCAF\" \/>\n<meta property=\"og:description\" content=\"(May 22nd, 2020) We already knew the finalists for the B\u00e9d\u00e9lys Awards, it is now time to celebrate the winners! MCAF proudly announced the winners during a virtual evening, on May 22 at 7 pm.  The 21st B\u00e9d\u00e9lys Awards are marked by the incredible quality of the works presented,...Read more&nbsp;&gt;\" \/>\n<meta property=\"og:url\" content=\"https:\/\/www.fbdm-mcaf.ca\/en\/univers-bd\/babillard\/press-releases\/les-21e-prix-bedelys-ont-leurs-laureats\/\" \/>\n<meta property=\"og:site_name\" content=\"MCAF\" \/>\n<meta property=\"article:publisher\" content=\"https:\/\/www.facebook.com\/FestivalBDMontreal\/\" \/>\n<meta property=\"article:published_time\" content=\"2020-05-23T00:00:00+00:00\" \/>\n<meta property=\"article:modified_time\" content=\"2020-07-03T18:42:52+00:00\" \/>\n<meta property=\"og:image\" content=\"https:\/\/www.fbdm-mcaf.ca\/wp-content\/uploads\/FBDM-2020_Bedelys_Article_Troph\u00e9es_800x300.jpg\" \/>\n\t<meta property=\"og:image:width\" content=\"800\" \/>\n\t<meta property=\"og:image:height\" content=\"300\" \/>\n\t<meta property=\"og:image:type\" content=\"image\/jpeg\" \/>\n<meta name=\"author\" content=\"Virginie Mont-Reynaud\" \/>\n<meta name=\"twitter:card\" content=\"summary_large_image\" \/>\n<meta name=\"twitter:creator\" content=\"@fbdm_mtl\" \/>\n<meta name=\"twitter:site\" content=\"@fbdm_mtl\" \/>\n<meta name=\"twitter:label1\" content=\"Written by\" \/>\n\t<meta name=\"twitter:data1\" content=\"Virginie Mont-Reynaud\" \/>\n\t<meta name=\"twitter:label2\" content=\"Est. reading time\" \/>\n\t<meta name=\"twitter:data2\" content=\"9 minutes\" \/>\n<script type=\"application\/ld+json\" class=\"yoast-schema-graph\">{\"@context\":\"https:\\\/\\\/schema.org\",\"@graph\":[{\"@type\":\"Article\",\"@id\":\"https:\\\/\\\/www.fbdm-mcaf.ca\\\/en\\\/univers-bd\\\/babillard\\\/press-releases\\\/les-21e-prix-bedelys-ont-leurs-laureats\\\/#article\",\"isPartOf\":{\"@id\":\"https:\\\/\\\/www.fbdm-mcaf.ca\\\/en\\\/univers-bd\\\/babillard\\\/press-releases\\\/les-21e-prix-bedelys-ont-leurs-laureats\\\/\"},\"author\":{\"name\":\"Virginie Mont-Reynaud\",\"@id\":\"https:\\\/\\\/www.fbdm-mcaf.ca\\\/en\\\/#\\\/schema\\\/person\\\/d68db62b132aa2d4d1eeecc77412069c\"},\"headline\":\"The 21st B\u00e9d\u00e9lys Awards Have their Winners!\",\"datePublished\":\"2020-05-23T00:00:00+00:00\",\"dateModified\":\"2020-07-03T18:42:52+00:00\",\"mainEntityOfPage\":{\"@id\":\"https:\\\/\\\/www.fbdm-mcaf.ca\\\/en\\\/univers-bd\\\/babillard\\\/press-releases\\\/les-21e-prix-bedelys-ont-leurs-laureats\\\/\"},\"wordCount\":1859,\"image\":{\"@id\":\"https:\\\/\\\/www.fbdm-mcaf.ca\\\/en\\\/univers-bd\\\/babillard\\\/press-releases\\\/les-21e-prix-bedelys-ont-leurs-laureats\\\/#primaryimage\"},\"thumbnailUrl\":\"https:\\\/\\\/www.fbdm-mcaf.ca\\\/wp-content\\\/uploads\\\/FBDM-2020_Bedelys_Article_Troph\u00e9es_800x300.jpg\",\"articleSection\":[\"Press releases\"],\"inLanguage\":\"en-US\"},{\"@type\":\"WebPage\",\"@id\":\"https:\\\/\\\/www.fbdm-mcaf.ca\\\/en\\\/univers-bd\\\/babillard\\\/press-releases\\\/les-21e-prix-bedelys-ont-leurs-laureats\\\/\",\"url\":\"https:\\\/\\\/www.fbdm-mcaf.ca\\\/en\\\/univers-bd\\\/babillard\\\/press-releases\\\/les-21e-prix-bedelys-ont-leurs-laureats\\\/\",\"name\":\"The 21st B\u00e9d\u00e9lys Awards Have their Winners! &#8226; MCAF\",\"isPartOf\":{\"@id\":\"https:\\\/\\\/www.fbdm-mcaf.ca\\\/en\\\/#website\"},\"primaryImageOfPage\":{\"@id\":\"https:\\\/\\\/www.fbdm-mcaf.ca\\\/en\\\/univers-bd\\\/babillard\\\/press-releases\\\/les-21e-prix-bedelys-ont-leurs-laureats\\\/#primaryimage\"},\"image\":{\"@id\":\"https:\\\/\\\/www.fbdm-mcaf.ca\\\/en\\\/univers-bd\\\/babillard\\\/press-releases\\\/les-21e-prix-bedelys-ont-leurs-laureats\\\/#primaryimage\"},\"thumbnailUrl\":\"https:\\\/\\\/www.fbdm-mcaf.ca\\\/wp-content\\\/uploads\\\/FBDM-2020_Bedelys_Article_Troph\u00e9es_800x300.jpg\",\"datePublished\":\"2020-05-23T00:00:00+00:00\",\"dateModified\":\"2020-07-03T18:42:52+00:00\",\"author\":{\"@id\":\"https:\\\/\\\/www.fbdm-mcaf.ca\\\/en\\\/#\\\/schema\\\/person\\\/d68db62b132aa2d4d1eeecc77412069c\"},\"breadcrumb\":{\"@id\":\"https:\\\/\\\/www.fbdm-mcaf.ca\\\/en\\\/univers-bd\\\/babillard\\\/press-releases\\\/les-21e-prix-bedelys-ont-leurs-laureats\\\/#breadcrumb\"},\"inLanguage\":\"en-US\",\"potentialAction\":[{\"@type\":\"ReadAction\",\"target\":[\"https:\\\/\\\/www.fbdm-mcaf.ca\\\/en\\\/univers-bd\\\/babillard\\\/press-releases\\\/les-21e-prix-bedelys-ont-leurs-laureats\\\/\"]}]},{\"@type\":\"ImageObject\",\"inLanguage\":\"en-US\",\"@id\":\"https:\\\/\\\/www.fbdm-mcaf.ca\\\/en\\\/univers-bd\\\/babillard\\\/press-releases\\\/les-21e-prix-bedelys-ont-leurs-laureats\\\/#primaryimage\",\"url\":\"https:\\\/\\\/www.fbdm-mcaf.ca\\\/wp-content\\\/uploads\\\/FBDM-2020_Bedelys_Article_Troph\u00e9es_800x300.jpg\",\"contentUrl\":\"https:\\\/\\\/www.fbdm-mcaf.ca\\\/wp-content\\\/uploads\\\/FBDM-2020_Bedelys_Article_Troph\u00e9es_800x300.jpg\",\"width\":800,\"height\":300},{\"@type\":\"BreadcrumbList\",\"@id\":\"https:\\\/\\\/www.fbdm-mcaf.ca\\\/en\\\/univers-bd\\\/babillard\\\/press-releases\\\/les-21e-prix-bedelys-ont-leurs-laureats\\\/#breadcrumb\",\"itemListElement\":[{\"@type\":\"ListItem\",\"position\":1,\"name\":\"Home\",\"item\":\"https:\\\/\\\/www.fbdm-mcaf.ca\\\/en\\\/\"},{\"@type\":\"ListItem\",\"position\":2,\"name\":\"The 21st B\u00e9d\u00e9lys Awards Have their Winners!\"}]},{\"@type\":\"WebSite\",\"@id\":\"https:\\\/\\\/www.fbdm-mcaf.ca\\\/en\\\/#website\",\"url\":\"https:\\\/\\\/www.fbdm-mcaf.ca\\\/en\\\/\",\"name\":\"MCAF\",\"description\":\"Montreal Comic Arts Festival\",\"potentialAction\":[{\"@type\":\"SearchAction\",\"target\":{\"@type\":\"EntryPoint\",\"urlTemplate\":\"https:\\\/\\\/www.fbdm-mcaf.ca\\\/en\\\/?s={search_term_string}\"},\"query-input\":{\"@type\":\"PropertyValueSpecification\",\"valueRequired\":true,\"valueName\":\"search_term_string\"}}],\"inLanguage\":\"en-US\"},{\"@type\":\"Person\",\"@id\":\"https:\\\/\\\/www.fbdm-mcaf.ca\\\/en\\\/#\\\/schema\\\/person\\\/d68db62b132aa2d4d1eeecc77412069c\",\"name\":\"Virginie Mont-Reynaud\",\"image\":{\"@type\":\"ImageObject\",\"inLanguage\":\"en-US\",\"@id\":\"https:\\\/\\\/secure.gravatar.com\\\/avatar\\\/b74abeb947e38d7493fd65ed46cc9a2438693581c8a6b8d45d9a912f82901f14?s=96&d=mm&r=g\",\"url\":\"https:\\\/\\\/secure.gravatar.com\\\/avatar\\\/b74abeb947e38d7493fd65ed46cc9a2438693581c8a6b8d45d9a912f82901f14?s=96&d=mm&r=g\",\"contentUrl\":\"https:\\\/\\\/secure.gravatar.com\\\/avatar\\\/b74abeb947e38d7493fd65ed46cc9a2438693581c8a6b8d45d9a912f82901f14?s=96&d=mm&r=g\",\"caption\":\"Virginie Mont-Reynaud\"}}]}<\/script>\n<!-- \/ Yoast SEO plugin. -->","yoast_head_json":{"title":"The 21st B\u00e9d\u00e9lys Awards Have their Winners! &#8226; MCAF","robots":{"index":"index","follow":"follow","max-snippet":"max-snippet:-1","max-image-preview":"max-image-preview:large","max-video-preview":"max-video-preview:-1"},"canonical":"https:\/\/www.fbdm-mcaf.ca\/en\/univers-bd\/babillard\/press-releases\/les-21e-prix-bedelys-ont-leurs-laureats\/","og_locale":"en_US","og_type":"article","og_title":"The 21st B\u00e9d\u00e9lys Awards Have their Winners! &#8226; MCAF","og_description":"(May 22nd, 2020) We already knew the finalists for the B\u00e9d\u00e9lys Awards, it is now time to celebrate the winners! MCAF proudly announced the winners during a virtual evening, on May 22 at 7 pm.  The 21st B\u00e9d\u00e9lys Awards are marked by the incredible quality of the works presented,...Read more&nbsp;>","og_url":"https:\/\/www.fbdm-mcaf.ca\/en\/univers-bd\/babillard\/press-releases\/les-21e-prix-bedelys-ont-leurs-laureats\/","og_site_name":"MCAF","article_publisher":"https:\/\/www.facebook.com\/FestivalBDMontreal\/","article_published_time":"2020-05-23T00:00:00+00:00","article_modified_time":"2020-07-03T18:42:52+00:00","og_image":[{"width":800,"height":300,"url":"https:\/\/www.fbdm-mcaf.ca\/wp-content\/uploads\/FBDM-2020_Bedelys_Article_Troph\u00e9es_800x300.jpg","type":"image\/jpeg"}],"author":"Virginie Mont-Reynaud","twitter_card":"summary_large_image","twitter_creator":"@fbdm_mtl","twitter_site":"@fbdm_mtl","twitter_misc":{"Written by":"Virginie Mont-Reynaud","Est. reading time":"9 minutes"},"schema":{"@context":"https:\/\/schema.org","@graph":[{"@type":"Article","@id":"https:\/\/www.fbdm-mcaf.ca\/en\/univers-bd\/babillard\/press-releases\/les-21e-prix-bedelys-ont-leurs-laureats\/#article","isPartOf":{"@id":"https:\/\/www.fbdm-mcaf.ca\/en\/univers-bd\/babillard\/press-releases\/les-21e-prix-bedelys-ont-leurs-laureats\/"},"author":{"name":"Virginie Mont-Reynaud","@id":"https:\/\/www.fbdm-mcaf.ca\/en\/#\/schema\/person\/d68db62b132aa2d4d1eeecc77412069c"},"headline":"The 21st B\u00e9d\u00e9lys Awards Have their Winners!","datePublished":"2020-05-23T00:00:00+00:00","dateModified":"2020-07-03T18:42:52+00:00","mainEntityOfPage":{"@id":"https:\/\/www.fbdm-mcaf.ca\/en\/univers-bd\/babillard\/press-releases\/les-21e-prix-bedelys-ont-leurs-laureats\/"},"wordCount":1859,"image":{"@id":"https:\/\/www.fbdm-mcaf.ca\/en\/univers-bd\/babillard\/press-releases\/les-21e-prix-bedelys-ont-leurs-laureats\/#primaryimage"},"thumbnailUrl":"https:\/\/www.fbdm-mcaf.ca\/wp-content\/uploads\/FBDM-2020_Bedelys_Article_Troph\u00e9es_800x300.jpg","articleSection":["Press releases"],"inLanguage":"en-US"},{"@type":"WebPage","@id":"https:\/\/www.fbdm-mcaf.ca\/en\/univers-bd\/babillard\/press-releases\/les-21e-prix-bedelys-ont-leurs-laureats\/","url":"https:\/\/www.fbdm-mcaf.ca\/en\/univers-bd\/babillard\/press-releases\/les-21e-prix-bedelys-ont-leurs-laureats\/","name":"The 21st B\u00e9d\u00e9lys Awards Have their Winners! &#8226; MCAF","isPartOf":{"@id":"https:\/\/www.fbdm-mcaf.ca\/en\/#website"},"primaryImageOfPage":{"@id":"https:\/\/www.fbdm-mcaf.ca\/en\/univers-bd\/babillard\/press-releases\/les-21e-prix-bedelys-ont-leurs-laureats\/#primaryimage"},"image":{"@id":"https:\/\/www.fbdm-mcaf.ca\/en\/univers-bd\/babillard\/press-releases\/les-21e-prix-bedelys-ont-leurs-laureats\/#primaryimage"},"thumbnailUrl":"https:\/\/www.fbdm-mcaf.ca\/wp-content\/uploads\/FBDM-2020_Bedelys_Article_Troph\u00e9es_800x300.jpg","datePublished":"2020-05-23T00:00:00+00:00","dateModified":"2020-07-03T18:42:52+00:00","author":{"@id":"https:\/\/www.fbdm-mcaf.ca\/en\/#\/schema\/person\/d68db62b132aa2d4d1eeecc77412069c"},"breadcrumb":{"@id":"https:\/\/www.fbdm-mcaf.ca\/en\/univers-bd\/babillard\/press-releases\/les-21e-prix-bedelys-ont-leurs-laureats\/#breadcrumb"},"inLanguage":"en-US","potentialAction":[{"@type":"ReadAction","target":["https:\/\/www.fbdm-mcaf.ca\/en\/univers-bd\/babillard\/press-releases\/les-21e-prix-bedelys-ont-leurs-laureats\/"]}]},{"@type":"ImageObject","inLanguage":"en-US","@id":"https:\/\/www.fbdm-mcaf.ca\/en\/univers-bd\/babillard\/press-releases\/les-21e-prix-bedelys-ont-leurs-laureats\/#primaryimage","url":"https:\/\/www.fbdm-mcaf.ca\/wp-content\/uploads\/FBDM-2020_Bedelys_Article_Troph\u00e9es_800x300.jpg","contentUrl":"https:\/\/www.fbdm-mcaf.ca\/wp-content\/uploads\/FBDM-2020_Bedelys_Article_Troph\u00e9es_800x300.jpg","width":800,"height":300},{"@type":"BreadcrumbList","@id":"https:\/\/www.fbdm-mcaf.ca\/en\/univers-bd\/babillard\/press-releases\/les-21e-prix-bedelys-ont-leurs-laureats\/#breadcrumb","itemListElement":[{"@type":"ListItem","position":1,"name":"Home","item":"https:\/\/www.fbdm-mcaf.ca\/en\/"},{"@type":"ListItem","position":2,"name":"The 21st B\u00e9d\u00e9lys Awards Have their Winners!"}]},{"@type":"WebSite","@id":"https:\/\/www.fbdm-mcaf.ca\/en\/#website","url":"https:\/\/www.fbdm-mcaf.ca\/en\/","name":"MCAF","description":"Montreal Comic Arts Festival","potentialAction":[{"@type":"SearchAction","target":{"@type":"EntryPoint","urlTemplate":"https:\/\/www.fbdm-mcaf.ca\/en\/?s={search_term_string}"},"query-input":{"@type":"PropertyValueSpecification","valueRequired":true,"valueName":"search_term_string"}}],"inLanguage":"en-US"},{"@type":"Person","@id":"https:\/\/www.fbdm-mcaf.ca\/en\/#\/schema\/person\/d68db62b132aa2d4d1eeecc77412069c","name":"Virginie Mont-Reynaud","image":{"@type":"ImageObject","inLanguage":"en-US","@id":"https:\/\/secure.gravatar.com\/avatar\/b74abeb947e38d7493fd65ed46cc9a2438693581c8a6b8d45d9a912f82901f14?s=96&d=mm&r=g","url":"https:\/\/secure.gravatar.com\/avatar\/b74abeb947e38d7493fd65ed46cc9a2438693581c8a6b8d45d9a912f82901f14?s=96&d=mm&r=g","contentUrl":"https:\/\/secure.gravatar.com\/avatar\/b74abeb947e38d7493fd65ed46cc9a2438693581c8a6b8d45d9a912f82901f14?s=96&d=mm&r=g","caption":"Virginie Mont-Reynaud"}}]}},"_links":{"self":[{"href":"https:\/\/www.fbdm-mcaf.ca\/en\/wp-json\/wp\/v2\/posts\/23548","targetHints":{"allow":["GET"]}}],"collection":[{"href":"https:\/\/www.fbdm-mcaf.ca\/en\/wp-json\/wp\/v2\/posts"}],"about":[{"href":"https:\/\/www.fbdm-mcaf.ca\/en\/wp-json\/wp\/v2\/types\/post"}],"author":[{"embeddable":true,"href":"https:\/\/www.fbdm-mcaf.ca\/en\/wp-json\/wp\/v2\/users\/2"}],"replies":[{"embeddable":true,"href":"https:\/\/www.fbdm-mcaf.ca\/en\/wp-json\/wp\/v2\/comments?post=23548"}],"version-history":[{"count":2,"href":"https:\/\/www.fbdm-mcaf.ca\/en\/wp-json\/wp\/v2\/posts\/23548\/revisions"}],"predecessor-version":[{"id":23851,"href":"https:\/\/www.fbdm-mcaf.ca\/en\/wp-json\/wp\/v2\/posts\/23548\/revisions\/23851"}],"wp:featuredmedia":[{"embeddable":true,"href":"https:\/\/www.fbdm-mcaf.ca\/en\/wp-json\/wp\/v2\/media\/23545"}],"wp:attachment":[{"href":"https:\/\/www.fbdm-mcaf.ca\/en\/wp-json\/wp\/v2\/media?parent=23548"}],"wp:term":[{"taxonomy":"category","embeddable":true,"href":"https:\/\/www.fbdm-mcaf.ca\/en\/wp-json\/wp\/v2\/categories?post=23548"},{"taxonomy":"post_tag","embeddable":true,"href":"https:\/\/www.fbdm-mcaf.ca\/en\/wp-json\/wp\/v2\/tags?post=23548"}],"curies":[{"name":"wp","href":"https:\/\/api.w.org\/{rel}","templated":true}]}}