{"id":17650,"date":"2019-04-04T11:30:33","date_gmt":"2019-04-04T15:30:33","guid":{"rendered":"https:\/\/www.fbdm-montreal.ca\/?p=16299"},"modified":"2019-04-23T16:26:45","modified_gmt":"2019-04-23T20:26:45","slug":"le-festival-bd-de-montreal-prend-en-charge-les-prix-bedelys","status":"publish","type":"post","link":"https:\/\/www.fbdm-mcaf.ca\/en\/univers-bd\/babillard\/press-releases\/le-festival-bd-de-montreal-prend-en-charge-les-prix-bedelys\/","title":{"rendered":"Montreal Comic Arts Festival takes charge of the B\u00e9d\u00e9lys Awards"},"content":{"rendered":"\n<p><strong>(Montreal, April 4 2019)<\/strong> The organizers of Promo 9<sup>e<\/sup> Art and the Montreal Comic Arts Festival are pleased to announce that the Festival is officially taking charge of the management and presentation of the prestigious B\u00e9d\u00e9lys Awards. The winners of the 2018 B\u00e9d\u00e9lys Awards will be unveiled at the opening cocktail hour of the 8th annual Montreal Comic Arts Festival, beginning at 7 pm on Friday May 24th, at the Espace La Fontaine in Montreal.<br><\/p>\n\n\n\n<p>This announcement follows the decision of the management of Promo 9<sup>e<\/sup> Art to dissolve the organization and to pass on its activities to MCAF, including the running of the B\u00e9d\u00e9lys. <\/p>\n\n\n\n<blockquote class=\"wp-block-quote is-layout-flow wp-block-quote-is-layout-flow\"><p>We wanted to be sure to hand over the B\u00e9d\u00e9lys to an organization whose mandate and values were in line with our own. Furthermore, we believe that the ongoing growth of the Festival as well as its proven organizational stability will allow the B\u00e9d\u00e9lys Awards to achieve their full potential. This was, in our opinion, a necessary transition.<br><\/p><cite> Explains Florence Grenier-Ch\u00e9nier, President of Promo 9<sup>e<\/sup> Art. <\/cite><\/blockquote>\n\n\n\n<p>The 20th edition of the B\u00e9d\u00e9lys Awards will highlight distinguished comic books that were published in the 2018 calendar year. These awards are presented in four categories:<\/p>\n\n\n\n<ul class=\"wp-block-list\"><li><strong>B\u00e9d\u00e9lys Qu\u00e9bec<\/strong>&nbsp;: The best comic book created and published in Quebec<\/li><li><strong>B\u00e9d\u00e9lys Ind\u00e9pendant<\/strong>&nbsp;: The best self-published, French-language comic created in Quebec<\/li><li><strong>B\u00e9d\u00e9lys Monde<\/strong>: The best international comic published in French outside of Quebec<\/li><li><strong>B\u00e9d\u00e9lys Jeunesse<\/strong>&nbsp;: The best comic book published in Quebec for an audience of 7 to 12 years of age<\/li><\/ul>\n\n\n\n<blockquote class=\"wp-block-quote is-layout-flow wp-block-quote-is-layout-flow\"><p>It is with great enthusiasm that the Montreal Comic Arts Festival takes over the reins of the B\u00e9d\u00e9lys Awards from Promo 9<sup>e<\/sup> Art. We believe that this award represents a powerful tool for the promotion and dissemination of the comic arts, and integrates perfectly with the Festival&#8217;s existing mission.<br><\/p><cite> Adds Louise Guillemette-Labory, Chairperson of MCAF. <\/cite><\/blockquote>\n\n\n\n<h4 class=\"wp-block-heading\"><strong>About MCAF\/FBDM<\/strong><\/h4>\n\n\n\n<p>Founded in 2011, MCAF (Montreal Comic Arts Festival) is a bilingual organization with a mission to be a leading platform for the comic arts in Quebec and beyond, to broaden public knowledge of and engagement with the comic arts, and to promote cultural exchanges and interactions between creators, readers, and the public at large. Each year MCAF puts on a wide range of roundtable discussions, workshops, expositions, readings, and interviews with creators, allowing visitors to better understand and appreciate the multiple facets of the comic arts. The 2019 edition of the Festival will be held from May 24-26 in Park La Fontaine, and is a free, eco-friendly, and biling ual event that is open to all. <br><\/p>\n\n\n\n<h4 class=\"wp-block-heading\"><strong>About Promo 9<\/strong><strong><sup>e<\/sup><\/strong><strong> Art<\/strong><\/h4>\n\n\n\n<p>Founded in 1999, Promo 9<sup>e<\/sup> Art\u2019s mission is to promote the development of comic arts in Quebec, in particular <em>bande dessin\u00e9e qu\u00e9b\u00e9coise<\/em>, with the aim of fostering synergy amongst the community\u2019s various stakeholders. The organization was the creator of the B\u00e9d\u00e9lys Awards, celebrating its 20th anniversary in 2019. <br><\/p>\n\n\n\n<p style=\"text-align:center\">-30- <\/p>\n\n\n\n<h4 class=\"wp-block-heading\"><strong>Further information<\/strong>:<\/h4>\n\n\n\n<div class=\"wp-block-columns has-2-columns is-layout-flex wp-container-core-columns-is-layout-9d6595d7 wp-block-columns-is-layout-flex\">\n<div class=\"wp-block-column is-layout-flow wp-block-column-is-layout-flow\">\n<p><strong>Montreal Comic Arts Festival<\/strong>  <br>Chantale Baar  <br>Public Relations <br>(514) 992-6463 <br><a href=\"mailto:chantale.baar@fbdm-montreal.ca\">chantale.baar@fbdm-montreal.ca<\/a> <\/p>\n<\/div>\n\n\n\n<div class=\"wp-block-column is-layout-flow wp-block-column-is-layout-flow\">\n<p><strong>Promo 9<\/strong><sup><strong>e<\/strong><\/sup><strong> Art <\/strong><br>Florence Grenier-Ch\u00e9nier<br>President<br>(514) 796-1800 <br><a href=\"mailto:promo9eart@gmail.com\">promo9eart@gmail.com<\/a>  <\/p>\n<\/div>\n<\/div>\n","protected":false},"excerpt":{"rendered":"<p class=\"post-excerpt\">\n<p><strong>(Montreal, April 4 2019)<\/strong> The organizers of Promo 9e Art and the Montreal Comic Arts Festival are pleased to announce that the Festival is officially taking charge of the management and presentation of the prestigious B\u00e9d\u00e9lys Awards. The winners of the 2018 B\u00e9d\u00e9lys Awards will be unveiled at the opening cocktail hour of the 8th annual Montreal Comic Arts Festival,<\/p>\n<p>&#8230;<\/p>\n<p><a class=\"post-learn-more\" href=\"https:\/\/www.fbdm-mcaf.ca\/en\/univers-bd\/babillard\/press-releases\/le-festival-bd-de-montreal-prend-en-charge-les-prix-bedelys\/\">Read more<span>&nbsp;><\/span><\/a><\/p><\/p>\n","protected":false},"author":2,"featured_media":17815,"comment_status":"closed","ping_status":"closed","sticky":false,"template":"","format":"standard","meta":{"_acf_changed":false,"_price":"","_stock":"","_tribe_ticket_header":"","_tribe_default_ticket_provider":"","_tribe_ticket_capacity":"0","_ticket_start_date":"","_ticket_end_date":"","_tribe_ticket_show_description":"","_tribe_ticket_show_not_going":false,"_tribe_ticket_use_global_stock":"","_tribe_ticket_global_stock_level":"","_global_stock_mode":"","_global_stock_cap":"","_tribe_rsvp_for_event":"","_tribe_ticket_going_count":"","_tribe_ticket_not_going_count":"","_tribe_tickets_list":"[]","_tribe_ticket_has_attendee_info_fields":false,"footnotes":""},"categories":[97],"tags":[],"class_list":["post-17650","post","type-post","status-publish","format-standard","has-post-thumbnail","hentry","category-press-releases"],"acf":[],"yoast_head":"<!-- This site is optimized with the Yoast SEO plugin v27.4 - https:\/\/yoast.com\/product\/yoast-seo-wordpress\/ -->\n<title>Montreal Comic Arts Festival takes charge of the B\u00e9d\u00e9lys Awards &#8226; MCAF<\/title>\n<meta name=\"robots\" content=\"index, follow, max-snippet:-1, max-image-preview:large, max-video-preview:-1\" \/>\n<link rel=\"canonical\" href=\"https:\/\/www.fbdm-mcaf.ca\/en\/univers-bd\/babillard\/press-releases\/le-festival-bd-de-montreal-prend-en-charge-les-prix-bedelys\/\" \/>\n<meta property=\"og:locale\" content=\"en_US\" \/>\n<meta property=\"og:type\" content=\"article\" \/>\n<meta property=\"og:title\" content=\"Montreal Comic Arts Festival takes charge of the B\u00e9d\u00e9lys Awards &#8226; MCAF\" \/>\n<meta property=\"og:description\" content=\"(Montreal, April 4 2019) The organizers of Promo 9e Art and the Montreal Comic Arts Festival are pleased to announce that the Festival is officially taking charge of the management and presentation of the prestigious B\u00e9d\u00e9lys Awards. The winners of the 2018 B\u00e9d\u00e9lys Awards will be unveiled at the opening cocktail hour of the 8th annual Montreal Comic Arts Festival,...Read more&nbsp;&gt;\" \/>\n<meta property=\"og:url\" content=\"https:\/\/www.fbdm-mcaf.ca\/en\/univers-bd\/babillard\/press-releases\/le-festival-bd-de-montreal-prend-en-charge-les-prix-bedelys\/\" \/>\n<meta property=\"og:site_name\" content=\"MCAF\" \/>\n<meta property=\"article:publisher\" content=\"https:\/\/www.facebook.com\/FestivalBDMontreal\/\" \/>\n<meta property=\"article:published_time\" content=\"2019-04-04T15:30:33+00:00\" \/>\n<meta property=\"article:modified_time\" content=\"2019-04-23T20:26:45+00:00\" \/>\n<meta property=\"og:image\" content=\"https:\/\/www.fbdm-mcaf.ca\/wp-content\/uploads\/Bedelys_2017-e1555200444517.jpg\" \/>\n\t<meta property=\"og:image:width\" content=\"710\" \/>\n\t<meta property=\"og:image:height\" content=\"351\" \/>\n\t<meta property=\"og:image:type\" content=\"image\/jpeg\" \/>\n<meta name=\"author\" content=\"Virginie Mont-Reynaud\" \/>\n<meta name=\"twitter:card\" content=\"summary_large_image\" \/>\n<meta name=\"twitter:creator\" content=\"@fbdm_mtl\" \/>\n<meta name=\"twitter:site\" content=\"@fbdm_mtl\" \/>\n<meta name=\"twitter:label1\" content=\"Written by\" \/>\n\t<meta name=\"twitter:data1\" content=\"Virginie Mont-Reynaud\" \/>\n\t<meta name=\"twitter:label2\" content=\"Est. reading time\" \/>\n\t<meta name=\"twitter:data2\" content=\"3 minutes\" \/>\n<script type=\"application\/ld+json\" class=\"yoast-schema-graph\">{\"@context\":\"https:\\\/\\\/schema.org\",\"@graph\":[{\"@type\":\"Article\",\"@id\":\"https:\\\/\\\/www.fbdm-mcaf.ca\\\/en\\\/univers-bd\\\/babillard\\\/press-releases\\\/le-festival-bd-de-montreal-prend-en-charge-les-prix-bedelys\\\/#article\",\"isPartOf\":{\"@id\":\"https:\\\/\\\/www.fbdm-mcaf.ca\\\/en\\\/univers-bd\\\/babillard\\\/press-releases\\\/le-festival-bd-de-montreal-prend-en-charge-les-prix-bedelys\\\/\"},\"author\":{\"name\":\"Virginie Mont-Reynaud\",\"@id\":\"https:\\\/\\\/www.fbdm-mcaf.ca\\\/en\\\/#\\\/schema\\\/person\\\/d68db62b132aa2d4d1eeecc77412069c\"},\"headline\":\"Montreal Comic Arts Festival takes charge of the B\u00e9d\u00e9lys Awards\",\"datePublished\":\"2019-04-04T15:30:33+00:00\",\"dateModified\":\"2019-04-23T20:26:45+00:00\",\"mainEntityOfPage\":{\"@id\":\"https:\\\/\\\/www.fbdm-mcaf.ca\\\/en\\\/univers-bd\\\/babillard\\\/press-releases\\\/le-festival-bd-de-montreal-prend-en-charge-les-prix-bedelys\\\/\"},\"wordCount\":541,\"image\":{\"@id\":\"https:\\\/\\\/www.fbdm-mcaf.ca\\\/en\\\/univers-bd\\\/babillard\\\/press-releases\\\/le-festival-bd-de-montreal-prend-en-charge-les-prix-bedelys\\\/#primaryimage\"},\"thumbnailUrl\":\"https:\\\/\\\/www.fbdm-mcaf.ca\\\/wp-content\\\/uploads\\\/Bedelys_2017-e1555200444517.jpg\",\"articleSection\":[\"Press releases\"],\"inLanguage\":\"en-US\"},{\"@type\":\"WebPage\",\"@id\":\"https:\\\/\\\/www.fbdm-mcaf.ca\\\/en\\\/univers-bd\\\/babillard\\\/press-releases\\\/le-festival-bd-de-montreal-prend-en-charge-les-prix-bedelys\\\/\",\"url\":\"https:\\\/\\\/www.fbdm-mcaf.ca\\\/en\\\/univers-bd\\\/babillard\\\/press-releases\\\/le-festival-bd-de-montreal-prend-en-charge-les-prix-bedelys\\\/\",\"name\":\"Montreal Comic Arts Festival takes charge of the B\u00e9d\u00e9lys Awards &#8226; MCAF\",\"isPartOf\":{\"@id\":\"https:\\\/\\\/www.fbdm-mcaf.ca\\\/en\\\/#website\"},\"primaryImageOfPage\":{\"@id\":\"https:\\\/\\\/www.fbdm-mcaf.ca\\\/en\\\/univers-bd\\\/babillard\\\/press-releases\\\/le-festival-bd-de-montreal-prend-en-charge-les-prix-bedelys\\\/#primaryimage\"},\"image\":{\"@id\":\"https:\\\/\\\/www.fbdm-mcaf.ca\\\/en\\\/univers-bd\\\/babillard\\\/press-releases\\\/le-festival-bd-de-montreal-prend-en-charge-les-prix-bedelys\\\/#primaryimage\"},\"thumbnailUrl\":\"https:\\\/\\\/www.fbdm-mcaf.ca\\\/wp-content\\\/uploads\\\/Bedelys_2017-e1555200444517.jpg\",\"datePublished\":\"2019-04-04T15:30:33+00:00\",\"dateModified\":\"2019-04-23T20:26:45+00:00\",\"author\":{\"@id\":\"https:\\\/\\\/www.fbdm-mcaf.ca\\\/en\\\/#\\\/schema\\\/person\\\/d68db62b132aa2d4d1eeecc77412069c\"},\"breadcrumb\":{\"@id\":\"https:\\\/\\\/www.fbdm-mcaf.ca\\\/en\\\/univers-bd\\\/babillard\\\/press-releases\\\/le-festival-bd-de-montreal-prend-en-charge-les-prix-bedelys\\\/#breadcrumb\"},\"inLanguage\":\"en-US\",\"potentialAction\":[{\"@type\":\"ReadAction\",\"target\":[\"https:\\\/\\\/www.fbdm-mcaf.ca\\\/en\\\/univers-bd\\\/babillard\\\/press-releases\\\/le-festival-bd-de-montreal-prend-en-charge-les-prix-bedelys\\\/\"]}]},{\"@type\":\"ImageObject\",\"inLanguage\":\"en-US\",\"@id\":\"https:\\\/\\\/www.fbdm-mcaf.ca\\\/en\\\/univers-bd\\\/babillard\\\/press-releases\\\/le-festival-bd-de-montreal-prend-en-charge-les-prix-bedelys\\\/#primaryimage\",\"url\":\"https:\\\/\\\/www.fbdm-mcaf.ca\\\/wp-content\\\/uploads\\\/Bedelys_2017-e1555200444517.jpg\",\"contentUrl\":\"https:\\\/\\\/www.fbdm-mcaf.ca\\\/wp-content\\\/uploads\\\/Bedelys_2017-e1555200444517.jpg\",\"width\":710,\"height\":351},{\"@type\":\"BreadcrumbList\",\"@id\":\"https:\\\/\\\/www.fbdm-mcaf.ca\\\/en\\\/univers-bd\\\/babillard\\\/press-releases\\\/le-festival-bd-de-montreal-prend-en-charge-les-prix-bedelys\\\/#breadcrumb\",\"itemListElement\":[{\"@type\":\"ListItem\",\"position\":1,\"name\":\"Home\",\"item\":\"https:\\\/\\\/www.fbdm-mcaf.ca\\\/en\\\/\"},{\"@type\":\"ListItem\",\"position\":2,\"name\":\"Montreal Comic Arts Festival takes charge of the B\u00e9d\u00e9lys Awards\"}]},{\"@type\":\"WebSite\",\"@id\":\"https:\\\/\\\/www.fbdm-mcaf.ca\\\/en\\\/#website\",\"url\":\"https:\\\/\\\/www.fbdm-mcaf.ca\\\/en\\\/\",\"name\":\"MCAF\",\"description\":\"Montreal Comic Arts Festival\",\"potentialAction\":[{\"@type\":\"SearchAction\",\"target\":{\"@type\":\"EntryPoint\",\"urlTemplate\":\"https:\\\/\\\/www.fbdm-mcaf.ca\\\/en\\\/?s={search_term_string}\"},\"query-input\":{\"@type\":\"PropertyValueSpecification\",\"valueRequired\":true,\"valueName\":\"search_term_string\"}}],\"inLanguage\":\"en-US\"},{\"@type\":\"Person\",\"@id\":\"https:\\\/\\\/www.fbdm-mcaf.ca\\\/en\\\/#\\\/schema\\\/person\\\/d68db62b132aa2d4d1eeecc77412069c\",\"name\":\"Virginie Mont-Reynaud\",\"image\":{\"@type\":\"ImageObject\",\"inLanguage\":\"en-US\",\"@id\":\"https:\\\/\\\/secure.gravatar.com\\\/avatar\\\/b74abeb947e38d7493fd65ed46cc9a2438693581c8a6b8d45d9a912f82901f14?s=96&d=mm&r=g\",\"url\":\"https:\\\/\\\/secure.gravatar.com\\\/avatar\\\/b74abeb947e38d7493fd65ed46cc9a2438693581c8a6b8d45d9a912f82901f14?s=96&d=mm&r=g\",\"contentUrl\":\"https:\\\/\\\/secure.gravatar.com\\\/avatar\\\/b74abeb947e38d7493fd65ed46cc9a2438693581c8a6b8d45d9a912f82901f14?s=96&d=mm&r=g\",\"caption\":\"Virginie Mont-Reynaud\"}}]}<\/script>\n<!-- \/ Yoast SEO plugin. -->","yoast_head_json":{"title":"Montreal Comic Arts Festival takes charge of the B\u00e9d\u00e9lys Awards &#8226; MCAF","robots":{"index":"index","follow":"follow","max-snippet":"max-snippet:-1","max-image-preview":"max-image-preview:large","max-video-preview":"max-video-preview:-1"},"canonical":"https:\/\/www.fbdm-mcaf.ca\/en\/univers-bd\/babillard\/press-releases\/le-festival-bd-de-montreal-prend-en-charge-les-prix-bedelys\/","og_locale":"en_US","og_type":"article","og_title":"Montreal Comic Arts Festival takes charge of the B\u00e9d\u00e9lys Awards &#8226; MCAF","og_description":"(Montreal, April 4 2019) The organizers of Promo 9e Art and the Montreal Comic Arts Festival are pleased to announce that the Festival is officially taking charge of the management and presentation of the prestigious B\u00e9d\u00e9lys Awards. The winners of the 2018 B\u00e9d\u00e9lys Awards will be unveiled at the opening cocktail hour of the 8th annual Montreal Comic Arts Festival,...Read more&nbsp;>","og_url":"https:\/\/www.fbdm-mcaf.ca\/en\/univers-bd\/babillard\/press-releases\/le-festival-bd-de-montreal-prend-en-charge-les-prix-bedelys\/","og_site_name":"MCAF","article_publisher":"https:\/\/www.facebook.com\/FestivalBDMontreal\/","article_published_time":"2019-04-04T15:30:33+00:00","article_modified_time":"2019-04-23T20:26:45+00:00","og_image":[{"width":710,"height":351,"url":"https:\/\/www.fbdm-mcaf.ca\/wp-content\/uploads\/Bedelys_2017-e1555200444517.jpg","type":"image\/jpeg"}],"author":"Virginie Mont-Reynaud","twitter_card":"summary_large_image","twitter_creator":"@fbdm_mtl","twitter_site":"@fbdm_mtl","twitter_misc":{"Written by":"Virginie Mont-Reynaud","Est. reading time":"3 minutes"},"schema":{"@context":"https:\/\/schema.org","@graph":[{"@type":"Article","@id":"https:\/\/www.fbdm-mcaf.ca\/en\/univers-bd\/babillard\/press-releases\/le-festival-bd-de-montreal-prend-en-charge-les-prix-bedelys\/#article","isPartOf":{"@id":"https:\/\/www.fbdm-mcaf.ca\/en\/univers-bd\/babillard\/press-releases\/le-festival-bd-de-montreal-prend-en-charge-les-prix-bedelys\/"},"author":{"name":"Virginie Mont-Reynaud","@id":"https:\/\/www.fbdm-mcaf.ca\/en\/#\/schema\/person\/d68db62b132aa2d4d1eeecc77412069c"},"headline":"Montreal Comic Arts Festival takes charge of the B\u00e9d\u00e9lys Awards","datePublished":"2019-04-04T15:30:33+00:00","dateModified":"2019-04-23T20:26:45+00:00","mainEntityOfPage":{"@id":"https:\/\/www.fbdm-mcaf.ca\/en\/univers-bd\/babillard\/press-releases\/le-festival-bd-de-montreal-prend-en-charge-les-prix-bedelys\/"},"wordCount":541,"image":{"@id":"https:\/\/www.fbdm-mcaf.ca\/en\/univers-bd\/babillard\/press-releases\/le-festival-bd-de-montreal-prend-en-charge-les-prix-bedelys\/#primaryimage"},"thumbnailUrl":"https:\/\/www.fbdm-mcaf.ca\/wp-content\/uploads\/Bedelys_2017-e1555200444517.jpg","articleSection":["Press releases"],"inLanguage":"en-US"},{"@type":"WebPage","@id":"https:\/\/www.fbdm-mcaf.ca\/en\/univers-bd\/babillard\/press-releases\/le-festival-bd-de-montreal-prend-en-charge-les-prix-bedelys\/","url":"https:\/\/www.fbdm-mcaf.ca\/en\/univers-bd\/babillard\/press-releases\/le-festival-bd-de-montreal-prend-en-charge-les-prix-bedelys\/","name":"Montreal Comic Arts Festival takes charge of the B\u00e9d\u00e9lys Awards &#8226; MCAF","isPartOf":{"@id":"https:\/\/www.fbdm-mcaf.ca\/en\/#website"},"primaryImageOfPage":{"@id":"https:\/\/www.fbdm-mcaf.ca\/en\/univers-bd\/babillard\/press-releases\/le-festival-bd-de-montreal-prend-en-charge-les-prix-bedelys\/#primaryimage"},"image":{"@id":"https:\/\/www.fbdm-mcaf.ca\/en\/univers-bd\/babillard\/press-releases\/le-festival-bd-de-montreal-prend-en-charge-les-prix-bedelys\/#primaryimage"},"thumbnailUrl":"https:\/\/www.fbdm-mcaf.ca\/wp-content\/uploads\/Bedelys_2017-e1555200444517.jpg","datePublished":"2019-04-04T15:30:33+00:00","dateModified":"2019-04-23T20:26:45+00:00","author":{"@id":"https:\/\/www.fbdm-mcaf.ca\/en\/#\/schema\/person\/d68db62b132aa2d4d1eeecc77412069c"},"breadcrumb":{"@id":"https:\/\/www.fbdm-mcaf.ca\/en\/univers-bd\/babillard\/press-releases\/le-festival-bd-de-montreal-prend-en-charge-les-prix-bedelys\/#breadcrumb"},"inLanguage":"en-US","potentialAction":[{"@type":"ReadAction","target":["https:\/\/www.fbdm-mcaf.ca\/en\/univers-bd\/babillard\/press-releases\/le-festival-bd-de-montreal-prend-en-charge-les-prix-bedelys\/"]}]},{"@type":"ImageObject","inLanguage":"en-US","@id":"https:\/\/www.fbdm-mcaf.ca\/en\/univers-bd\/babillard\/press-releases\/le-festival-bd-de-montreal-prend-en-charge-les-prix-bedelys\/#primaryimage","url":"https:\/\/www.fbdm-mcaf.ca\/wp-content\/uploads\/Bedelys_2017-e1555200444517.jpg","contentUrl":"https:\/\/www.fbdm-mcaf.ca\/wp-content\/uploads\/Bedelys_2017-e1555200444517.jpg","width":710,"height":351},{"@type":"BreadcrumbList","@id":"https:\/\/www.fbdm-mcaf.ca\/en\/univers-bd\/babillard\/press-releases\/le-festival-bd-de-montreal-prend-en-charge-les-prix-bedelys\/#breadcrumb","itemListElement":[{"@type":"ListItem","position":1,"name":"Home","item":"https:\/\/www.fbdm-mcaf.ca\/en\/"},{"@type":"ListItem","position":2,"name":"Montreal Comic Arts Festival takes charge of the B\u00e9d\u00e9lys Awards"}]},{"@type":"WebSite","@id":"https:\/\/www.fbdm-mcaf.ca\/en\/#website","url":"https:\/\/www.fbdm-mcaf.ca\/en\/","name":"MCAF","description":"Montreal Comic Arts Festival","potentialAction":[{"@type":"SearchAction","target":{"@type":"EntryPoint","urlTemplate":"https:\/\/www.fbdm-mcaf.ca\/en\/?s={search_term_string}"},"query-input":{"@type":"PropertyValueSpecification","valueRequired":true,"valueName":"search_term_string"}}],"inLanguage":"en-US"},{"@type":"Person","@id":"https:\/\/www.fbdm-mcaf.ca\/en\/#\/schema\/person\/d68db62b132aa2d4d1eeecc77412069c","name":"Virginie Mont-Reynaud","image":{"@type":"ImageObject","inLanguage":"en-US","@id":"https:\/\/secure.gravatar.com\/avatar\/b74abeb947e38d7493fd65ed46cc9a2438693581c8a6b8d45d9a912f82901f14?s=96&d=mm&r=g","url":"https:\/\/secure.gravatar.com\/avatar\/b74abeb947e38d7493fd65ed46cc9a2438693581c8a6b8d45d9a912f82901f14?s=96&d=mm&r=g","contentUrl":"https:\/\/secure.gravatar.com\/avatar\/b74abeb947e38d7493fd65ed46cc9a2438693581c8a6b8d45d9a912f82901f14?s=96&d=mm&r=g","caption":"Virginie Mont-Reynaud"}}]}},"_links":{"self":[{"href":"https:\/\/www.fbdm-mcaf.ca\/en\/wp-json\/wp\/v2\/posts\/17650","targetHints":{"allow":["GET"]}}],"collection":[{"href":"https:\/\/www.fbdm-mcaf.ca\/en\/wp-json\/wp\/v2\/posts"}],"about":[{"href":"https:\/\/www.fbdm-mcaf.ca\/en\/wp-json\/wp\/v2\/types\/post"}],"author":[{"embeddable":true,"href":"https:\/\/www.fbdm-mcaf.ca\/en\/wp-json\/wp\/v2\/users\/2"}],"replies":[{"embeddable":true,"href":"https:\/\/www.fbdm-mcaf.ca\/en\/wp-json\/wp\/v2\/comments?post=17650"}],"version-history":[{"count":5,"href":"https:\/\/www.fbdm-mcaf.ca\/en\/wp-json\/wp\/v2\/posts\/17650\/revisions"}],"predecessor-version":[{"id":18843,"href":"https:\/\/www.fbdm-mcaf.ca\/en\/wp-json\/wp\/v2\/posts\/17650\/revisions\/18843"}],"wp:featuredmedia":[{"embeddable":true,"href":"https:\/\/www.fbdm-mcaf.ca\/en\/wp-json\/wp\/v2\/media\/17815"}],"wp:attachment":[{"href":"https:\/\/www.fbdm-mcaf.ca\/en\/wp-json\/wp\/v2\/media?parent=17650"}],"wp:term":[{"taxonomy":"category","embeddable":true,"href":"https:\/\/www.fbdm-mcaf.ca\/en\/wp-json\/wp\/v2\/categories?post=17650"},{"taxonomy":"post_tag","embeddable":true,"href":"https:\/\/www.fbdm-mcaf.ca\/en\/wp-json\/wp\/v2\/tags?post=17650"}],"curies":[{"name":"wp","href":"https:\/\/api.w.org\/{rel}","templated":true}]}}